{"id":3418,"date":"2026-03-10T10:37:36","date_gmt":"2026-03-10T10:37:36","guid":{"rendered":"https:\/\/www.fundacioncuidarycurar.org\/webfcyc\/?p=3418"},"modified":"2026-03-10T10:37:36","modified_gmt":"2026-03-10T10:37:36","slug":"fundacion-cuidar-y-curar-participa-en-dos-jornadas-formativas-sobre-atencion-a-la-soledad-no-deseada-y-vida-activa","status":"publish","type":"post","link":"https:\/\/www.fundacioncuidarycurar.org\/webfcyc\/2026\/03\/10\/fundacion-cuidar-y-curar-participa-en-dos-jornadas-formativas-sobre-atencion-a-la-soledad-no-deseada-y-vida-activa\/","title":{"rendered":"Fundaci\u00f3n Cuidar y Curar participa en dos jornadas formativas sobre atenci\u00f3n a la soledad no deseada y vida activa"},"content":{"rendered":"<div id=\"pl-3418\"  class=\"panel-layout\" ><div id=\"pg-3418-0\"  class=\"panel-grid panel-has-style\" ><div style=\"padding: 0px 0; \" data-overlay=\"true\" data-overlay-color=\"#000000\" class=\"panel-row-style panel-row-style-for-3418-0\" ><div id=\"pgc-3418-0-0\"  class=\"panel-grid-cell\" ><div id=\"panel-3418-0-0-0\" class=\"so-panel widget widget_text panel-first-child panel-last-child\" data-index=\"0\" ><div style=\"text-align: left;\" data-title-color=\"#443f3f\" data-headings-color=\"#443f3f\" class=\"panel-widget-style panel-widget-style-for-3418-0-0-0\" >\t\t\t<div class=\"textwidget\"><p style=\"text-align: justify\">El pasado mes de febrero, profesionales de Fundaci\u00f3n Cuidar y Curar participaron en dos importantes jornadas organizadas por distintas entidades de la Junta de Andaluc\u00eda, centradas en el desarrollo de estrategias para promover una vida activa y abordar la soledad no deseada en personas mayores.<\/p>\n<p style=\"text-align: justify\">La primera de estas jornadas, titulada <em>\u201cEstrategia para una vida activa y atenci\u00f3n a la soledad en personas mayores\u201d<\/em>, se celebr\u00f3 en la sede del <strong>Instituto Andaluz de Administraci\u00f3n P\u00fablica (IAAP)<\/strong> en Sevilla. En representaci\u00f3n de la entidad asistieron Alicia, trabajadora social y Natalia, psic\u00f3loga.<\/p>\n<p style=\"text-align: justify\">El encuentro, promovido por la <strong>Consejer\u00eda de Inclusi\u00f3n Social, Juventud, Familias e Igualdad<\/strong>, reuni\u00f3 a profesionales del \u00e1mbito social, sanitario y comunitario con el prop\u00f3sito de intercambiar conocimientos, experiencias y propuestas de intervenci\u00f3n. Durante la jornada se desarrollaron dos ponencias, impartidas por Salud Quintanilla Mac\u00edas, enfermera especialista familiar y comunitaria y Juan L\u00f3pez Doblas, soci\u00f3logo investigador, centradas en la vida activa y el abordaje de la soledad no deseada. Asimismo, se generaron espacios de debates y grupos de trabajo destinados a reflexionar conjuntamente y construir respuestas comunitarias integrales frente a este desaf\u00edo social.<\/p>\n<p style=\"text-align: justify\">Posteriormente, el equipo ampli\u00f3 su formaci\u00f3n participando <strong>de forma online<\/strong> en la jornada <em>\u201cMunicipios que cuidan: respuestas locales ante la soledad no deseada\u201d<\/em>, organizada por la <strong>Red Local de Acci\u00f3n en Salud (RELAS)<\/strong>.<\/p>\n<p style=\"text-align: justify\">La sesi\u00f3n virtual ofreci\u00f3 un espacio de reflexi\u00f3n y aprendizaje a partir de experiencias reales de intervenci\u00f3n comunitaria desarrolladas en varios municipios andaluces como Lepe, Linares y El Ejido. Entre las iniciativas expuestas destacaron programas intergeneracionales, la colaboraci\u00f3n con farmacias para una mejor detecci\u00f3n de situaciones de soledad y proyectos orientados a la promoci\u00f3n de la salud activa.<\/p>\n<p style=\"text-align: justify\">Estas jornadas han resultado especialmente enriquecedoras para el equipo, ya que han permitido actualizar conocimientos t\u00e9cnicos, compartir buenas pr\u00e1cticas y fortalecer redes profesionales orientadas a mejorar la atenci\u00f3n integral a las personas mayores en nuestra comunidad.<\/p>\n<p style=\"text-align: justify\">Con su participaci\u00f3n en este tipo de iniciativas formativas,<strong> Fundaci\u00f3n Cuidar y Curar<\/strong> reafirma as\u00ed su compromiso con el desarrollo de acciones que promuevan el bienestar, la inclusi\u00f3n social y la participaci\u00f3n activa de las personas mayores, especialmente desde una perspectiva preventiva y comunitaria.<\/p>\n<\/div>\n\t\t<\/div><\/div><\/div><\/div><\/div><\/div>","protected":false},"excerpt":{"rendered":"<p>El pasado mes de febrero, profesionales de Fundaci\u00f3n Cuidar y Curar participaron en dos importantes jornadas organizadas por distintas entidades de la [&hellip;]<\/p>\n","protected":false},"author":1,"featured_media":3419,"comment_status":"open","ping_status":"open","sticky":false,"template":"","format":"standard","meta":{"footnotes":""},"categories":[1],"tags":[],"class_list":["post-3418","post","type-post","status-publish","format-standard","has-post-thumbnail","hentry","category-sin-categoria"],"_links":{"self":[{"href":"https:\/\/www.fundacioncuidarycurar.org\/webfcyc\/wp-json\/wp\/v2\/posts\/3418","targetHints":{"allow":["GET"]}}],"collection":[{"href":"https:\/\/www.fundacioncuidarycurar.org\/webfcyc\/wp-json\/wp\/v2\/posts"}],"about":[{"href":"https:\/\/www.fundacioncuidarycurar.org\/webfcyc\/wp-json\/wp\/v2\/types\/post"}],"author":[{"embeddable":true,"href":"https:\/\/www.fundacioncuidarycurar.org\/webfcyc\/wp-json\/wp\/v2\/users\/1"}],"replies":[{"embeddable":true,"href":"https:\/\/www.fundacioncuidarycurar.org\/webfcyc\/wp-json\/wp\/v2\/comments?post=3418"}],"version-history":[{"count":1,"href":"https:\/\/www.fundacioncuidarycurar.org\/webfcyc\/wp-json\/wp\/v2\/posts\/3418\/revisions"}],"predecessor-version":[{"id":3420,"href":"https:\/\/www.fundacioncuidarycurar.org\/webfcyc\/wp-json\/wp\/v2\/posts\/3418\/revisions\/3420"}],"wp:featuredmedia":[{"embeddable":true,"href":"https:\/\/www.fundacioncuidarycurar.org\/webfcyc\/wp-json\/wp\/v2\/media\/3419"}],"wp:attachment":[{"href":"https:\/\/www.fundacioncuidarycurar.org\/webfcyc\/wp-json\/wp\/v2\/media?parent=3418"}],"wp:term":[{"taxonomy":"category","embeddable":true,"href":"https:\/\/www.fundacioncuidarycurar.org\/webfcyc\/wp-json\/wp\/v2\/categories?post=3418"},{"taxonomy":"post_tag","embeddable":true,"href":"https:\/\/www.fundacioncuidarycurar.org\/webfcyc\/wp-json\/wp\/v2\/tags?post=3418"}],"curies":[{"name":"wp","href":"https:\/\/api.w.org\/{rel}","templated":true}]}}