{"id":3413,"date":"2026-03-04T11:15:44","date_gmt":"2026-03-04T11:15:44","guid":{"rendered":"https:\/\/www.fundacioncuidarycurar.org\/webfcyc\/?p=3413"},"modified":"2026-03-04T11:15:44","modified_gmt":"2026-03-04T11:15:44","slug":"los-programas-de-atencion-sociosanitaria-refuerzan-su-impacto-positivo-en-el-bienestar-de-las-personas-mayores","status":"publish","type":"post","link":"https:\/\/www.fundacioncuidarycurar.org\/webfcyc\/2026\/03\/04\/los-programas-de-atencion-sociosanitaria-refuerzan-su-impacto-positivo-en-el-bienestar-de-las-personas-mayores\/","title":{"rendered":"Los programas de atenci\u00f3n sociosanitaria refuerzan su impacto positivo en el bienestar de las personas mayores"},"content":{"rendered":"<div id=\"pl-3413\"  class=\"panel-layout\" ><div id=\"pg-3413-0\"  class=\"panel-grid panel-has-style\" ><div style=\"padding: 0px 0; \" data-overlay=\"true\" data-overlay-color=\"#000000\" class=\"panel-row-style panel-row-style-for-3413-0\" ><div id=\"pgc-3413-0-0\"  class=\"panel-grid-cell\" ><div id=\"panel-3413-0-0-0\" class=\"so-panel widget widget_text panel-first-child\" data-index=\"0\" ><div style=\"text-align: left;\" data-title-color=\"#443f3f\" data-headings-color=\"#443f3f\" class=\"panel-widget-style panel-widget-style-for-3413-0-0-0\" >\t\t\t<div class=\"textwidget\"><p style=\"text-align: justify;\">La Fundaci\u00f3n Cuidar y Curar, en colaboraci\u00f3n con el departamento de Enfermer\u00eda de la Universidad de Sevilla, ha llevado a cabo el an\u00e1lisis de los resultados correspondientes a los proyectos desarrollados a lo largo del <strong>a\u00f1o 2025<\/strong>.<\/p>\n<p style=\"text-align: justify;\">Ambos proyectos: <strong>\u201cAtenci\u00f3n sociosanitaria en casos de soledad no deseada\u201d <\/strong>y \u201c<strong>Cuida-T en casa\u201d<\/strong>, se han implementado en diversos municipios de las provincias de C\u00e1diz, Sevilla, C\u00f3rdoba y Ja\u00e9n.<\/p>\n<p style=\"text-align: justify;\">Respecto al proyecto <strong>\u201cAtenci\u00f3n sociosanitaria en casos de soledad no deseada\u201d,<\/strong> el seguimiento realizado durante la intervenci\u00f3n evidencia avances relevantes en el rendimiento cognitivo, el estado emocional y las habilidades sociales de las personas usuarias. Asimismo, se ha registrado una mejora en la percepci\u00f3n de la <strong>calidad de vida<\/strong>, un aspecto clave cuando se trabaja con poblaci\u00f3n mayor en situaci\u00f3n de vulnerabilidad.<\/p>\n<p style=\"text-align: justify;\">Es importante se\u00f1alar que, durante el periodo analizado, tanto la autonom\u00eda funcional como los niveles de soledad se mantuvieron sin cambios relevantes. Este hecho es especialmente significativo, ya que en este tipo de poblaci\u00f3n conservar la estabilidad implica evitar procesos de deterioro que podr\u00edan afectar de manera notable a su <strong>bienestar personal y social<\/strong>. En este sentido, el acompa\u00f1amiento profesional continuado y el contacto peri\u00f3dico previstos en el programa se confirman como factores clave en los resultados observados.<\/p>\n<\/div>\n\t\t<\/div><\/div><div id=\"panel-3413-0-0-1\" class=\"widget_text so-panel widget widget_custom_html\" data-index=\"1\" ><div style=\"text-align: left;\" data-title-color=\"#443f3f\" data-headings-color=\"#443f3f\" class=\"widget_text panel-widget-style panel-widget-style-for-3413-0-0-1\" ><div class=\"textwidget custom-html-widget\"><iframe loading=\"lazy\" width=\"560\" height=\"315\" src=\"https:\/\/www.youtube.com\/embed\/b4KhbqQI4Ns?si=uOrfYgBBzZDA6pq5\" title=\"YouTube video player\" frameborder=\"0\" allow=\"accelerometer; autoplay; clipboard-write; encrypted-media; gyroscope; picture-in-picture; web-share\" referrerpolicy=\"strict-origin-when-cross-origin\" allowfullscreen><\/iframe><\/div><\/div><\/div><div id=\"panel-3413-0-0-2\" class=\"so-panel widget widget_text\" data-index=\"2\" ><div style=\"text-align: left;\" data-title-color=\"#443f3f\" data-headings-color=\"#443f3f\" class=\"panel-widget-style panel-widget-style-for-3413-0-0-2\" >\t\t\t<div class=\"textwidget\"><p style=\"text-align: justify;\">Por su parte, el programa \u201c<strong>Cuida-T en casa<\/strong>\u201d muestra tambi\u00e9n resultados positivos tras meses de seguimiento. La evaluaci\u00f3n pone de manifiesto una mejora progresiva en la calidad de vida percibida y en el funcionamiento cognitivo, alcanzando resultados estad\u00edsticamente significativos al finalizar la intervenci\u00f3n. Estos datos apuntan al efecto beneficioso del modelo de atenci\u00f3n basado en el acompa\u00f1amiento profesional, la monitorizaci\u00f3n remota y el apoyo constante a las personas participantes.<\/p>\n<p style=\"text-align: justify;\">La autonom\u00eda funcional se mantuvo en t\u00e9rminos generales estable, con ligeras variaciones durante el periodo evaluado. No obstante, el an\u00e1lisis detect\u00f3 un incremento en los niveles de fragilidad y en el riesgo de ca\u00eddas, lo que pone de manifiesto la conveniencia de reforzar actuaciones espec\u00edficas orientadas a la prevenci\u00f3n y al mantenimiento de la capacidad f\u00edsica.<\/p>\n<\/div>\n\t\t<\/div><\/div><div id=\"panel-3413-0-0-3\" class=\"widget_text so-panel widget widget_custom_html\" data-index=\"3\" ><div style=\"text-align: left;\" data-title-color=\"#443f3f\" data-headings-color=\"#443f3f\" class=\"widget_text panel-widget-style panel-widget-style-for-3413-0-0-3\" ><div class=\"textwidget custom-html-widget\"><iframe loading=\"lazy\" width=\"560\" height=\"315\" src=\"https:\/\/www.youtube.com\/embed\/TUNlpiIj9bY?si=K1X6Tebzfalj_cqx\" title=\"YouTube video player\" frameborder=\"0\" allow=\"accelerometer; autoplay; clipboard-write; encrypted-media; gyroscope; picture-in-picture; web-share\" referrerpolicy=\"strict-origin-when-cross-origin\" allowfullscreen><\/iframe><\/div><\/div><\/div><div id=\"panel-3413-0-0-4\" class=\"so-panel widget widget_text panel-last-child\" data-index=\"4\" ><div style=\"text-align: left;\" data-title-color=\"#443f3f\" data-headings-color=\"#443f3f\" class=\"panel-widget-style panel-widget-style-for-3413-0-0-4\" >\t\t\t<div class=\"textwidget\"><p style=\"text-align: justify;\">En conjunto, los resultados obtenidos en ambos programas evidencian una <strong>evoluci\u00f3n global positiva<\/strong> y respaldan la eficacia de este tipo de intervenciones integrales en el \u00e1mbito sociosanitario. Las mejoras registradas, especialmente en bienestar percibido y rendimiento cognitivo, consolidan estos proyectos como herramientas clave para favorecer un envejecimiento activo, acompa\u00f1ado y con mayor calidad de vida.<\/p>\n<\/div>\n\t\t<\/div><\/div><\/div><\/div><\/div><div id=\"pg-3413-1\"  class=\"panel-grid panel-has-style\" ><div style=\"padding: 0px 0; \" data-overlay=\"true\" data-overlay-color=\"#000000\" class=\"panel-row-style panel-row-style-for-3413-1\" ><div id=\"pgc-3413-1-0\"  class=\"panel-grid-cell\" ><div id=\"panel-3413-1-0-0\" class=\"so-panel widget widget_media_image panel-first-child panel-last-child\" data-index=\"5\" ><div style=\"text-align: left;\" data-title-color=\"#443f3f\" data-headings-color=\"#443f3f\" class=\"panel-widget-style panel-widget-style-for-3413-1-0-0\" ><img loading=\"lazy\" decoding=\"async\" width=\"300\" height=\"149\" src=\"https:\/\/www.fundacioncuidarycurar.org\/webfcyc\/wp-content\/uploads\/2025\/02\/Logo_de_la_Consejeria_de_Inclusion_Social_Juventud_Familias_e_Igualdad_de_la_Junta_de_Andalucia-e1739440509879-300x149.png\" class=\"image wp-image-3312  attachment-medium size-medium\" alt=\"\" style=\"max-width: 100%; height: auto;\" srcset=\"https:\/\/www.fundacioncuidarycurar.org\/webfcyc\/wp-content\/uploads\/2025\/02\/Logo_de_la_Consejeria_de_Inclusion_Social_Juventud_Familias_e_Igualdad_de_la_Junta_de_Andalucia-e1739440509879-300x149.png 300w, https:\/\/www.fundacioncuidarycurar.org\/webfcyc\/wp-content\/uploads\/2025\/02\/Logo_de_la_Consejeria_de_Inclusion_Social_Juventud_Familias_e_Igualdad_de_la_Junta_de_Andalucia-e1739440509879-1024x509.png 1024w, https:\/\/www.fundacioncuidarycurar.org\/webfcyc\/wp-content\/uploads\/2025\/02\/Logo_de_la_Consejeria_de_Inclusion_Social_Juventud_Familias_e_Igualdad_de_la_Junta_de_Andalucia-e1739440509879-768x381.png 768w, https:\/\/www.fundacioncuidarycurar.org\/webfcyc\/wp-content\/uploads\/2025\/02\/Logo_de_la_Consejeria_de_Inclusion_Social_Juventud_Familias_e_Igualdad_de_la_Junta_de_Andalucia-e1739440509879-1000x497.png 1000w, https:\/\/www.fundacioncuidarycurar.org\/webfcyc\/wp-content\/uploads\/2025\/02\/Logo_de_la_Consejeria_de_Inclusion_Social_Juventud_Familias_e_Igualdad_de_la_Junta_de_Andalucia-e1739440509879-230x114.png 230w, https:\/\/www.fundacioncuidarycurar.org\/webfcyc\/wp-content\/uploads\/2025\/02\/Logo_de_la_Consejeria_de_Inclusion_Social_Juventud_Familias_e_Igualdad_de_la_Junta_de_Andalucia-e1739440509879-350x174.png 350w, https:\/\/www.fundacioncuidarycurar.org\/webfcyc\/wp-content\/uploads\/2025\/02\/Logo_de_la_Consejeria_de_Inclusion_Social_Juventud_Familias_e_Igualdad_de_la_Junta_de_Andalucia-e1739440509879-480x238.png 480w, https:\/\/www.fundacioncuidarycurar.org\/webfcyc\/wp-content\/uploads\/2025\/02\/Logo_de_la_Consejeria_de_Inclusion_Social_Juventud_Familias_e_Igualdad_de_la_Junta_de_Andalucia-e1739440509879.png 1192w\" sizes=\"auto, (max-width: 300px) 100vw, 300px\" \/><\/div><\/div><\/div><div id=\"pgc-3413-1-1\"  class=\"panel-grid-cell\" ><div id=\"panel-3413-1-1-0\" class=\"so-panel widget widget_media_image panel-first-child panel-last-child\" data-index=\"6\" ><div style=\"text-align: left;\" data-title-color=\"#443f3f\" data-headings-color=\"#443f3f\" class=\"panel-widget-style panel-widget-style-for-3413-1-1-0\" ><img loading=\"lazy\" decoding=\"async\" width=\"341\" height=\"109\" src=\"https:\/\/www.fundacioncuidarycurar.org\/webfcyc\/wp-content\/uploads\/2025\/12\/agenda-2030-e1772622350964.jpeg\" class=\"image wp-image-3383  attachment-full size-full\" alt=\"\" style=\"max-width: 100%; height: auto;\" srcset=\"https:\/\/www.fundacioncuidarycurar.org\/webfcyc\/wp-content\/uploads\/2025\/12\/agenda-2030-e1772622350964.jpeg 341w, https:\/\/www.fundacioncuidarycurar.org\/webfcyc\/wp-content\/uploads\/2025\/12\/agenda-2030-e1772622350964-300x96.jpeg 300w, https:\/\/www.fundacioncuidarycurar.org\/webfcyc\/wp-content\/uploads\/2025\/12\/agenda-2030-e1772622350964-230x74.jpeg 230w\" sizes=\"auto, (max-width: 341px) 100vw, 341px\" \/><\/div><\/div><\/div><div id=\"pgc-3413-1-2\"  class=\"panel-grid-cell\" ><div id=\"panel-3413-1-2-0\" class=\"so-panel widget widget_media_image panel-first-child panel-last-child\" data-index=\"7\" ><div style=\"text-align: left;\" data-title-color=\"#443f3f\" data-headings-color=\"#443f3f\" class=\"panel-widget-style panel-widget-style-for-3413-1-2-0\" ><img loading=\"lazy\" decoding=\"async\" width=\"1222\" height=\"484\" src=\"https:\/\/www.fundacioncuidarycurar.org\/webfcyc\/wp-content\/uploads\/2025\/12\/Actividad-subvencionada-07.png\" class=\"image wp-image-3384  attachment-full size-full\" alt=\"\" style=\"max-width: 100%; height: auto;\" srcset=\"https:\/\/www.fundacioncuidarycurar.org\/webfcyc\/wp-content\/uploads\/2025\/12\/Actividad-subvencionada-07.png 1222w, https:\/\/www.fundacioncuidarycurar.org\/webfcyc\/wp-content\/uploads\/2025\/12\/Actividad-subvencionada-07-300x119.png 300w, https:\/\/www.fundacioncuidarycurar.org\/webfcyc\/wp-content\/uploads\/2025\/12\/Actividad-subvencionada-07-1024x406.png 1024w, https:\/\/www.fundacioncuidarycurar.org\/webfcyc\/wp-content\/uploads\/2025\/12\/Actividad-subvencionada-07-768x304.png 768w, https:\/\/www.fundacioncuidarycurar.org\/webfcyc\/wp-content\/uploads\/2025\/12\/Actividad-subvencionada-07-1000x396.png 1000w, https:\/\/www.fundacioncuidarycurar.org\/webfcyc\/wp-content\/uploads\/2025\/12\/Actividad-subvencionada-07-230x91.png 230w, https:\/\/www.fundacioncuidarycurar.org\/webfcyc\/wp-content\/uploads\/2025\/12\/Actividad-subvencionada-07-350x139.png 350w, https:\/\/www.fundacioncuidarycurar.org\/webfcyc\/wp-content\/uploads\/2025\/12\/Actividad-subvencionada-07-480x190.png 480w\" sizes=\"auto, (max-width: 1222px) 100vw, 1222px\" \/><\/div><\/div><\/div><\/div><\/div><\/div>","protected":false},"excerpt":{"rendered":"<p>La Fundaci\u00f3n Cuidar y Curar, en colaboraci\u00f3n con el departamento de Enfermer\u00eda de la Universidad de Sevilla, ha llevado a cabo el [&hellip;]<\/p>\n","protected":false},"author":1,"featured_media":3414,"comment_status":"open","ping_status":"open","sticky":false,"template":"","format":"standard","meta":{"footnotes":""},"categories":[1],"tags":[],"class_list":["post-3413","post","type-post","status-publish","format-standard","has-post-thumbnail","hentry","category-sin-categoria"],"_links":{"self":[{"href":"https:\/\/www.fundacioncuidarycurar.org\/webfcyc\/wp-json\/wp\/v2\/posts\/3413","targetHints":{"allow":["GET"]}}],"collection":[{"href":"https:\/\/www.fundacioncuidarycurar.org\/webfcyc\/wp-json\/wp\/v2\/posts"}],"about":[{"href":"https:\/\/www.fundacioncuidarycurar.org\/webfcyc\/wp-json\/wp\/v2\/types\/post"}],"author":[{"embeddable":true,"href":"https:\/\/www.fundacioncuidarycurar.org\/webfcyc\/wp-json\/wp\/v2\/users\/1"}],"replies":[{"embeddable":true,"href":"https:\/\/www.fundacioncuidarycurar.org\/webfcyc\/wp-json\/wp\/v2\/comments?post=3413"}],"version-history":[{"count":2,"href":"https:\/\/www.fundacioncuidarycurar.org\/webfcyc\/wp-json\/wp\/v2\/posts\/3413\/revisions"}],"predecessor-version":[{"id":3416,"href":"https:\/\/www.fundacioncuidarycurar.org\/webfcyc\/wp-json\/wp\/v2\/posts\/3413\/revisions\/3416"}],"wp:featuredmedia":[{"embeddable":true,"href":"https:\/\/www.fundacioncuidarycurar.org\/webfcyc\/wp-json\/wp\/v2\/media\/3414"}],"wp:attachment":[{"href":"https:\/\/www.fundacioncuidarycurar.org\/webfcyc\/wp-json\/wp\/v2\/media?parent=3413"}],"wp:term":[{"taxonomy":"category","embeddable":true,"href":"https:\/\/www.fundacioncuidarycurar.org\/webfcyc\/wp-json\/wp\/v2\/categories?post=3413"},{"taxonomy":"post_tag","embeddable":true,"href":"https:\/\/www.fundacioncuidarycurar.org\/webfcyc\/wp-json\/wp\/v2\/tags?post=3413"}],"curies":[{"name":"wp","href":"https:\/\/api.w.org\/{rel}","templated":true}]}}