{"id":3404,"date":"2025-12-05T11:06:05","date_gmt":"2025-12-05T11:06:05","guid":{"rendered":"https:\/\/www.fundacioncuidarycurar.org\/webfcyc\/?p=3404"},"modified":"2025-12-05T11:06:05","modified_gmt":"2025-12-05T11:06:05","slug":"fundacion-unicaja-y-fundacion-cuidar-y-curar-se-unen-en-el-programa-ningun-mayor-solo-2025","status":"publish","type":"post","link":"https:\/\/www.fundacioncuidarycurar.org\/webfcyc\/2025\/12\/05\/fundacion-unicaja-y-fundacion-cuidar-y-curar-se-unen-en-el-programa-ningun-mayor-solo-2025\/","title":{"rendered":"Fundaci\u00f3n Unicaja y Fundaci\u00f3n Cuidar y Curar se unen en el programa Ning\u00fan Mayor Solo 2025"},"content":{"rendered":"<div id=\"pl-3404\"  class=\"panel-layout\" ><div id=\"pg-3404-0\"  class=\"panel-grid panel-has-style\" ><div style=\"padding: 0px 0; \" data-overlay=\"true\" data-overlay-color=\"#000000\" class=\"panel-row-style panel-row-style-for-3404-0\" ><div id=\"pgc-3404-0-0\"  class=\"panel-grid-cell\" ><div id=\"panel-3404-0-0-0\" class=\"so-panel widget widget_text panel-first-child panel-last-child\" data-index=\"0\" ><div style=\"text-align: left;\" data-title-color=\"#443f3f\" data-headings-color=\"#443f3f\" class=\"panel-widget-style panel-widget-style-for-3404-0-0-0\" >\t\t\t<div class=\"textwidget\"><p style=\"text-align: justify;\">La Fundaci\u00f3n Unicaja nos vuelve a brindar con el programa \u00abNing\u00fan mayor solo..\u00bb destinado a aquellos mayores que residan solos. A trav\u00e9s de este programa los mayores que no quieran pasar estas entra\u00f1ables fiestas en la soledad de su hogar podr\u00e1n compartirlas con los mayores de las residencias Parra Grossi, Santa B\u00e1rbara y Los Leones, tanto la Nochebuena y Navidad como el Fin de A\u00f1o y A\u00f1o Nuevo. Desde Fundaci\u00f3n Cuidar y Curar nos enorgullece participar en esta iniciativa un a\u00f1o mas y nos alegra compartir la noticia.<\/p>\n<\/div>\n\t\t<\/div><\/div><\/div><\/div><\/div><div id=\"pg-3404-1\"  class=\"panel-grid panel-has-style\" ><div style=\"padding: 0px 0; \" data-overlay=\"true\" data-overlay-color=\"#000000\" class=\"panel-row-style panel-row-style-for-3404-1\" ><div id=\"pgc-3404-1-0\"  class=\"panel-grid-cell\" ><div id=\"panel-3404-1-0-0\" class=\"so-panel widget widget_media_image panel-first-child panel-last-child\" data-index=\"1\" ><div style=\"text-align: left;\" data-title-color=\"#443f3f\" data-headings-color=\"#443f3f\" class=\"panel-widget-style panel-widget-style-for-3404-1-0-0\" ><img loading=\"lazy\" decoding=\"async\" width=\"724\" height=\"1024\" src=\"https:\/\/www.fundacioncuidarycurar.org\/webfcyc\/wp-content\/uploads\/2025\/12\/NAVIDAD-FUNDACION-2025-724x1024.png\" class=\"image wp-image-3407  attachment-large size-large\" alt=\"\" style=\"max-width: 100%; height: auto;\" srcset=\"https:\/\/www.fundacioncuidarycurar.org\/webfcyc\/wp-content\/uploads\/2025\/12\/NAVIDAD-FUNDACION-2025-724x1024.png 724w, https:\/\/www.fundacioncuidarycurar.org\/webfcyc\/wp-content\/uploads\/2025\/12\/NAVIDAD-FUNDACION-2025-212x300.png 212w, https:\/\/www.fundacioncuidarycurar.org\/webfcyc\/wp-content\/uploads\/2025\/12\/NAVIDAD-FUNDACION-2025-768x1086.png 768w, https:\/\/www.fundacioncuidarycurar.org\/webfcyc\/wp-content\/uploads\/2025\/12\/NAVIDAD-FUNDACION-2025-1086x1536.png 1086w, https:\/\/www.fundacioncuidarycurar.org\/webfcyc\/wp-content\/uploads\/2025\/12\/NAVIDAD-FUNDACION-2025-1448x2048.png 1448w, https:\/\/www.fundacioncuidarycurar.org\/webfcyc\/wp-content\/uploads\/2025\/12\/NAVIDAD-FUNDACION-2025-1000x1415.png 1000w, https:\/\/www.fundacioncuidarycurar.org\/webfcyc\/wp-content\/uploads\/2025\/12\/NAVIDAD-FUNDACION-2025-230x325.png 230w, https:\/\/www.fundacioncuidarycurar.org\/webfcyc\/wp-content\/uploads\/2025\/12\/NAVIDAD-FUNDACION-2025-350x495.png 350w, https:\/\/www.fundacioncuidarycurar.org\/webfcyc\/wp-content\/uploads\/2025\/12\/NAVIDAD-FUNDACION-2025-480x679.png 480w, https:\/\/www.fundacioncuidarycurar.org\/webfcyc\/wp-content\/uploads\/2025\/12\/NAVIDAD-FUNDACION-2025.png 1587w\" sizes=\"auto, (max-width: 724px) 100vw, 724px\" \/><\/div><\/div><\/div><div id=\"pgc-3404-1-1\"  class=\"panel-grid-cell\" ><div id=\"panel-3404-1-1-0\" class=\"so-panel widget widget_media_image panel-first-child panel-last-child\" data-index=\"2\" ><div style=\"text-align: left;\" data-title-color=\"#443f3f\" data-headings-color=\"#443f3f\" class=\"panel-widget-style panel-widget-style-for-3404-1-1-0\" ><img loading=\"lazy\" decoding=\"async\" width=\"724\" height=\"1024\" src=\"https:\/\/www.fundacioncuidarycurar.org\/webfcyc\/wp-content\/uploads\/2025\/12\/FIN-DE-ANO-FUNDACION-2025-724x1024.png\" class=\"image wp-image-3405  attachment-large size-large\" alt=\"\" style=\"max-width: 100%; height: auto;\" srcset=\"https:\/\/www.fundacioncuidarycurar.org\/webfcyc\/wp-content\/uploads\/2025\/12\/FIN-DE-ANO-FUNDACION-2025-724x1024.png 724w, https:\/\/www.fundacioncuidarycurar.org\/webfcyc\/wp-content\/uploads\/2025\/12\/FIN-DE-ANO-FUNDACION-2025-212x300.png 212w, https:\/\/www.fundacioncuidarycurar.org\/webfcyc\/wp-content\/uploads\/2025\/12\/FIN-DE-ANO-FUNDACION-2025-768x1086.png 768w, https:\/\/www.fundacioncuidarycurar.org\/webfcyc\/wp-content\/uploads\/2025\/12\/FIN-DE-ANO-FUNDACION-2025-1086x1536.png 1086w, https:\/\/www.fundacioncuidarycurar.org\/webfcyc\/wp-content\/uploads\/2025\/12\/FIN-DE-ANO-FUNDACION-2025-1448x2048.png 1448w, https:\/\/www.fundacioncuidarycurar.org\/webfcyc\/wp-content\/uploads\/2025\/12\/FIN-DE-ANO-FUNDACION-2025-1000x1415.png 1000w, https:\/\/www.fundacioncuidarycurar.org\/webfcyc\/wp-content\/uploads\/2025\/12\/FIN-DE-ANO-FUNDACION-2025-230x325.png 230w, https:\/\/www.fundacioncuidarycurar.org\/webfcyc\/wp-content\/uploads\/2025\/12\/FIN-DE-ANO-FUNDACION-2025-350x495.png 350w, https:\/\/www.fundacioncuidarycurar.org\/webfcyc\/wp-content\/uploads\/2025\/12\/FIN-DE-ANO-FUNDACION-2025-480x679.png 480w, https:\/\/www.fundacioncuidarycurar.org\/webfcyc\/wp-content\/uploads\/2025\/12\/FIN-DE-ANO-FUNDACION-2025.png 1587w\" sizes=\"auto, (max-width: 724px) 100vw, 724px\" \/><\/div><\/div><\/div><\/div><\/div><\/div>","protected":false},"excerpt":{"rendered":"<p>La Fundaci\u00f3n Unicaja nos vuelve a brindar con el programa \u00abNing\u00fan mayor solo..\u00bb destinado a aquellos mayores que residan solos. A trav\u00e9s [&hellip;]<\/p>\n","protected":false},"author":1,"featured_media":3405,"comment_status":"open","ping_status":"open","sticky":false,"template":"","format":"standard","meta":{"footnotes":""},"categories":[1],"tags":[],"class_list":["post-3404","post","type-post","status-publish","format-standard","has-post-thumbnail","hentry","category-sin-categoria"],"_links":{"self":[{"href":"https:\/\/www.fundacioncuidarycurar.org\/webfcyc\/wp-json\/wp\/v2\/posts\/3404","targetHints":{"allow":["GET"]}}],"collection":[{"href":"https:\/\/www.fundacioncuidarycurar.org\/webfcyc\/wp-json\/wp\/v2\/posts"}],"about":[{"href":"https:\/\/www.fundacioncuidarycurar.org\/webfcyc\/wp-json\/wp\/v2\/types\/post"}],"author":[{"embeddable":true,"href":"https:\/\/www.fundacioncuidarycurar.org\/webfcyc\/wp-json\/wp\/v2\/users\/1"}],"replies":[{"embeddable":true,"href":"https:\/\/www.fundacioncuidarycurar.org\/webfcyc\/wp-json\/wp\/v2\/comments?post=3404"}],"version-history":[{"count":2,"href":"https:\/\/www.fundacioncuidarycurar.org\/webfcyc\/wp-json\/wp\/v2\/posts\/3404\/revisions"}],"predecessor-version":[{"id":3408,"href":"https:\/\/www.fundacioncuidarycurar.org\/webfcyc\/wp-json\/wp\/v2\/posts\/3404\/revisions\/3408"}],"wp:featuredmedia":[{"embeddable":true,"href":"https:\/\/www.fundacioncuidarycurar.org\/webfcyc\/wp-json\/wp\/v2\/media\/3405"}],"wp:attachment":[{"href":"https:\/\/www.fundacioncuidarycurar.org\/webfcyc\/wp-json\/wp\/v2\/media?parent=3404"}],"wp:term":[{"taxonomy":"category","embeddable":true,"href":"https:\/\/www.fundacioncuidarycurar.org\/webfcyc\/wp-json\/wp\/v2\/categories?post=3404"},{"taxonomy":"post_tag","embeddable":true,"href":"https:\/\/www.fundacioncuidarycurar.org\/webfcyc\/wp-json\/wp\/v2\/tags?post=3404"}],"curies":[{"name":"wp","href":"https:\/\/api.w.org\/{rel}","templated":true}]}}