{"id":3393,"date":"2025-12-01T15:39:48","date_gmt":"2025-12-01T15:39:48","guid":{"rendered":"https:\/\/www.fundacioncuidarycurar.org\/webfcyc\/?p=3393"},"modified":"2025-12-01T15:39:48","modified_gmt":"2025-12-01T15:39:48","slug":"concluyen-los-trabajos-de-adecuacion-funcional-de-la-residencia-san-rafael-de-dos-hermanas","status":"publish","type":"post","link":"https:\/\/www.fundacioncuidarycurar.org\/webfcyc\/2025\/12\/01\/concluyen-los-trabajos-de-adecuacion-funcional-de-la-residencia-san-rafael-de-dos-hermanas\/","title":{"rendered":"Concluyen los trabajos de adecuaci\u00f3n funcional de la Residencia \u201cSan Rafael\u201d de Dos Hermanas"},"content":{"rendered":"<div id=\"pl-3393\"  class=\"panel-layout\" ><div id=\"pg-3393-0\"  class=\"panel-grid panel-has-style\" ><div style=\"padding: 0px 0; \" data-overlay=\"true\" data-overlay-color=\"#000000\" class=\"panel-row-style panel-row-style-for-3393-0\" ><div id=\"pgc-3393-0-0\"  class=\"panel-grid-cell\" ><div id=\"panel-3393-0-0-0\" class=\"so-panel widget widget_media_image panel-first-child\" data-index=\"0\" ><div style=\"text-align: center;\" data-title-color=\"#443f3f\" data-headings-color=\"#443f3f\" class=\"panel-widget-style panel-widget-style-for-3393-0-0-0\" ><img loading=\"lazy\" decoding=\"async\" width=\"1000\" height=\"750\" src=\"https:\/\/www.fundacioncuidarycurar.org\/webfcyc\/wp-content\/uploads\/2025\/12\/Acceso-a-CRPM-San-Rafael-1000x750.jpg\" class=\"image wp-image-3395  attachment-sydney-large-thumb size-sydney-large-thumb\" alt=\"\" style=\"max-width: 100%; height: auto;\" srcset=\"https:\/\/www.fundacioncuidarycurar.org\/webfcyc\/wp-content\/uploads\/2025\/12\/Acceso-a-CRPM-San-Rafael-1000x750.jpg 1000w, https:\/\/www.fundacioncuidarycurar.org\/webfcyc\/wp-content\/uploads\/2025\/12\/Acceso-a-CRPM-San-Rafael-300x225.jpg 300w, https:\/\/www.fundacioncuidarycurar.org\/webfcyc\/wp-content\/uploads\/2025\/12\/Acceso-a-CRPM-San-Rafael-768x576.jpg 768w, https:\/\/www.fundacioncuidarycurar.org\/webfcyc\/wp-content\/uploads\/2025\/12\/Acceso-a-CRPM-San-Rafael-230x173.jpg 230w, https:\/\/www.fundacioncuidarycurar.org\/webfcyc\/wp-content\/uploads\/2025\/12\/Acceso-a-CRPM-San-Rafael-350x263.jpg 350w, https:\/\/www.fundacioncuidarycurar.org\/webfcyc\/wp-content\/uploads\/2025\/12\/Acceso-a-CRPM-San-Rafael-480x360.jpg 480w, https:\/\/www.fundacioncuidarycurar.org\/webfcyc\/wp-content\/uploads\/2025\/12\/Acceso-a-CRPM-San-Rafael.jpg 1024w\" sizes=\"auto, (max-width: 1000px) 100vw, 1000px\" \/><\/div><\/div><div id=\"panel-3393-0-0-1\" class=\"so-panel widget widget_text panel-last-child\" data-index=\"1\" ><div style=\"text-align: left;\" data-title-color=\"#443f3f\" data-headings-color=\"#443f3f\" class=\"panel-widget-style panel-widget-style-for-3393-0-0-1\" >\t\t\t<div class=\"textwidget\"><p style=\"text-align: center;\"><em>Vistas del CRPM \u00abSan Rafael\u00bb de Dos Hermanas<\/em><\/p>\n<\/div>\n\t\t<\/div><\/div><\/div><\/div><\/div><div id=\"pg-3393-1\"  class=\"panel-grid panel-has-style\" ><div style=\"padding: 0px 0; \" data-overlay=\"true\" data-overlay-color=\"#000000\" class=\"panel-row-style panel-row-style-for-3393-1\" ><div id=\"pgc-3393-1-0\"  class=\"panel-grid-cell\" ><div id=\"panel-3393-1-0-0\" class=\"so-panel widget widget_text panel-first-child panel-last-child\" data-index=\"2\" ><div style=\"text-align: left;\" data-title-color=\"#443f3f\" data-headings-color=\"#443f3f\" class=\"panel-widget-style panel-widget-style-for-3393-1-0-0\" >\t\t\t<div class=\"textwidget\"><p style=\"text-align: justify;\">La Fundaci\u00f3n Cuidar y Curar culmina los trabajos de Adecuaci\u00f3n funcional del Centro Residencial San Rafael de Dos Hermanas para la atenci\u00f3n a las personas mayores dependientes, en una intervenci\u00f3n, dividida en distintas fases, que ha contado, en todas ellas, \u00a0con la ayuda econ\u00f3mica de la Consejer\u00eda de Inclusi\u00f3n Social, Juventud, Familias e Igualdad de la Junta de Andaluc\u00eda y del Gobierno de Espa\u00f1a en el marco de las sucesivas convocatoria\u00a0 de subvenciones a entidades sin \u00e1nimo de lucro con cargo a la asignaci\u00f3n tributaria del 0,7 % del IRPF<\/p>\n<p style=\"text-align: justify;\">En esta \u00faltima fase, \u00a0correspondiente a la convocatoria 2024, se ha contado con una subvenci\u00f3n de 273.615,53 euros y \u00a0\u00a0los trabajos se han centrado en las Planta Primera y Baja de la denominada \u201cAla Norte\u201d del centro, de modo que mientras en PB se han adecuado salas de visitas y el despacho de Direcci\u00f3n, en la \u00a0planta primera se han generado 5 nuevas habitaciones, en dependencias \u00a0hasta ahora sin uso,\u00a0 que permitir\u00e1n acoger a 8 nuevos residentes, al tiempo que todos los espacios intervenidos han sido adaptados para que cumplan con los par\u00e1metros requeridos en la normativa que le es de aplicaci\u00f3n y han sido dotados de los correspondientes sistemas de ACS, climatizaci\u00f3n y contraincendios.<\/p>\n<p style=\"text-align: justify;\">Pero con todo, lo verdaderamente \u00a0importante de esta intervenci\u00f3n que ha supuesto una inversi\u00f3n de 310.926,74 \u20ac es que nos ha permitido concluir el ya largo proceso de conversi\u00f3n de una peque\u00f1a residencia de 46 plazas para personas v\u00e1lidas en un moderno CR para personas mayores asistidas con 120 plazas de capacidad en un entorno tan necesitado de este recurso como es el \u00e1rea metropolitana de Sevilla.<\/p>\n<\/div>\n\t\t<\/div><\/div><\/div><\/div><\/div><div id=\"pg-3393-2\"  class=\"panel-grid panel-has-style\" ><div style=\"padding: 0px 0; \" data-overlay=\"true\" data-overlay-color=\"#000000\" class=\"panel-row-style panel-row-style-for-3393-2\" ><div id=\"pgc-3393-2-0\"  class=\"panel-grid-cell\" ><div id=\"panel-3393-2-0-0\" class=\"so-panel widget widget_media_image panel-first-child\" data-index=\"3\" ><div style=\"text-align: center;\" data-title-color=\"#443f3f\" data-headings-color=\"#443f3f\" class=\"panel-widget-style panel-widget-style-for-3393-2-0-0\" ><img loading=\"lazy\" decoding=\"async\" width=\"500\" height=\"667\" src=\"https:\/\/www.fundacioncuidarycurar.org\/webfcyc\/wp-content\/uploads\/2025\/12\/Vista-general-Pasillo-1a-Planta-Ala-Norte-768x1024.jpg\" class=\"image wp-image-3396  attachment-500x667 size-500x667\" alt=\"\" style=\"max-width: 100%; height: auto;\" srcset=\"https:\/\/www.fundacioncuidarycurar.org\/webfcyc\/wp-content\/uploads\/2025\/12\/Vista-general-Pasillo-1a-Planta-Ala-Norte-768x1024.jpg 768w, https:\/\/www.fundacioncuidarycurar.org\/webfcyc\/wp-content\/uploads\/2025\/12\/Vista-general-Pasillo-1a-Planta-Ala-Norte-225x300.jpg 225w, https:\/\/www.fundacioncuidarycurar.org\/webfcyc\/wp-content\/uploads\/2025\/12\/Vista-general-Pasillo-1a-Planta-Ala-Norte-1152x1536.jpg 1152w, https:\/\/www.fundacioncuidarycurar.org\/webfcyc\/wp-content\/uploads\/2025\/12\/Vista-general-Pasillo-1a-Planta-Ala-Norte-1000x1333.jpg 1000w, https:\/\/www.fundacioncuidarycurar.org\/webfcyc\/wp-content\/uploads\/2025\/12\/Vista-general-Pasillo-1a-Planta-Ala-Norte-230x307.jpg 230w, https:\/\/www.fundacioncuidarycurar.org\/webfcyc\/wp-content\/uploads\/2025\/12\/Vista-general-Pasillo-1a-Planta-Ala-Norte-350x467.jpg 350w, https:\/\/www.fundacioncuidarycurar.org\/webfcyc\/wp-content\/uploads\/2025\/12\/Vista-general-Pasillo-1a-Planta-Ala-Norte-480x640.jpg 480w, https:\/\/www.fundacioncuidarycurar.org\/webfcyc\/wp-content\/uploads\/2025\/12\/Vista-general-Pasillo-1a-Planta-Ala-Norte.jpg 1200w\" sizes=\"auto, (max-width: 500px) 100vw, 500px\" \/><\/div><\/div><div id=\"panel-3393-2-0-1\" class=\"so-panel widget widget_text panel-last-child\" data-index=\"4\" ><div style=\"text-align: left;\" data-title-color=\"#443f3f\" data-headings-color=\"#443f3f\" class=\"panel-widget-style panel-widget-style-for-3393-2-0-1\" >\t\t\t<div class=\"textwidget\"><p style=\"text-align: center;\"><em>\u00abPasillo Norte en Planta Primera\u00bb donde se ubican las nuevas habitaciones<\/em><\/p>\n<\/div>\n\t\t<\/div><\/div><\/div><\/div><\/div><div id=\"pg-3393-3\"  class=\"panel-grid panel-has-style\" ><div style=\"padding: 0px 0; \" data-overlay=\"true\" data-overlay-color=\"#000000\" class=\"panel-row-style panel-row-style-for-3393-3\" ><div id=\"pgc-3393-3-0\"  class=\"panel-grid-cell\" ><div id=\"panel-3393-3-0-0\" class=\"so-panel widget widget_media_image panel-first-child panel-last-child\" data-index=\"5\" ><div style=\"text-align: left;\" data-title-color=\"#443f3f\" data-headings-color=\"#443f3f\" class=\"panel-widget-style panel-widget-style-for-3393-3-0-0\" ><img loading=\"lazy\" decoding=\"async\" width=\"1200\" height=\"1600\" src=\"https:\/\/www.fundacioncuidarycurar.org\/webfcyc\/wp-content\/uploads\/2025\/12\/Vista-general-nueva-habitacion-individual-en-PI-Ala-Norte.jpg\" class=\"image wp-image-3397  attachment-full size-full\" alt=\"\" style=\"max-width: 100%; height: auto;\" srcset=\"https:\/\/www.fundacioncuidarycurar.org\/webfcyc\/wp-content\/uploads\/2025\/12\/Vista-general-nueva-habitacion-individual-en-PI-Ala-Norte.jpg 1200w, https:\/\/www.fundacioncuidarycurar.org\/webfcyc\/wp-content\/uploads\/2025\/12\/Vista-general-nueva-habitacion-individual-en-PI-Ala-Norte-225x300.jpg 225w, https:\/\/www.fundacioncuidarycurar.org\/webfcyc\/wp-content\/uploads\/2025\/12\/Vista-general-nueva-habitacion-individual-en-PI-Ala-Norte-768x1024.jpg 768w, https:\/\/www.fundacioncuidarycurar.org\/webfcyc\/wp-content\/uploads\/2025\/12\/Vista-general-nueva-habitacion-individual-en-PI-Ala-Norte-1152x1536.jpg 1152w, https:\/\/www.fundacioncuidarycurar.org\/webfcyc\/wp-content\/uploads\/2025\/12\/Vista-general-nueva-habitacion-individual-en-PI-Ala-Norte-1000x1333.jpg 1000w, https:\/\/www.fundacioncuidarycurar.org\/webfcyc\/wp-content\/uploads\/2025\/12\/Vista-general-nueva-habitacion-individual-en-PI-Ala-Norte-230x307.jpg 230w, https:\/\/www.fundacioncuidarycurar.org\/webfcyc\/wp-content\/uploads\/2025\/12\/Vista-general-nueva-habitacion-individual-en-PI-Ala-Norte-350x467.jpg 350w, https:\/\/www.fundacioncuidarycurar.org\/webfcyc\/wp-content\/uploads\/2025\/12\/Vista-general-nueva-habitacion-individual-en-PI-Ala-Norte-480x640.jpg 480w\" sizes=\"auto, (max-width: 1200px) 100vw, 1200px\" \/><\/div><\/div><\/div><div id=\"pgc-3393-3-1\"  class=\"panel-grid-cell\" ><div id=\"panel-3393-3-1-0\" class=\"so-panel widget widget_media_image panel-first-child panel-last-child\" data-index=\"6\" ><div style=\"text-align: left;\" data-title-color=\"#443f3f\" data-headings-color=\"#443f3f\" class=\"panel-widget-style panel-widget-style-for-3393-3-1-0\" ><img loading=\"lazy\" decoding=\"async\" width=\"1200\" height=\"1600\" src=\"https:\/\/www.fundacioncuidarycurar.org\/webfcyc\/wp-content\/uploads\/2025\/12\/Vista-habitacion-individual-Ala-Norte-PI.jpg\" class=\"image wp-image-3398  attachment-full size-full\" alt=\"\" style=\"max-width: 100%; height: auto;\" srcset=\"https:\/\/www.fundacioncuidarycurar.org\/webfcyc\/wp-content\/uploads\/2025\/12\/Vista-habitacion-individual-Ala-Norte-PI.jpg 1200w, https:\/\/www.fundacioncuidarycurar.org\/webfcyc\/wp-content\/uploads\/2025\/12\/Vista-habitacion-individual-Ala-Norte-PI-225x300.jpg 225w, https:\/\/www.fundacioncuidarycurar.org\/webfcyc\/wp-content\/uploads\/2025\/12\/Vista-habitacion-individual-Ala-Norte-PI-768x1024.jpg 768w, https:\/\/www.fundacioncuidarycurar.org\/webfcyc\/wp-content\/uploads\/2025\/12\/Vista-habitacion-individual-Ala-Norte-PI-1152x1536.jpg 1152w, https:\/\/www.fundacioncuidarycurar.org\/webfcyc\/wp-content\/uploads\/2025\/12\/Vista-habitacion-individual-Ala-Norte-PI-1000x1333.jpg 1000w, https:\/\/www.fundacioncuidarycurar.org\/webfcyc\/wp-content\/uploads\/2025\/12\/Vista-habitacion-individual-Ala-Norte-PI-230x307.jpg 230w, https:\/\/www.fundacioncuidarycurar.org\/webfcyc\/wp-content\/uploads\/2025\/12\/Vista-habitacion-individual-Ala-Norte-PI-350x467.jpg 350w, https:\/\/www.fundacioncuidarycurar.org\/webfcyc\/wp-content\/uploads\/2025\/12\/Vista-habitacion-individual-Ala-Norte-PI-480x640.jpg 480w\" sizes=\"auto, (max-width: 1200px) 100vw, 1200px\" \/><\/div><\/div><\/div><\/div><\/div><div id=\"pg-3393-4\"  class=\"panel-grid panel-has-style\" ><div style=\"padding: 0px 0; \" data-overlay=\"true\" data-overlay-color=\"#000000\" class=\"panel-row-style panel-row-style-for-3393-4\" ><div id=\"pgc-3393-4-0\"  class=\"panel-grid-cell\" ><div id=\"panel-3393-4-0-0\" class=\"so-panel widget widget_text panel-first-child panel-last-child\" data-index=\"7\" ><div style=\"text-align: left;\" data-title-color=\"#443f3f\" data-headings-color=\"#443f3f\" class=\"panel-widget-style panel-widget-style-for-3393-4-0-0\" >\t\t\t<div class=\"textwidget\"><p style=\"text-align: center;\"><em>Nuevas habitaciones individuales<\/em><\/p>\n<\/div>\n\t\t<\/div><\/div><\/div><\/div><\/div><div id=\"pg-3393-5\"  class=\"panel-grid panel-has-style\" ><div style=\"padding: 0px 0; \" data-overlay=\"true\" data-overlay-color=\"#000000\" class=\"panel-row-style panel-row-style-for-3393-5\" ><div id=\"pgc-3393-5-0\"  class=\"panel-grid-cell\" ><div id=\"panel-3393-5-0-0\" class=\"so-panel widget widget_media_image panel-first-child\" data-index=\"8\" ><div style=\"text-align: center;\" data-title-color=\"#443f3f\" data-headings-color=\"#443f3f\" class=\"panel-widget-style panel-widget-style-for-3393-5-0-0\" ><img loading=\"lazy\" decoding=\"async\" width=\"600\" height=\"800\" src=\"https:\/\/www.fundacioncuidarycurar.org\/webfcyc\/wp-content\/uploads\/2025\/12\/Nueva-habitacion-doble-en-Ala-Norte-768x1024.jpg\" class=\"image wp-image-3399  attachment-600x800 size-600x800\" alt=\"\" style=\"max-width: 100%; height: auto;\" srcset=\"https:\/\/www.fundacioncuidarycurar.org\/webfcyc\/wp-content\/uploads\/2025\/12\/Nueva-habitacion-doble-en-Ala-Norte-768x1024.jpg 768w, https:\/\/www.fundacioncuidarycurar.org\/webfcyc\/wp-content\/uploads\/2025\/12\/Nueva-habitacion-doble-en-Ala-Norte-225x300.jpg 225w, https:\/\/www.fundacioncuidarycurar.org\/webfcyc\/wp-content\/uploads\/2025\/12\/Nueva-habitacion-doble-en-Ala-Norte-1152x1536.jpg 1152w, https:\/\/www.fundacioncuidarycurar.org\/webfcyc\/wp-content\/uploads\/2025\/12\/Nueva-habitacion-doble-en-Ala-Norte-1000x1333.jpg 1000w, https:\/\/www.fundacioncuidarycurar.org\/webfcyc\/wp-content\/uploads\/2025\/12\/Nueva-habitacion-doble-en-Ala-Norte-230x307.jpg 230w, https:\/\/www.fundacioncuidarycurar.org\/webfcyc\/wp-content\/uploads\/2025\/12\/Nueva-habitacion-doble-en-Ala-Norte-350x467.jpg 350w, https:\/\/www.fundacioncuidarycurar.org\/webfcyc\/wp-content\/uploads\/2025\/12\/Nueva-habitacion-doble-en-Ala-Norte-480x640.jpg 480w, https:\/\/www.fundacioncuidarycurar.org\/webfcyc\/wp-content\/uploads\/2025\/12\/Nueva-habitacion-doble-en-Ala-Norte.jpg 1200w\" sizes=\"auto, (max-width: 600px) 100vw, 600px\" \/><\/div><\/div><div id=\"panel-3393-5-0-1\" class=\"so-panel widget widget_text panel-last-child\" data-index=\"9\" ><div style=\"text-align: left;\" data-title-color=\"#443f3f\" data-headings-color=\"#443f3f\" class=\"panel-widget-style panel-widget-style-for-3393-5-0-1\" >\t\t\t<div class=\"textwidget\"><p style=\"text-align: center;\"><em>Habitaci\u00f3n doble<\/em><\/p>\n<\/div>\n\t\t<\/div><\/div><\/div><\/div><\/div><div id=\"pg-3393-6\"  class=\"panel-grid panel-has-style\" ><div style=\"padding: 0px 0; \" data-overlay=\"true\" data-overlay-color=\"#000000\" class=\"panel-row-style panel-row-style-for-3393-6\" ><div id=\"pgc-3393-6-0\"  class=\"panel-grid-cell\" ><div id=\"panel-3393-6-0-0\" class=\"so-panel widget widget_media_image panel-first-child\" data-index=\"10\" ><div style=\"text-align: center;\" data-title-color=\"#443f3f\" data-headings-color=\"#443f3f\" class=\"panel-widget-style panel-widget-style-for-3393-6-0-0\" ><img loading=\"lazy\" decoding=\"async\" width=\"600\" height=\"800\" src=\"https:\/\/www.fundacioncuidarycurar.org\/webfcyc\/wp-content\/uploads\/2025\/12\/Banos-individuales-en-cada-una-de-las-nuevas-habitaciones-768x1024.jpg\" class=\"image wp-image-3400  attachment-600x800 size-600x800\" alt=\"\" style=\"max-width: 100%; height: auto;\" srcset=\"https:\/\/www.fundacioncuidarycurar.org\/webfcyc\/wp-content\/uploads\/2025\/12\/Banos-individuales-en-cada-una-de-las-nuevas-habitaciones-768x1024.jpg 768w, https:\/\/www.fundacioncuidarycurar.org\/webfcyc\/wp-content\/uploads\/2025\/12\/Banos-individuales-en-cada-una-de-las-nuevas-habitaciones-225x300.jpg 225w, https:\/\/www.fundacioncuidarycurar.org\/webfcyc\/wp-content\/uploads\/2025\/12\/Banos-individuales-en-cada-una-de-las-nuevas-habitaciones-1152x1536.jpg 1152w, https:\/\/www.fundacioncuidarycurar.org\/webfcyc\/wp-content\/uploads\/2025\/12\/Banos-individuales-en-cada-una-de-las-nuevas-habitaciones-1000x1333.jpg 1000w, https:\/\/www.fundacioncuidarycurar.org\/webfcyc\/wp-content\/uploads\/2025\/12\/Banos-individuales-en-cada-una-de-las-nuevas-habitaciones-230x307.jpg 230w, https:\/\/www.fundacioncuidarycurar.org\/webfcyc\/wp-content\/uploads\/2025\/12\/Banos-individuales-en-cada-una-de-las-nuevas-habitaciones-350x467.jpg 350w, https:\/\/www.fundacioncuidarycurar.org\/webfcyc\/wp-content\/uploads\/2025\/12\/Banos-individuales-en-cada-una-de-las-nuevas-habitaciones-480x640.jpg 480w, https:\/\/www.fundacioncuidarycurar.org\/webfcyc\/wp-content\/uploads\/2025\/12\/Banos-individuales-en-cada-una-de-las-nuevas-habitaciones.jpg 1200w\" sizes=\"auto, (max-width: 600px) 100vw, 600px\" \/><\/div><\/div><div id=\"panel-3393-6-0-1\" class=\"so-panel widget widget_text panel-last-child\" data-index=\"11\" ><div style=\"text-align: center;\" data-title-color=\"#443f3f\" data-headings-color=\"#443f3f\" class=\"panel-widget-style panel-widget-style-for-3393-6-0-1\" >\t\t\t<div class=\"textwidget\"><p><em>Ba\u00f1o adaptado con el que cuentan todas las habitaciones<\/em><\/p>\n<\/div>\n\t\t<\/div><\/div><\/div><\/div><\/div><div id=\"pg-3393-7\"  class=\"panel-grid panel-has-style\" ><div style=\"padding: 0px 0; \" data-overlay=\"true\" data-overlay-color=\"#000000\" class=\"panel-row-style panel-row-style-for-3393-7\" ><div id=\"pgc-3393-7-0\"  class=\"panel-grid-cell\" ><div id=\"panel-3393-7-0-0\" class=\"so-panel widget widget_media_image panel-first-child panel-last-child\" data-index=\"12\" ><div style=\"text-align: left;\" data-title-color=\"#443f3f\" data-headings-color=\"#443f3f\" class=\"panel-widget-style panel-widget-style-for-3393-7-0-0\" ><img loading=\"lazy\" decoding=\"async\" width=\"996\" height=\"355\" src=\"https:\/\/www.fundacioncuidarycurar.org\/webfcyc\/wp-content\/uploads\/2025\/02\/Sin-titulo-1-e1739440810627.png\" class=\"image wp-image-3314  attachment-full size-full\" alt=\"\" style=\"max-width: 100%; height: auto;\" srcset=\"https:\/\/www.fundacioncuidarycurar.org\/webfcyc\/wp-content\/uploads\/2025\/02\/Sin-titulo-1-e1739440810627.png 996w, https:\/\/www.fundacioncuidarycurar.org\/webfcyc\/wp-content\/uploads\/2025\/02\/Sin-titulo-1-e1739440810627-300x107.png 300w, https:\/\/www.fundacioncuidarycurar.org\/webfcyc\/wp-content\/uploads\/2025\/02\/Sin-titulo-1-e1739440810627-768x274.png 768w, https:\/\/www.fundacioncuidarycurar.org\/webfcyc\/wp-content\/uploads\/2025\/02\/Sin-titulo-1-e1739440810627-230x82.png 230w, https:\/\/www.fundacioncuidarycurar.org\/webfcyc\/wp-content\/uploads\/2025\/02\/Sin-titulo-1-e1739440810627-350x125.png 350w, https:\/\/www.fundacioncuidarycurar.org\/webfcyc\/wp-content\/uploads\/2025\/02\/Sin-titulo-1-e1739440810627-480x171.png 480w\" sizes=\"auto, (max-width: 996px) 100vw, 996px\" \/><\/div><\/div><\/div><div id=\"pgc-3393-7-1\"  class=\"panel-grid-cell\" ><div id=\"panel-3393-7-1-0\" class=\"so-panel widget widget_media_image panel-first-child panel-last-child\" data-index=\"13\" ><div style=\"text-align: left;\" data-title-color=\"#443f3f\" data-headings-color=\"#443f3f\" class=\"panel-widget-style panel-widget-style-for-3393-7-1-0\" ><img loading=\"lazy\" decoding=\"async\" width=\"341\" height=\"109\" src=\"https:\/\/www.fundacioncuidarycurar.org\/webfcyc\/wp-content\/uploads\/2025\/12\/agenda-2030-e1772622350964.jpeg\" class=\"image wp-image-3383  attachment-full size-full\" alt=\"\" style=\"max-width: 100%; height: auto;\" srcset=\"https:\/\/www.fundacioncuidarycurar.org\/webfcyc\/wp-content\/uploads\/2025\/12\/agenda-2030-e1772622350964.jpeg 341w, https:\/\/www.fundacioncuidarycurar.org\/webfcyc\/wp-content\/uploads\/2025\/12\/agenda-2030-e1772622350964-300x96.jpeg 300w, https:\/\/www.fundacioncuidarycurar.org\/webfcyc\/wp-content\/uploads\/2025\/12\/agenda-2030-e1772622350964-230x74.jpeg 230w\" sizes=\"auto, (max-width: 341px) 100vw, 341px\" \/><\/div><\/div><\/div><div id=\"pgc-3393-7-2\"  class=\"panel-grid-cell\" ><div id=\"panel-3393-7-2-0\" class=\"so-panel widget widget_media_image panel-first-child panel-last-child\" data-index=\"14\" ><div style=\"text-align: left;\" data-title-color=\"#443f3f\" data-headings-color=\"#443f3f\" class=\"panel-widget-style panel-widget-style-for-3393-7-2-0\" ><img loading=\"lazy\" decoding=\"async\" width=\"1222\" height=\"484\" src=\"https:\/\/www.fundacioncuidarycurar.org\/webfcyc\/wp-content\/uploads\/2025\/12\/Actividad-subvencionada-07.png\" class=\"image wp-image-3384  attachment-full size-full\" alt=\"\" style=\"max-width: 100%; height: auto;\" srcset=\"https:\/\/www.fundacioncuidarycurar.org\/webfcyc\/wp-content\/uploads\/2025\/12\/Actividad-subvencionada-07.png 1222w, https:\/\/www.fundacioncuidarycurar.org\/webfcyc\/wp-content\/uploads\/2025\/12\/Actividad-subvencionada-07-300x119.png 300w, https:\/\/www.fundacioncuidarycurar.org\/webfcyc\/wp-content\/uploads\/2025\/12\/Actividad-subvencionada-07-1024x406.png 1024w, https:\/\/www.fundacioncuidarycurar.org\/webfcyc\/wp-content\/uploads\/2025\/12\/Actividad-subvencionada-07-768x304.png 768w, https:\/\/www.fundacioncuidarycurar.org\/webfcyc\/wp-content\/uploads\/2025\/12\/Actividad-subvencionada-07-1000x396.png 1000w, https:\/\/www.fundacioncuidarycurar.org\/webfcyc\/wp-content\/uploads\/2025\/12\/Actividad-subvencionada-07-230x91.png 230w, https:\/\/www.fundacioncuidarycurar.org\/webfcyc\/wp-content\/uploads\/2025\/12\/Actividad-subvencionada-07-350x139.png 350w, https:\/\/www.fundacioncuidarycurar.org\/webfcyc\/wp-content\/uploads\/2025\/12\/Actividad-subvencionada-07-480x190.png 480w\" sizes=\"auto, (max-width: 1222px) 100vw, 1222px\" \/><\/div><\/div><\/div><\/div><\/div><\/div>","protected":false},"excerpt":{"rendered":"<p>Vistas del CRPM \u00abSan Rafael\u00bb de Dos Hermanas La Fundaci\u00f3n Cuidar y Curar culmina los trabajos de Adecuaci\u00f3n funcional del Centro Residencial [&hellip;]<\/p>\n","protected":false},"author":1,"featured_media":3389,"comment_status":"open","ping_status":"open","sticky":false,"template":"","format":"standard","meta":{"footnotes":""},"categories":[1],"tags":[],"class_list":["post-3393","post","type-post","status-publish","format-standard","has-post-thumbnail","hentry","category-sin-categoria"],"_links":{"self":[{"href":"https:\/\/www.fundacioncuidarycurar.org\/webfcyc\/wp-json\/wp\/v2\/posts\/3393","targetHints":{"allow":["GET"]}}],"collection":[{"href":"https:\/\/www.fundacioncuidarycurar.org\/webfcyc\/wp-json\/wp\/v2\/posts"}],"about":[{"href":"https:\/\/www.fundacioncuidarycurar.org\/webfcyc\/wp-json\/wp\/v2\/types\/post"}],"author":[{"embeddable":true,"href":"https:\/\/www.fundacioncuidarycurar.org\/webfcyc\/wp-json\/wp\/v2\/users\/1"}],"replies":[{"embeddable":true,"href":"https:\/\/www.fundacioncuidarycurar.org\/webfcyc\/wp-json\/wp\/v2\/comments?post=3393"}],"version-history":[{"count":3,"href":"https:\/\/www.fundacioncuidarycurar.org\/webfcyc\/wp-json\/wp\/v2\/posts\/3393\/revisions"}],"predecessor-version":[{"id":3402,"href":"https:\/\/www.fundacioncuidarycurar.org\/webfcyc\/wp-json\/wp\/v2\/posts\/3393\/revisions\/3402"}],"wp:featuredmedia":[{"embeddable":true,"href":"https:\/\/www.fundacioncuidarycurar.org\/webfcyc\/wp-json\/wp\/v2\/media\/3389"}],"wp:attachment":[{"href":"https:\/\/www.fundacioncuidarycurar.org\/webfcyc\/wp-json\/wp\/v2\/media?parent=3393"}],"wp:term":[{"taxonomy":"category","embeddable":true,"href":"https:\/\/www.fundacioncuidarycurar.org\/webfcyc\/wp-json\/wp\/v2\/categories?post=3393"},{"taxonomy":"post_tag","embeddable":true,"href":"https:\/\/www.fundacioncuidarycurar.org\/webfcyc\/wp-json\/wp\/v2\/tags?post=3393"}],"curies":[{"name":"wp","href":"https:\/\/api.w.org\/{rel}","templated":true}]}}