{"id":3372,"date":"2025-12-01T11:25:08","date_gmt":"2025-12-01T11:25:08","guid":{"rendered":"https:\/\/www.fundacioncuidarycurar.org\/webfcyc\/?p=3372"},"modified":"2025-12-01T11:25:08","modified_gmt":"2025-12-01T11:25:08","slug":"avanzan-los-trabajos-para-la-adecuacion-del-crpm-nuestra-senora-de-las-mercedes-de-linares-al-nuevo-modelo-de-cuidados-de-larga-duracion","status":"publish","type":"post","link":"https:\/\/www.fundacioncuidarycurar.org\/webfcyc\/2025\/12\/01\/avanzan-los-trabajos-para-la-adecuacion-del-crpm-nuestra-senora-de-las-mercedes-de-linares-al-nuevo-modelo-de-cuidados-de-larga-duracion\/","title":{"rendered":"Avanzan los trabajos para la adecuaci\u00f3n del CRPM \u201cNuestra Se\u00f1ora de las Mercedes\u201d de Linares al nuevo modelo de cuidados de larga duraci\u00f3n"},"content":{"rendered":"<div id=\"pl-3372\"  class=\"panel-layout\" ><div id=\"pg-3372-0\"  class=\"panel-grid panel-has-style\" ><div style=\"padding: 0px 0; \" data-overlay=\"true\" data-overlay-color=\"#000000\" class=\"panel-row-style panel-row-style-for-3372-0\" ><div id=\"pgc-3372-0-0\"  class=\"panel-grid-cell\" ><div id=\"panel-3372-0-0-0\" class=\"so-panel widget widget_text panel-first-child\" data-index=\"0\" ><div style=\"text-align: left;\" data-title-color=\"#443f3f\" data-headings-color=\"#443f3f\" class=\"panel-widget-style panel-widget-style-for-3372-0-0-0\" >\t\t\t<div class=\"textwidget\"><p style=\"text-align: center;\"><em>Alzado nuevo edificio: \u00abTrabajos de construcci\u00f3n de nuevo m\u00f3dulo que permitir\u00e1 reordenar usos y ampliar la capacidad del Centro N\u00aa S\u00aa de las Mercedes\u00bb<\/em><\/p>\n<\/div>\n\t\t<\/div><\/div><div id=\"panel-3372-0-0-1\" class=\"so-panel widget widget_text panel-last-child\" data-index=\"1\" ><div style=\"text-align: left;\" data-title-color=\"#443f3f\" data-headings-color=\"#443f3f\" class=\"panel-widget-style panel-widget-style-for-3372-0-0-1\" >\t\t\t<div class=\"textwidget\"><p style=\"text-align: justify;\">A punto de concluir la primera fase de los trabajos emprendidos por la Fundaci\u00f3n Cuidar y Curar para la ampliaci\u00f3n del hist\u00f3rico centro linarense. En esta intervenci\u00f3n que ha contado con un presupuesto de 351.843,92 \u20ac, la Consejer\u00eda de Inclusi\u00f3n Social, Juventud, Familias e Igualdad ha aportado el 88 % de su coste mediante subvenci\u00f3n concedida en el marco de la convocatoria 2024 de subvenciones a entidades sin \u00e1nimo de lucro con cargo a la asignaci\u00f3n tributaria del 0,7 % del IRPF mientras que la Fundaci\u00f3n Cuidar y Curar ha aportado el 12 % restante.<\/p>\n<p style=\"text-align: justify;\">Es de rese\u00f1ar que la fase ha contado con dos actuaciones muy concretas y as\u00ed al tiempo que se est\u00e1 construyendo un\u00a0 m\u00f3dulo de nueva planta, en la trasera de la capilla del centro, que permitir\u00e1 en futuras actuaciones ampliar su capacidad con 14 nuevas plazas, todas ellas individuales, se han ejecutado tambi\u00e9n trabajos de reordenaci\u00f3n de espacios y reasignaci\u00f3n de usos que han permitido tanto crear\u00a0 unas Zonas de Atenci\u00f3n Especializada (Fisioterapia y Terapia Ocupacional) como\u00a0 generar unos vestuarios adecuados a las necesidades de los trabajadores y trabajadoras de los que se carec\u00eda hasta ahora.<\/p>\n<p style=\"text-align: justify;\">Actuaciones todas ellas que posibilitar\u00e1n que, en pr\u00f3ximas actuaciones, se puedan tanto terminar los dormitorios, proyectados en el m\u00f3dulo de nueva construcci\u00f3n, como a reordenar la totalidad del edificio, en base a cuatro unidades de convivencia, a la que se le habilitar\u00e1n aquellos espacios que requiere la nueva normativa de adecuaci\u00f3n de los Centros al nuevo modelo de cuidados de larga duraci\u00f3n y atenci\u00f3n centrada en la persona.<\/p>\n<\/div>\n\t\t<\/div><\/div><\/div><\/div><\/div><div id=\"pg-3372-1\"  class=\"panel-grid panel-has-style\" ><div style=\"padding: 0px 0; \" data-overlay=\"true\" data-overlay-color=\"#000000\" class=\"panel-row-style panel-row-style-for-3372-1\" ><div id=\"pgc-3372-1-0\"  class=\"panel-grid-cell\" ><div id=\"panel-3372-1-0-0\" class=\"so-panel widget widget_media_image panel-first-child panel-last-child\" data-index=\"2\" ><div style=\"text-align: left;\" data-title-color=\"#443f3f\" data-headings-color=\"#443f3f\" class=\"panel-widget-style panel-widget-style-for-3372-1-0-0\" ><figure style=\"width: 480px\" class=\"wp-caption alignnone\"><img loading=\"lazy\" decoding=\"async\" width=\"480\" height=\"640\" src=\"https:\/\/www.fundacioncuidarycurar.org\/webfcyc\/wp-content\/uploads\/2025\/12\/VESTUARIOS-HOMBRES-rotated.jpg\" class=\"image wp-image-3380  attachment-full size-full\" alt=\"\" style=\"max-width: 100%; height: auto;\" srcset=\"https:\/\/www.fundacioncuidarycurar.org\/webfcyc\/wp-content\/uploads\/2025\/12\/VESTUARIOS-HOMBRES-rotated.jpg 480w, https:\/\/www.fundacioncuidarycurar.org\/webfcyc\/wp-content\/uploads\/2025\/12\/VESTUARIOS-HOMBRES-225x300.jpg 225w, https:\/\/www.fundacioncuidarycurar.org\/webfcyc\/wp-content\/uploads\/2025\/12\/VESTUARIOS-HOMBRES-230x307.jpg 230w, https:\/\/www.fundacioncuidarycurar.org\/webfcyc\/wp-content\/uploads\/2025\/12\/VESTUARIOS-HOMBRES-350x467.jpg 350w\" sizes=\"auto, (max-width: 480px) 100vw, 480px\" \/><figcaption class=\"wp-caption-text\">Vestuario hombres<\/figcaption><\/figure><\/div><\/div><\/div><div id=\"pgc-3372-1-1\"  class=\"panel-grid-cell\" ><div id=\"panel-3372-1-1-0\" class=\"so-panel widget widget_media_image panel-first-child panel-last-child\" data-index=\"3\" ><div style=\"text-align: left;\" data-title-color=\"#443f3f\" data-headings-color=\"#443f3f\" class=\"panel-widget-style panel-widget-style-for-3372-1-1-0\" ><figure style=\"width: 480px\" class=\"wp-caption alignnone\"><img loading=\"lazy\" decoding=\"async\" width=\"480\" height=\"640\" src=\"https:\/\/www.fundacioncuidarycurar.org\/webfcyc\/wp-content\/uploads\/2025\/12\/VESTUARIOS-MUJERES-2-rotated.jpg\" class=\"image wp-image-3381  attachment-full size-full\" alt=\"\" style=\"max-width: 100%; height: auto;\" srcset=\"https:\/\/www.fundacioncuidarycurar.org\/webfcyc\/wp-content\/uploads\/2025\/12\/VESTUARIOS-MUJERES-2-rotated.jpg 480w, https:\/\/www.fundacioncuidarycurar.org\/webfcyc\/wp-content\/uploads\/2025\/12\/VESTUARIOS-MUJERES-2-225x300.jpg 225w, https:\/\/www.fundacioncuidarycurar.org\/webfcyc\/wp-content\/uploads\/2025\/12\/VESTUARIOS-MUJERES-2-230x307.jpg 230w, https:\/\/www.fundacioncuidarycurar.org\/webfcyc\/wp-content\/uploads\/2025\/12\/VESTUARIOS-MUJERES-2-350x467.jpg 350w\" sizes=\"auto, (max-width: 480px) 100vw, 480px\" \/><figcaption class=\"wp-caption-text\">Vestuario mujeres<\/figcaption><\/figure><\/div><\/div><\/div><\/div><\/div><div id=\"pg-3372-2\"  class=\"panel-grid panel-has-style\" ><div style=\"padding: 0px 0; \" data-overlay=\"true\" data-overlay-color=\"#000000\" class=\"panel-row-style panel-row-style-for-3372-2\" ><div id=\"pgc-3372-2-0\"  class=\"panel-grid-cell\" ><div id=\"panel-3372-2-0-0\" class=\"so-panel widget widget_media_image panel-first-child panel-last-child\" data-index=\"4\" ><div style=\"text-align: left;\" data-title-color=\"#443f3f\" data-headings-color=\"#443f3f\" class=\"panel-widget-style panel-widget-style-for-3372-2-0-0\" ><figure style=\"width: 480px\" class=\"wp-caption alignnone\"><img loading=\"lazy\" decoding=\"async\" width=\"480\" height=\"640\" src=\"https:\/\/www.fundacioncuidarycurar.org\/webfcyc\/wp-content\/uploads\/2025\/12\/NUEVA-SALA-FISO-2-rotated.jpg\" class=\"image wp-image-3376  attachment-full size-full\" alt=\"\" style=\"max-width: 100%; height: auto;\" srcset=\"https:\/\/www.fundacioncuidarycurar.org\/webfcyc\/wp-content\/uploads\/2025\/12\/NUEVA-SALA-FISO-2-rotated.jpg 480w, https:\/\/www.fundacioncuidarycurar.org\/webfcyc\/wp-content\/uploads\/2025\/12\/NUEVA-SALA-FISO-2-225x300.jpg 225w, https:\/\/www.fundacioncuidarycurar.org\/webfcyc\/wp-content\/uploads\/2025\/12\/NUEVA-SALA-FISO-2-230x307.jpg 230w, https:\/\/www.fundacioncuidarycurar.org\/webfcyc\/wp-content\/uploads\/2025\/12\/NUEVA-SALA-FISO-2-350x467.jpg 350w\" sizes=\"auto, (max-width: 480px) 100vw, 480px\" \/><figcaption class=\"wp-caption-text\">Nueva sala de fisio 2: \"Zona de Atenci\u00f3n Especializada: Sala de Fisioterapia\"<\/figcaption><\/figure><\/div><\/div><\/div><div id=\"pgc-3372-2-1\"  class=\"panel-grid-cell\" ><div id=\"panel-3372-2-1-0\" class=\"so-panel widget widget_media_image panel-first-child panel-last-child\" data-index=\"5\" ><div style=\"text-align: left;\" data-title-color=\"#443f3f\" data-headings-color=\"#443f3f\" class=\"panel-widget-style panel-widget-style-for-3372-2-1-0\" ><figure style=\"width: 480px\" class=\"wp-caption alignnone\"><img loading=\"lazy\" decoding=\"async\" width=\"480\" height=\"640\" src=\"https:\/\/www.fundacioncuidarycurar.org\/webfcyc\/wp-content\/uploads\/2025\/12\/NUEVA-SALA-PSICO-TERAPIA-rotated.jpg\" class=\"image wp-image-3378  attachment-full size-full\" alt=\"\" style=\"max-width: 100%; height: auto;\" srcset=\"https:\/\/www.fundacioncuidarycurar.org\/webfcyc\/wp-content\/uploads\/2025\/12\/NUEVA-SALA-PSICO-TERAPIA-rotated.jpg 480w, https:\/\/www.fundacioncuidarycurar.org\/webfcyc\/wp-content\/uploads\/2025\/12\/NUEVA-SALA-PSICO-TERAPIA-225x300.jpg 225w, https:\/\/www.fundacioncuidarycurar.org\/webfcyc\/wp-content\/uploads\/2025\/12\/NUEVA-SALA-PSICO-TERAPIA-230x307.jpg 230w, https:\/\/www.fundacioncuidarycurar.org\/webfcyc\/wp-content\/uploads\/2025\/12\/NUEVA-SALA-PSICO-TERAPIA-350x467.jpg 350w\" sizes=\"auto, (max-width: 480px) 100vw, 480px\" \/><figcaption class=\"wp-caption-text\">Nueva Sala Psicoterapia 2<\/figcaption><\/figure><\/div><\/div><\/div><\/div><\/div><div id=\"pg-3372-3\"  class=\"panel-grid panel-has-style\" ><div style=\"padding: 0px 0; \" data-overlay=\"true\" data-overlay-color=\"#000000\" class=\"panel-row-style panel-row-style-for-3372-3\" ><div id=\"pgc-3372-3-0\"  class=\"panel-grid-cell\" ><div id=\"panel-3372-3-0-0\" class=\"so-panel widget widget_media_image panel-first-child panel-last-child\" data-index=\"6\" ><div style=\"text-align: left;\" data-title-color=\"#443f3f\" data-headings-color=\"#443f3f\" class=\"panel-widget-style panel-widget-style-for-3372-3-0-0\" ><figure style=\"width: 640px\" class=\"wp-caption alignnone\"><img loading=\"lazy\" decoding=\"async\" width=\"640\" height=\"480\" src=\"https:\/\/www.fundacioncuidarycurar.org\/webfcyc\/wp-content\/uploads\/2025\/12\/NUEVA-SALA-PSICO-TERAPIA-3.jpg\" class=\"image wp-image-3377  attachment-full size-full\" alt=\"\" style=\"max-width: 100%; height: auto;\" srcset=\"https:\/\/www.fundacioncuidarycurar.org\/webfcyc\/wp-content\/uploads\/2025\/12\/NUEVA-SALA-PSICO-TERAPIA-3.jpg 640w, https:\/\/www.fundacioncuidarycurar.org\/webfcyc\/wp-content\/uploads\/2025\/12\/NUEVA-SALA-PSICO-TERAPIA-3-300x225.jpg 300w, https:\/\/www.fundacioncuidarycurar.org\/webfcyc\/wp-content\/uploads\/2025\/12\/NUEVA-SALA-PSICO-TERAPIA-3-230x173.jpg 230w, https:\/\/www.fundacioncuidarycurar.org\/webfcyc\/wp-content\/uploads\/2025\/12\/NUEVA-SALA-PSICO-TERAPIA-3-350x263.jpg 350w, https:\/\/www.fundacioncuidarycurar.org\/webfcyc\/wp-content\/uploads\/2025\/12\/NUEVA-SALA-PSICO-TERAPIA-3-480x360.jpg 480w\" sizes=\"auto, (max-width: 640px) 100vw, 640px\" \/><figcaption class=\"wp-caption-text\">Nueva Sala Psicoterapia 3: \"Zona de Atenci\u00f3n Especializada: Sala de Terapia Ocupacional\"<\/figcaption><\/figure><\/div><\/div><\/div><div id=\"pgc-3372-3-1\"  class=\"panel-grid-cell\" ><div id=\"panel-3372-3-1-0\" class=\"so-panel widget widget_media_image panel-first-child panel-last-child\" data-index=\"7\" ><div style=\"text-align: left;\" data-title-color=\"#443f3f\" data-headings-color=\"#443f3f\" class=\"panel-widget-style panel-widget-style-for-3372-3-1-0\" ><figure style=\"width: 640px\" class=\"wp-caption alignnone\"><img loading=\"lazy\" decoding=\"async\" width=\"640\" height=\"480\" src=\"https:\/\/www.fundacioncuidarycurar.org\/webfcyc\/wp-content\/uploads\/2025\/12\/SALA-DE-ESTAR.jpg\" class=\"image wp-image-3379  attachment-full size-full\" alt=\"\" style=\"max-width: 100%; height: auto;\" srcset=\"https:\/\/www.fundacioncuidarycurar.org\/webfcyc\/wp-content\/uploads\/2025\/12\/SALA-DE-ESTAR.jpg 640w, https:\/\/www.fundacioncuidarycurar.org\/webfcyc\/wp-content\/uploads\/2025\/12\/SALA-DE-ESTAR-300x225.jpg 300w, https:\/\/www.fundacioncuidarycurar.org\/webfcyc\/wp-content\/uploads\/2025\/12\/SALA-DE-ESTAR-230x173.jpg 230w, https:\/\/www.fundacioncuidarycurar.org\/webfcyc\/wp-content\/uploads\/2025\/12\/SALA-DE-ESTAR-350x263.jpg 350w, https:\/\/www.fundacioncuidarycurar.org\/webfcyc\/wp-content\/uploads\/2025\/12\/SALA-DE-ESTAR-480x360.jpg 480w\" sizes=\"auto, (max-width: 640px) 100vw, 640px\" \/><figcaption class=\"wp-caption-text\">Sala de estar de trabajadores y trabajadoras<\/figcaption><\/figure><\/div><\/div><\/div><\/div><\/div><div id=\"pg-3372-4\"  class=\"panel-grid panel-has-style\" ><div style=\"padding: 0px 0; \" data-overlay=\"true\" data-overlay-color=\"#000000\" class=\"panel-row-style panel-row-style-for-3372-4\" ><div id=\"pgc-3372-4-0\"  class=\"panel-grid-cell\" ><div id=\"panel-3372-4-0-0\" class=\"so-panel widget widget_media_image panel-first-child panel-last-child\" data-index=\"8\" ><div style=\"text-align: left;\" data-title-color=\"#443f3f\" data-headings-color=\"#443f3f\" class=\"panel-widget-style panel-widget-style-for-3372-4-0-0\" ><img loading=\"lazy\" decoding=\"async\" width=\"996\" height=\"355\" src=\"https:\/\/www.fundacioncuidarycurar.org\/webfcyc\/wp-content\/uploads\/2025\/02\/Sin-titulo-1-e1739440810627.png\" class=\"image wp-image-3314  attachment-full size-full\" alt=\"\" style=\"max-width: 100%; height: auto;\" srcset=\"https:\/\/www.fundacioncuidarycurar.org\/webfcyc\/wp-content\/uploads\/2025\/02\/Sin-titulo-1-e1739440810627.png 996w, https:\/\/www.fundacioncuidarycurar.org\/webfcyc\/wp-content\/uploads\/2025\/02\/Sin-titulo-1-e1739440810627-300x107.png 300w, https:\/\/www.fundacioncuidarycurar.org\/webfcyc\/wp-content\/uploads\/2025\/02\/Sin-titulo-1-e1739440810627-768x274.png 768w, https:\/\/www.fundacioncuidarycurar.org\/webfcyc\/wp-content\/uploads\/2025\/02\/Sin-titulo-1-e1739440810627-230x82.png 230w, https:\/\/www.fundacioncuidarycurar.org\/webfcyc\/wp-content\/uploads\/2025\/02\/Sin-titulo-1-e1739440810627-350x125.png 350w, https:\/\/www.fundacioncuidarycurar.org\/webfcyc\/wp-content\/uploads\/2025\/02\/Sin-titulo-1-e1739440810627-480x171.png 480w\" sizes=\"auto, (max-width: 996px) 100vw, 996px\" \/><\/div><\/div><\/div><div id=\"pgc-3372-4-1\"  class=\"panel-grid-cell\" ><div id=\"panel-3372-4-1-0\" class=\"so-panel widget widget_media_image panel-first-child panel-last-child\" data-index=\"9\" ><div style=\"text-align: left;\" data-title-color=\"#443f3f\" data-headings-color=\"#443f3f\" class=\"panel-widget-style panel-widget-style-for-3372-4-1-0\" ><img loading=\"lazy\" decoding=\"async\" width=\"341\" height=\"109\" src=\"https:\/\/www.fundacioncuidarycurar.org\/webfcyc\/wp-content\/uploads\/2025\/12\/agenda-2030-e1772622350964.jpeg\" class=\"image wp-image-3383  attachment-full size-full\" alt=\"\" style=\"max-width: 100%; height: auto;\" srcset=\"https:\/\/www.fundacioncuidarycurar.org\/webfcyc\/wp-content\/uploads\/2025\/12\/agenda-2030-e1772622350964.jpeg 341w, https:\/\/www.fundacioncuidarycurar.org\/webfcyc\/wp-content\/uploads\/2025\/12\/agenda-2030-e1772622350964-300x96.jpeg 300w, https:\/\/www.fundacioncuidarycurar.org\/webfcyc\/wp-content\/uploads\/2025\/12\/agenda-2030-e1772622350964-230x74.jpeg 230w\" sizes=\"auto, (max-width: 341px) 100vw, 341px\" \/><\/div><\/div><\/div><div id=\"pgc-3372-4-2\"  class=\"panel-grid-cell\" ><div id=\"panel-3372-4-2-0\" class=\"so-panel widget widget_media_image panel-first-child panel-last-child\" data-index=\"10\" ><div style=\"text-align: left;\" data-title-color=\"#443f3f\" data-headings-color=\"#443f3f\" class=\"panel-widget-style panel-widget-style-for-3372-4-2-0\" ><img loading=\"lazy\" decoding=\"async\" width=\"1222\" height=\"484\" src=\"https:\/\/www.fundacioncuidarycurar.org\/webfcyc\/wp-content\/uploads\/2025\/12\/Actividad-subvencionada-07.png\" class=\"image wp-image-3384  attachment-full size-full\" alt=\"\" style=\"max-width: 100%; height: auto;\" srcset=\"https:\/\/www.fundacioncuidarycurar.org\/webfcyc\/wp-content\/uploads\/2025\/12\/Actividad-subvencionada-07.png 1222w, https:\/\/www.fundacioncuidarycurar.org\/webfcyc\/wp-content\/uploads\/2025\/12\/Actividad-subvencionada-07-300x119.png 300w, https:\/\/www.fundacioncuidarycurar.org\/webfcyc\/wp-content\/uploads\/2025\/12\/Actividad-subvencionada-07-1024x406.png 1024w, https:\/\/www.fundacioncuidarycurar.org\/webfcyc\/wp-content\/uploads\/2025\/12\/Actividad-subvencionada-07-768x304.png 768w, https:\/\/www.fundacioncuidarycurar.org\/webfcyc\/wp-content\/uploads\/2025\/12\/Actividad-subvencionada-07-1000x396.png 1000w, https:\/\/www.fundacioncuidarycurar.org\/webfcyc\/wp-content\/uploads\/2025\/12\/Actividad-subvencionada-07-230x91.png 230w, https:\/\/www.fundacioncuidarycurar.org\/webfcyc\/wp-content\/uploads\/2025\/12\/Actividad-subvencionada-07-350x139.png 350w, https:\/\/www.fundacioncuidarycurar.org\/webfcyc\/wp-content\/uploads\/2025\/12\/Actividad-subvencionada-07-480x190.png 480w\" sizes=\"auto, (max-width: 1222px) 100vw, 1222px\" \/><\/div><\/div><\/div><\/div><\/div><\/div>","protected":false},"excerpt":{"rendered":"<p>Alzado nuevo edificio: \u00abTrabajos de construcci\u00f3n de nuevo m\u00f3dulo que permitir\u00e1 reordenar usos y ampliar la capacidad del Centro N\u00aa S\u00aa de [&hellip;]<\/p>\n","protected":false},"author":1,"featured_media":3373,"comment_status":"open","ping_status":"open","sticky":false,"template":"","format":"standard","meta":{"footnotes":""},"categories":[1],"tags":[],"class_list":["post-3372","post","type-post","status-publish","format-standard","has-post-thumbnail","hentry","category-sin-categoria"],"_links":{"self":[{"href":"https:\/\/www.fundacioncuidarycurar.org\/webfcyc\/wp-json\/wp\/v2\/posts\/3372","targetHints":{"allow":["GET"]}}],"collection":[{"href":"https:\/\/www.fundacioncuidarycurar.org\/webfcyc\/wp-json\/wp\/v2\/posts"}],"about":[{"href":"https:\/\/www.fundacioncuidarycurar.org\/webfcyc\/wp-json\/wp\/v2\/types\/post"}],"author":[{"embeddable":true,"href":"https:\/\/www.fundacioncuidarycurar.org\/webfcyc\/wp-json\/wp\/v2\/users\/1"}],"replies":[{"embeddable":true,"href":"https:\/\/www.fundacioncuidarycurar.org\/webfcyc\/wp-json\/wp\/v2\/comments?post=3372"}],"version-history":[{"count":3,"href":"https:\/\/www.fundacioncuidarycurar.org\/webfcyc\/wp-json\/wp\/v2\/posts\/3372\/revisions"}],"predecessor-version":[{"id":3385,"href":"https:\/\/www.fundacioncuidarycurar.org\/webfcyc\/wp-json\/wp\/v2\/posts\/3372\/revisions\/3385"}],"wp:featuredmedia":[{"embeddable":true,"href":"https:\/\/www.fundacioncuidarycurar.org\/webfcyc\/wp-json\/wp\/v2\/media\/3373"}],"wp:attachment":[{"href":"https:\/\/www.fundacioncuidarycurar.org\/webfcyc\/wp-json\/wp\/v2\/media?parent=3372"}],"wp:term":[{"taxonomy":"category","embeddable":true,"href":"https:\/\/www.fundacioncuidarycurar.org\/webfcyc\/wp-json\/wp\/v2\/categories?post=3372"},{"taxonomy":"post_tag","embeddable":true,"href":"https:\/\/www.fundacioncuidarycurar.org\/webfcyc\/wp-json\/wp\/v2\/tags?post=3372"}],"curies":[{"name":"wp","href":"https:\/\/api.w.org\/{rel}","templated":true}]}}