{"id":3299,"date":"2025-02-13T08:48:11","date_gmt":"2025-02-13T08:48:11","guid":{"rendered":"https:\/\/www.fundacioncuidarycurar.org\/webfcyc\/?p=3299"},"modified":"2025-02-13T14:55:33","modified_gmt":"2025-02-13T14:55:33","slug":"la-fundacion-cuidar-y-curar-inicia-los-trabajos-de-adecuacion-del-centro-residencial-gazules-de-alcala-de-los-gazules-al-nuevo-modelo-de-cuidados-de-larga-duracion","status":"publish","type":"post","link":"https:\/\/www.fundacioncuidarycurar.org\/webfcyc\/2025\/02\/13\/la-fundacion-cuidar-y-curar-inicia-los-trabajos-de-adecuacion-del-centro-residencial-gazules-de-alcala-de-los-gazules-al-nuevo-modelo-de-cuidados-de-larga-duracion\/","title":{"rendered":"La Fundaci\u00f3n Cuidar y Curar inicia los trabajos de adecuaci\u00f3n del Centro Residencial \u201cGazules\u201d de Alcal\u00e1 de los Gazules al nuevo modelo de cuidados de larga duraci\u00f3n"},"content":{"rendered":"<div id=\"pl-3299\"  class=\"panel-layout\" ><div id=\"pg-3299-0\"  class=\"panel-grid panel-has-style\" ><div style=\"padding: 0px 0; \" data-overlay=\"true\" data-overlay-color=\"#000000\" class=\"panel-row-style panel-row-style-for-3299-0\" ><div id=\"pgc-3299-0-0\"  class=\"panel-grid-cell\" ><div id=\"panel-3299-0-0-0\" class=\"so-panel widget widget_text panel-first-child\" data-index=\"0\" ><div style=\"text-align: left;\" data-title-color=\"#443f3f\" data-headings-color=\"#443f3f\" class=\"panel-widget-style panel-widget-style-for-3299-0-0-0\" >\t\t\t<div class=\"textwidget\"><p style=\"text-align: justify;\">El pasado 21 de Enero la Fundaci\u00f3n Cuidar y Curar comenz\u00f3 los trabajos de adecuaci\u00f3n del Centro Residencial de Alcal\u00e1 de los Gazules, actualmente cerrado por no cumplir las condiciones necesarias para que sus plazas se pudiesen acreditar para la atenci\u00f3n de personas mayores dependientes.<\/p>\n<p style=\"text-align: justify;\">La intervenci\u00f3n sobre este edificio, propiedad del Ayuntamiento alcala\u00edno del que la Fundaci\u00f3n es concesionaria, \u00a0se lleva a cabo con una subvenci\u00f3n, en r\u00e9gimen de concurrencia competitiva, de la Consejer\u00eda de Inclusi\u00f3n Social, Juventud, Familias e Igualdad, en convocatoria dirigida a la construcci\u00f3n y\/o adaptaci\u00f3n de Centros de D\u00eda y Centros Residenciales para personas mayores y personas con discapacidad de titularidad de entidades locales, entidades sin \u00e1nimo de lucro y entidades mercantiles de \u00e1mbito social, a fin de adecuarlos al nuevo modelo de cuidados de larga duraci\u00f3n, con cargo al Plan de Recuperaci\u00f3n, Transformaci\u00f3n y Resiliencia (PRTR) \u2013financiado por la Uni\u00f3n Europea-NextGenerationEU\u2013.<\/p>\n<p style=\"text-align: justify;\">El Centro, construido entre los a\u00f1os 2011 y 2012, despu\u00e9s de obtener la correspondiente autorizaci\u00f3n de funcionamiento, por problemas surgidos a la entonces concesionaria no abri\u00f3 al p\u00fablico inmediatamente de modo que, cuando en 2014 se intent\u00f3 poner en uso y por un cambio en la normativa que le era de aplicaci\u00f3n sus plazas no podr\u00edan acreditarse para atender a personas mayores dependientes si no se acomet\u00edan antes, unos cuantiosos trabajos de adecuaci\u00f3n material de las instalaciones.<\/p>\n<p style=\"text-align: justify;\">Tras la recuperaci\u00f3n del edificio por el Ayuntamiento y la realizaci\u00f3n de una nueva licitaci\u00f3n, de la que result\u00f3 adjudicataria la Fundaci\u00f3n Cuidar y Curar, \u00e9sta, tras comprar una vivienda colindante para anexionarla a aquel, encarg\u00f3 al Arquitecto Jos\u00e9 Mar\u00eda G\u00f3mez Delgado la redacci\u00f3n proyecto destinado a resolver las diferentes carencias detectadas.<\/p>\n<p style=\"text-align: justify;\">La propuesta contemplaba la divisi\u00f3n del edificio en dos recursos asistenciales diferenciados, de un lado un Centro de D\u00eda, con 30 plazas de capacidad y de otro un Centro residencial desde el que atender a 75 personas mayores dependientes.<\/p>\n<p style=\"text-align: justify;\">Los trabajos que la constructora adjudicataria\u00a0 de los mismos, AMPE, Ingenier\u00eda y Obras SLU,\u00a0 est\u00e1 ejecutando\u00a0 en el Centro Residencial con cargo a \u00a0la subvenci\u00f3n del PRTR financiado por la Uni\u00f3n Europea -Next Generation EU- se centran \u00a0tanto en los elementos de comunicaci\u00f3n, \u00a0toda vez que las escaleras se adaptar\u00e1n para que puedan emplearse como escaleras protegidas como en los ascensores,\u00a0 ya que al monta personas y monta camillas existentes se a\u00f1adir\u00e1 un nuevo monta camas a construir en espacio actualmente destinado a patio.<\/p>\n<p style=\"text-align: justify;\">Como en una reordenaci\u00f3n general de los espacios comunes y habitaciones.\u00a0 As\u00ed, en el semis\u00f3tano o PB desde la calle colindante (Nuestra Sra. De los Santos a la que la Residencia tiene puertas de acceso desde los n\u00fameros 2,4 y 6) se interviene dando una nueva ordenaci\u00f3n de la cocina, ampliando las zonas destinadas a atenci\u00f3n especializada (Fisioterapia y Terapia Ocupacional) as\u00ed como creando una nueva capilla.<\/p>\n<p style=\"text-align: justify;\">En la Planta Baja o acceso principal desde la Plaza Alameda de la Cruz n\u00ba 10 a los ya mencionados trabajos de instalaci\u00f3n de un nuevo ascensor en el patio central y cierre de las escaleras han de unirse la redistribuci\u00f3n de los espacios destinados a salas de visita y despacho de trabajo social como la creaci\u00f3n de una zona destinada a enfermer\u00eda compuesta de consulta, 2 habitaciones individuales, 1 habitaci\u00f3n doble y 1 ba\u00f1o adaptado. Completa el programa de la PB 2 habitaciones dobles y 1 habitaci\u00f3n individual.<\/p>\n<p style=\"text-align: justify;\">En las planta primera y segunda se reformar\u00e1n 11 habitaciones dobles y 4 habitaciones individuales y se crear\u00e1n una zona de estar y comedor y un puesto de control, en cada una de ellas.<\/p>\n<p style=\"text-align: justify;\">En planta tercera se reformar\u00e1n 7 habitaciones dobles y 8 habitaciones individuales al tiempo que se crear\u00e1n una zona de estar y comedor.<\/p>\n<\/div>\n\t\t<\/div><\/div><div id=\"panel-3299-0-0-1\" class=\"so-panel widget widget_media_gallery\" data-index=\"1\" ><div style=\"text-align: left;\" data-title-color=\"#443f3f\" data-headings-color=\"#443f3f\" class=\"panel-widget-style panel-widget-style-for-3299-0-0-1\" ><div id='gallery-1' class='gallery galleryid-3299 gallery-columns-3 gallery-size-large'><figure class='gallery-item'>\n\t\t\t<div class='gallery-icon portrait'>\n\t\t\t\t<a href='https:\/\/www.fundacioncuidarycurar.org\/webfcyc\/2025\/02\/13\/la-fundacion-cuidar-y-curar-inicia-los-trabajos-de-adecuacion-del-centro-residencial-gazules-de-alcala-de-los-gazules-al-nuevo-modelo-de-cuidados-de-larga-duracion\/20250212_121824\/'><img loading=\"lazy\" decoding=\"async\" width=\"768\" height=\"1024\" src=\"https:\/\/www.fundacioncuidarycurar.org\/webfcyc\/wp-content\/uploads\/2025\/02\/20250212_121824-768x1024.jpg\" class=\"attachment-large size-large\" alt=\"\" srcset=\"https:\/\/www.fundacioncuidarycurar.org\/webfcyc\/wp-content\/uploads\/2025\/02\/20250212_121824-768x1024.jpg 768w, https:\/\/www.fundacioncuidarycurar.org\/webfcyc\/wp-content\/uploads\/2025\/02\/20250212_121824-225x300.jpg 225w, https:\/\/www.fundacioncuidarycurar.org\/webfcyc\/wp-content\/uploads\/2025\/02\/20250212_121824-1152x1536.jpg 1152w, https:\/\/www.fundacioncuidarycurar.org\/webfcyc\/wp-content\/uploads\/2025\/02\/20250212_121824-1536x2048.jpg 1536w, https:\/\/www.fundacioncuidarycurar.org\/webfcyc\/wp-content\/uploads\/2025\/02\/20250212_121824-1000x1333.jpg 1000w, https:\/\/www.fundacioncuidarycurar.org\/webfcyc\/wp-content\/uploads\/2025\/02\/20250212_121824-230x307.jpg 230w, https:\/\/www.fundacioncuidarycurar.org\/webfcyc\/wp-content\/uploads\/2025\/02\/20250212_121824-350x467.jpg 350w, https:\/\/www.fundacioncuidarycurar.org\/webfcyc\/wp-content\/uploads\/2025\/02\/20250212_121824-480x640.jpg 480w, https:\/\/www.fundacioncuidarycurar.org\/webfcyc\/wp-content\/uploads\/2025\/02\/20250212_121824-scaled.jpg 1920w\" sizes=\"auto, (max-width: 768px) 100vw, 768px\" \/><\/a>\n\t\t\t<\/div><\/figure><figure class='gallery-item'>\n\t\t\t<div class='gallery-icon portrait'>\n\t\t\t\t<a href='https:\/\/www.fundacioncuidarycurar.org\/webfcyc\/2025\/02\/13\/la-fundacion-cuidar-y-curar-inicia-los-trabajos-de-adecuacion-del-centro-residencial-gazules-de-alcala-de-los-gazules-al-nuevo-modelo-de-cuidados-de-larga-duracion\/whatsapp-image-2025-02-13-at-14-12-46\/'><img loading=\"lazy\" decoding=\"async\" width=\"768\" height=\"1024\" src=\"https:\/\/www.fundacioncuidarycurar.org\/webfcyc\/wp-content\/uploads\/2025\/02\/WhatsApp-Image-2025-02-13-at-14.12.46-768x1024.jpeg\" class=\"attachment-large size-large\" alt=\"\" srcset=\"https:\/\/www.fundacioncuidarycurar.org\/webfcyc\/wp-content\/uploads\/2025\/02\/WhatsApp-Image-2025-02-13-at-14.12.46-768x1024.jpeg 768w, https:\/\/www.fundacioncuidarycurar.org\/webfcyc\/wp-content\/uploads\/2025\/02\/WhatsApp-Image-2025-02-13-at-14.12.46-225x300.jpeg 225w, https:\/\/www.fundacioncuidarycurar.org\/webfcyc\/wp-content\/uploads\/2025\/02\/WhatsApp-Image-2025-02-13-at-14.12.46-1152x1536.jpeg 1152w, https:\/\/www.fundacioncuidarycurar.org\/webfcyc\/wp-content\/uploads\/2025\/02\/WhatsApp-Image-2025-02-13-at-14.12.46-1000x1333.jpeg 1000w, https:\/\/www.fundacioncuidarycurar.org\/webfcyc\/wp-content\/uploads\/2025\/02\/WhatsApp-Image-2025-02-13-at-14.12.46-230x307.jpeg 230w, https:\/\/www.fundacioncuidarycurar.org\/webfcyc\/wp-content\/uploads\/2025\/02\/WhatsApp-Image-2025-02-13-at-14.12.46-350x467.jpeg 350w, https:\/\/www.fundacioncuidarycurar.org\/webfcyc\/wp-content\/uploads\/2025\/02\/WhatsApp-Image-2025-02-13-at-14.12.46-480x640.jpeg 480w, https:\/\/www.fundacioncuidarycurar.org\/webfcyc\/wp-content\/uploads\/2025\/02\/WhatsApp-Image-2025-02-13-at-14.12.46.jpeg 1530w\" sizes=\"auto, (max-width: 768px) 100vw, 768px\" \/><\/a>\n\t\t\t<\/div><\/figure><figure class='gallery-item'>\n\t\t\t<div class='gallery-icon portrait'>\n\t\t\t\t<a href='https:\/\/www.fundacioncuidarycurar.org\/webfcyc\/2025\/02\/13\/la-fundacion-cuidar-y-curar-inicia-los-trabajos-de-adecuacion-del-centro-residencial-gazules-de-alcala-de-los-gazules-al-nuevo-modelo-de-cuidados-de-larga-duracion\/20250211_093554\/'><img loading=\"lazy\" decoding=\"async\" width=\"768\" height=\"1024\" src=\"https:\/\/www.fundacioncuidarycurar.org\/webfcyc\/wp-content\/uploads\/2025\/02\/20250211_093554-768x1024.jpg\" class=\"attachment-large size-large\" alt=\"\" srcset=\"https:\/\/www.fundacioncuidarycurar.org\/webfcyc\/wp-content\/uploads\/2025\/02\/20250211_093554-768x1024.jpg 768w, https:\/\/www.fundacioncuidarycurar.org\/webfcyc\/wp-content\/uploads\/2025\/02\/20250211_093554-225x300.jpg 225w, https:\/\/www.fundacioncuidarycurar.org\/webfcyc\/wp-content\/uploads\/2025\/02\/20250211_093554-1152x1536.jpg 1152w, https:\/\/www.fundacioncuidarycurar.org\/webfcyc\/wp-content\/uploads\/2025\/02\/20250211_093554-1536x2048.jpg 1536w, https:\/\/www.fundacioncuidarycurar.org\/webfcyc\/wp-content\/uploads\/2025\/02\/20250211_093554-1000x1333.jpg 1000w, https:\/\/www.fundacioncuidarycurar.org\/webfcyc\/wp-content\/uploads\/2025\/02\/20250211_093554-230x307.jpg 230w, https:\/\/www.fundacioncuidarycurar.org\/webfcyc\/wp-content\/uploads\/2025\/02\/20250211_093554-350x467.jpg 350w, https:\/\/www.fundacioncuidarycurar.org\/webfcyc\/wp-content\/uploads\/2025\/02\/20250211_093554-480x640.jpg 480w, https:\/\/www.fundacioncuidarycurar.org\/webfcyc\/wp-content\/uploads\/2025\/02\/20250211_093554-scaled.jpg 1920w\" sizes=\"auto, (max-width: 768px) 100vw, 768px\" \/><\/a>\n\t\t\t<\/div><\/figure>\n\t\t<\/div>\n<\/div><\/div><div id=\"panel-3299-0-0-2\" class=\"so-panel widget widget_text panel-last-child\" data-index=\"2\" ><div style=\"text-align: left;\" data-title-color=\"#443f3f\" data-headings-color=\"#443f3f\" class=\"panel-widget-style panel-widget-style-for-3299-0-0-2\" >\t\t\t<div class=\"textwidget\"><p style=\"text-align: justify;\">Por lo que puede afirmarse que, tras la aplicaci\u00f3n de toda la normativa las 99 plazas iniciales del edificio quedar\u00e1n reducidas a 75, distribuidas en 45 habitaciones y\u00a0\u00a0 organizadas en las oportunas Unidades de Convivencia, aspecto que repercutir\u00e1, favorablemente, en los residentes al disponer ahora el centro de una mayor ratio m<sup>2<\/sup>\/residente.<\/p>\n<p style=\"text-align: justify;\">De conformidad con el cronograma de trabajo acordado entre la Fundaci\u00f3n Cuidar y Curar y la constructora AMPE, deber\u00e1n concluir en el pr\u00f3ximo mes de Diciembre de modo que el Centro pueda abrir sus puertas en el primer semestre de 2026.<\/p>\n<\/div>\n\t\t<\/div><\/div><\/div><\/div><\/div><div id=\"pg-3299-1\"  class=\"panel-grid panel-has-style\" ><div style=\"padding: 0px 0; \" data-overlay=\"true\" data-overlay-color=\"#000000\" class=\"panel-row-style panel-row-style-for-3299-1\" ><div id=\"pgc-3299-1-0\"  class=\"panel-grid-cell\" ><div id=\"panel-3299-1-0-0\" class=\"so-panel widget widget_media_image panel-first-child panel-last-child\" data-index=\"3\" ><div style=\"text-align: left;\" data-title-color=\"#443f3f\" data-headings-color=\"#443f3f\" class=\"panel-widget-style panel-widget-style-for-3299-1-0-0\" ><img loading=\"lazy\" decoding=\"async\" width=\"3522\" height=\"921\" src=\"https:\/\/www.fundacioncuidarycurar.org\/webfcyc\/wp-content\/uploads\/2025\/02\/ES_Financiado_por_la_Union_Europea_RGB_POS.png\" class=\"image wp-image-3309  attachment-full size-full\" alt=\"\" style=\"max-width: 100%; height: auto;\" srcset=\"https:\/\/www.fundacioncuidarycurar.org\/webfcyc\/wp-content\/uploads\/2025\/02\/ES_Financiado_por_la_Union_Europea_RGB_POS.png 3522w, https:\/\/www.fundacioncuidarycurar.org\/webfcyc\/wp-content\/uploads\/2025\/02\/ES_Financiado_por_la_Union_Europea_RGB_POS-300x78.png 300w, https:\/\/www.fundacioncuidarycurar.org\/webfcyc\/wp-content\/uploads\/2025\/02\/ES_Financiado_por_la_Union_Europea_RGB_POS-1024x268.png 1024w, https:\/\/www.fundacioncuidarycurar.org\/webfcyc\/wp-content\/uploads\/2025\/02\/ES_Financiado_por_la_Union_Europea_RGB_POS-768x201.png 768w, https:\/\/www.fundacioncuidarycurar.org\/webfcyc\/wp-content\/uploads\/2025\/02\/ES_Financiado_por_la_Union_Europea_RGB_POS-1536x402.png 1536w, https:\/\/www.fundacioncuidarycurar.org\/webfcyc\/wp-content\/uploads\/2025\/02\/ES_Financiado_por_la_Union_Europea_RGB_POS-2048x536.png 2048w, https:\/\/www.fundacioncuidarycurar.org\/webfcyc\/wp-content\/uploads\/2025\/02\/ES_Financiado_por_la_Union_Europea_RGB_POS-1000x261.png 1000w, https:\/\/www.fundacioncuidarycurar.org\/webfcyc\/wp-content\/uploads\/2025\/02\/ES_Financiado_por_la_Union_Europea_RGB_POS-230x60.png 230w, https:\/\/www.fundacioncuidarycurar.org\/webfcyc\/wp-content\/uploads\/2025\/02\/ES_Financiado_por_la_Union_Europea_RGB_POS-350x92.png 350w, https:\/\/www.fundacioncuidarycurar.org\/webfcyc\/wp-content\/uploads\/2025\/02\/ES_Financiado_por_la_Union_Europea_RGB_POS-480x126.png 480w\" sizes=\"auto, (max-width: 3522px) 100vw, 3522px\" \/><\/div><\/div><\/div><div id=\"pgc-3299-1-1\"  class=\"panel-grid-cell\" ><div id=\"panel-3299-1-1-0\" class=\"so-panel widget widget_media_image panel-first-child panel-last-child\" data-index=\"4\" ><div style=\"text-align: left;\" data-title-color=\"#443f3f\" data-headings-color=\"#443f3f\" class=\"panel-widget-style panel-widget-style-for-3299-1-1-0\" ><img loading=\"lazy\" decoding=\"async\" width=\"2000\" height=\"482\" src=\"https:\/\/www.fundacioncuidarycurar.org\/webfcyc\/wp-content\/uploads\/2025\/02\/Logotipo_del_Ministerio_de_Transportes_Movilidad_y_Agenda_Urbana.png\" class=\"image wp-image-3310  attachment-full size-full\" alt=\"\" style=\"max-width: 100%; height: auto;\" srcset=\"https:\/\/www.fundacioncuidarycurar.org\/webfcyc\/wp-content\/uploads\/2025\/02\/Logotipo_del_Ministerio_de_Transportes_Movilidad_y_Agenda_Urbana.png 2000w, https:\/\/www.fundacioncuidarycurar.org\/webfcyc\/wp-content\/uploads\/2025\/02\/Logotipo_del_Ministerio_de_Transportes_Movilidad_y_Agenda_Urbana-300x72.png 300w, https:\/\/www.fundacioncuidarycurar.org\/webfcyc\/wp-content\/uploads\/2025\/02\/Logotipo_del_Ministerio_de_Transportes_Movilidad_y_Agenda_Urbana-1024x247.png 1024w, https:\/\/www.fundacioncuidarycurar.org\/webfcyc\/wp-content\/uploads\/2025\/02\/Logotipo_del_Ministerio_de_Transportes_Movilidad_y_Agenda_Urbana-768x185.png 768w, https:\/\/www.fundacioncuidarycurar.org\/webfcyc\/wp-content\/uploads\/2025\/02\/Logotipo_del_Ministerio_de_Transportes_Movilidad_y_Agenda_Urbana-1536x370.png 1536w, https:\/\/www.fundacioncuidarycurar.org\/webfcyc\/wp-content\/uploads\/2025\/02\/Logotipo_del_Ministerio_de_Transportes_Movilidad_y_Agenda_Urbana-1000x241.png 1000w, https:\/\/www.fundacioncuidarycurar.org\/webfcyc\/wp-content\/uploads\/2025\/02\/Logotipo_del_Ministerio_de_Transportes_Movilidad_y_Agenda_Urbana-230x55.png 230w, https:\/\/www.fundacioncuidarycurar.org\/webfcyc\/wp-content\/uploads\/2025\/02\/Logotipo_del_Ministerio_de_Transportes_Movilidad_y_Agenda_Urbana-350x84.png 350w, https:\/\/www.fundacioncuidarycurar.org\/webfcyc\/wp-content\/uploads\/2025\/02\/Logotipo_del_Ministerio_de_Transportes_Movilidad_y_Agenda_Urbana-480x116.png 480w\" sizes=\"auto, (max-width: 2000px) 100vw, 2000px\" \/><\/div><\/div><\/div><div id=\"pgc-3299-1-2\"  class=\"panel-grid-cell\" ><div id=\"panel-3299-1-2-0\" class=\"so-panel widget widget_media_image panel-first-child panel-last-child\" data-index=\"5\" ><div style=\"text-align: left;\" data-title-color=\"#443f3f\" data-headings-color=\"#443f3f\" class=\"panel-widget-style panel-widget-style-for-3299-1-2-0\" ><img loading=\"lazy\" decoding=\"async\" width=\"1814\" height=\"406\" src=\"https:\/\/www.fundacioncuidarycurar.org\/webfcyc\/wp-content\/uploads\/2025\/02\/Logo-PRTR-tres-l\u00a1neas_COLOR-e1739440160494.png\" class=\"image wp-image-3311  attachment-full size-full\" alt=\"\" style=\"max-width: 100%; height: auto;\" srcset=\"https:\/\/www.fundacioncuidarycurar.org\/webfcyc\/wp-content\/uploads\/2025\/02\/Logo-PRTR-tres-l\u00a1neas_COLOR-e1739440160494.png 1814w, https:\/\/www.fundacioncuidarycurar.org\/webfcyc\/wp-content\/uploads\/2025\/02\/Logo-PRTR-tres-l\u00a1neas_COLOR-e1739440160494-300x67.png 300w, https:\/\/www.fundacioncuidarycurar.org\/webfcyc\/wp-content\/uploads\/2025\/02\/Logo-PRTR-tres-l\u00a1neas_COLOR-e1739440160494-1024x229.png 1024w, https:\/\/www.fundacioncuidarycurar.org\/webfcyc\/wp-content\/uploads\/2025\/02\/Logo-PRTR-tres-l\u00a1neas_COLOR-e1739440160494-768x172.png 768w, https:\/\/www.fundacioncuidarycurar.org\/webfcyc\/wp-content\/uploads\/2025\/02\/Logo-PRTR-tres-l\u00a1neas_COLOR-e1739440160494-1536x344.png 1536w, https:\/\/www.fundacioncuidarycurar.org\/webfcyc\/wp-content\/uploads\/2025\/02\/Logo-PRTR-tres-l\u00a1neas_COLOR-e1739440160494-1000x224.png 1000w, https:\/\/www.fundacioncuidarycurar.org\/webfcyc\/wp-content\/uploads\/2025\/02\/Logo-PRTR-tres-l\u00a1neas_COLOR-e1739440160494-230x51.png 230w, https:\/\/www.fundacioncuidarycurar.org\/webfcyc\/wp-content\/uploads\/2025\/02\/Logo-PRTR-tres-l\u00a1neas_COLOR-e1739440160494-350x78.png 350w, https:\/\/www.fundacioncuidarycurar.org\/webfcyc\/wp-content\/uploads\/2025\/02\/Logo-PRTR-tres-l\u00a1neas_COLOR-e1739440160494-480x107.png 480w\" sizes=\"auto, (max-width: 1814px) 100vw, 1814px\" \/><\/div><\/div><\/div><div id=\"pgc-3299-1-3\"  class=\"panel-grid-cell\" ><div id=\"panel-3299-1-3-0\" class=\"so-panel widget widget_media_image panel-first-child panel-last-child\" data-index=\"6\" ><div style=\"text-align: left;\" data-title-color=\"#443f3f\" data-headings-color=\"#443f3f\" class=\"panel-widget-style panel-widget-style-for-3299-1-3-0\" ><img loading=\"lazy\" decoding=\"async\" width=\"1192\" height=\"592\" src=\"https:\/\/www.fundacioncuidarycurar.org\/webfcyc\/wp-content\/uploads\/2025\/02\/Logo_de_la_Consejeria_de_Inclusion_Social_Juventud_Familias_e_Igualdad_de_la_Junta_de_Andalucia-e1739440509879.png\" class=\"image wp-image-3312  attachment-full size-full\" alt=\"\" style=\"max-width: 100%; height: auto;\" srcset=\"https:\/\/www.fundacioncuidarycurar.org\/webfcyc\/wp-content\/uploads\/2025\/02\/Logo_de_la_Consejeria_de_Inclusion_Social_Juventud_Familias_e_Igualdad_de_la_Junta_de_Andalucia-e1739440509879.png 1192w, https:\/\/www.fundacioncuidarycurar.org\/webfcyc\/wp-content\/uploads\/2025\/02\/Logo_de_la_Consejeria_de_Inclusion_Social_Juventud_Familias_e_Igualdad_de_la_Junta_de_Andalucia-e1739440509879-300x149.png 300w, https:\/\/www.fundacioncuidarycurar.org\/webfcyc\/wp-content\/uploads\/2025\/02\/Logo_de_la_Consejeria_de_Inclusion_Social_Juventud_Familias_e_Igualdad_de_la_Junta_de_Andalucia-e1739440509879-1024x509.png 1024w, https:\/\/www.fundacioncuidarycurar.org\/webfcyc\/wp-content\/uploads\/2025\/02\/Logo_de_la_Consejeria_de_Inclusion_Social_Juventud_Familias_e_Igualdad_de_la_Junta_de_Andalucia-e1739440509879-768x381.png 768w, https:\/\/www.fundacioncuidarycurar.org\/webfcyc\/wp-content\/uploads\/2025\/02\/Logo_de_la_Consejeria_de_Inclusion_Social_Juventud_Familias_e_Igualdad_de_la_Junta_de_Andalucia-e1739440509879-1000x497.png 1000w, https:\/\/www.fundacioncuidarycurar.org\/webfcyc\/wp-content\/uploads\/2025\/02\/Logo_de_la_Consejeria_de_Inclusion_Social_Juventud_Familias_e_Igualdad_de_la_Junta_de_Andalucia-e1739440509879-230x114.png 230w, https:\/\/www.fundacioncuidarycurar.org\/webfcyc\/wp-content\/uploads\/2025\/02\/Logo_de_la_Consejeria_de_Inclusion_Social_Juventud_Familias_e_Igualdad_de_la_Junta_de_Andalucia-e1739440509879-350x174.png 350w, https:\/\/www.fundacioncuidarycurar.org\/webfcyc\/wp-content\/uploads\/2025\/02\/Logo_de_la_Consejeria_de_Inclusion_Social_Juventud_Familias_e_Igualdad_de_la_Junta_de_Andalucia-e1739440509879-480x238.png 480w\" sizes=\"auto, (max-width: 1192px) 100vw, 1192px\" \/><\/div><\/div><\/div><\/div><\/div><\/div>","protected":false},"excerpt":{"rendered":"<p>El pasado 21 de Enero la Fundaci\u00f3n Cuidar y Curar comenz\u00f3 los trabajos de adecuaci\u00f3n del Centro Residencial de Alcal\u00e1 de los [&hellip;]<\/p>\n","protected":false},"author":1,"featured_media":3301,"comment_status":"open","ping_status":"open","sticky":false,"template":"","format":"standard","meta":{"footnotes":""},"categories":[1],"tags":[],"class_list":["post-3299","post","type-post","status-publish","format-standard","has-post-thumbnail","hentry","category-sin-categoria"],"_links":{"self":[{"href":"https:\/\/www.fundacioncuidarycurar.org\/webfcyc\/wp-json\/wp\/v2\/posts\/3299","targetHints":{"allow":["GET"]}}],"collection":[{"href":"https:\/\/www.fundacioncuidarycurar.org\/webfcyc\/wp-json\/wp\/v2\/posts"}],"about":[{"href":"https:\/\/www.fundacioncuidarycurar.org\/webfcyc\/wp-json\/wp\/v2\/types\/post"}],"author":[{"embeddable":true,"href":"https:\/\/www.fundacioncuidarycurar.org\/webfcyc\/wp-json\/wp\/v2\/users\/1"}],"replies":[{"embeddable":true,"href":"https:\/\/www.fundacioncuidarycurar.org\/webfcyc\/wp-json\/wp\/v2\/comments?post=3299"}],"version-history":[{"count":7,"href":"https:\/\/www.fundacioncuidarycurar.org\/webfcyc\/wp-json\/wp\/v2\/posts\/3299\/revisions"}],"predecessor-version":[{"id":3318,"href":"https:\/\/www.fundacioncuidarycurar.org\/webfcyc\/wp-json\/wp\/v2\/posts\/3299\/revisions\/3318"}],"wp:featuredmedia":[{"embeddable":true,"href":"https:\/\/www.fundacioncuidarycurar.org\/webfcyc\/wp-json\/wp\/v2\/media\/3301"}],"wp:attachment":[{"href":"https:\/\/www.fundacioncuidarycurar.org\/webfcyc\/wp-json\/wp\/v2\/media?parent=3299"}],"wp:term":[{"taxonomy":"category","embeddable":true,"href":"https:\/\/www.fundacioncuidarycurar.org\/webfcyc\/wp-json\/wp\/v2\/categories?post=3299"},{"taxonomy":"post_tag","embeddable":true,"href":"https:\/\/www.fundacioncuidarycurar.org\/webfcyc\/wp-json\/wp\/v2\/tags?post=3299"}],"curies":[{"name":"wp","href":"https:\/\/api.w.org\/{rel}","templated":true}]}}