{"id":3286,"date":"2025-01-27T12:44:46","date_gmt":"2025-01-27T12:44:46","guid":{"rendered":"https:\/\/www.fundacioncuidarycurar.org\/webfcyc\/?p=3286"},"modified":"2025-01-27T13:11:55","modified_gmt":"2025-01-27T13:11:55","slug":"resultados-positivos-en-la-ejecucion-de-los-proyectos-con-fines-sociales-destinados-a-personas-mayores-a-traves-de-la-fundacion-cuidar-y-curar","status":"publish","type":"post","link":"https:\/\/www.fundacioncuidarycurar.org\/webfcyc\/2025\/01\/27\/resultados-positivos-en-la-ejecucion-de-los-proyectos-con-fines-sociales-destinados-a-personas-mayores-a-traves-de-la-fundacion-cuidar-y-curar\/","title":{"rendered":"Resultados positivos en la ejecuci\u00f3n de los proyectos con fines sociales destinados a personas mayores a trav\u00e9s de la Fundaci\u00f3n Cuidar y Curar"},"content":{"rendered":"<div id=\"pl-3286\"  class=\"panel-layout\" ><div id=\"pg-3286-0\"  class=\"panel-grid panel-has-style\" ><div style=\"padding: 0px 0; \" data-overlay=\"true\" data-overlay-color=\"#000000\" class=\"panel-row-style panel-row-style-for-3286-0\" ><div id=\"pgc-3286-0-0\"  class=\"panel-grid-cell\" ><div id=\"panel-3286-0-0-0\" class=\"so-panel widget widget_text panel-first-child\" data-index=\"0\" ><div style=\"text-align: left;\" data-title-color=\"#443f3f\" data-headings-color=\"#443f3f\" class=\"panel-widget-style panel-widget-style-for-3286-0-0-0\" >\t\t\t<div class=\"textwidget\"><p style=\"text-align: justify;\">Recientemente, la Fundaci\u00f3n Cuidar y Curar en coordinaci\u00f3n con la Universidad de Ja\u00e9n han elaborado el an\u00e1lisis de resultados de los proyectos desarrollados en el a\u00f1o 2024.<\/p>\n<p style=\"text-align: justify;\">Haciendo referencia al proyecto denominado \u201cAtenci\u00f3n sociosanitaria en casos de soledad no deseada\u201d, se\u00f1alar que se ha realizado en diferentes municipios de las provincias de C\u00e1diz, Sevilla, C\u00f3rdoba y Ja\u00e9n.<\/p>\n<p style=\"text-align: justify;\">Los resultados obtenidos en las diferentes variables que se han considerado ponen de manifiesto los buenos resultados del programa llevado a cabo. En todas las variables consideradas (soledad social, deterioro cognitivo, habilidades sociales, actividades b\u00e1sicas de la vida diaria, actividades instrumentales de la vida diaria, calidad de vida, depresi\u00f3n y afecto positivo y negativo) se ha encontrado que los participantes han mejorado de manera significativa. Esto pone de manifiesto no solo la bondad de la intervenci\u00f3n realizada sino la necesidad\u00a0de llevar a cabo este tipo de intervenciones con la finalidad de mejorar y\/o mantener la calidad de vida de nuestros mayores.<\/p>\n<p style=\"text-align: justify;\">En cuanto a la encuesta de satisfacci\u00f3n administrada a los usuarios participantes, los resultados obtenidos son muy satisfactorios. En un porcentaje muy alto, los usuarios han considerado que la intervenci\u00f3n les ha aportado beneficios en diversas \u00e1reas de su vida.<\/p>\n<p style=\"align-text: justify;\">En relaci\u00f3n al proyecto Cuida-T , se\u00f1alar que se ha llevado a cabo en diferentes municipios de las provincias de C\u00e1diz, Sevilla, C\u00f3rdoba y Ja\u00e9n.<\/p>\n<p style=\"text-align: justify;\">Se puede decir que el programa implantado ha supuesto efectos beneficiosos para las personas que han participado. Hay que destacar los resultados obtenidos en Calidad de vida y en el Riesgo de ca\u00eddas ya que, en ambos casos, los participantes han mejorado de manera significativa a lo largo del tiempo. Este resultado es especialmente interesante ya que al tratarse de personas con una edad avanzada podr\u00eda ya considerarse como un logro el que sus puntuaciones en ambas variables se hubieran mantenido y, gracias al programa, puede verse que han mejorado.<\/p>\n<p style=\"text-align: justify;\">En el resto de las variables consideradas (Actividades de la vida diaria, Actividades instrumentales y Fragilidad) hay una ligera mejor\u00eda en todas ellas a lo largo del tiempo.<\/p>\n<p style=\"text-align: justify;\">En lo que respecta al grado de satisfacci\u00f3n que han expresado los participantes con respecto al programa, puede verse que en general su satisfacci\u00f3n es alta.<\/p>\n<\/div>\n\t\t<\/div><\/div><div id=\"panel-3286-0-0-1\" class=\"so-panel widget widget_media_image panel-last-child\" data-index=\"1\" ><div style=\"text-align: left;\" data-title-color=\"#443f3f\" data-headings-color=\"#443f3f\" class=\"panel-widget-style panel-widget-style-for-3286-0-0-1\" ><img loading=\"lazy\" decoding=\"async\" width=\"1920\" height=\"385\" src=\"https:\/\/www.fundacioncuidarycurar.org\/webfcyc\/wp-content\/uploads\/2022\/07\/Logo07IRPF_2021-1920x385-1.png\" class=\"image wp-image-2843  attachment-full size-full\" alt=\"\" style=\"max-width: 100%; height: auto;\" srcset=\"https:\/\/www.fundacioncuidarycurar.org\/webfcyc\/wp-content\/uploads\/2022\/07\/Logo07IRPF_2021-1920x385-1.png 1920w, https:\/\/www.fundacioncuidarycurar.org\/webfcyc\/wp-content\/uploads\/2022\/07\/Logo07IRPF_2021-1920x385-1-300x60.png 300w, https:\/\/www.fundacioncuidarycurar.org\/webfcyc\/wp-content\/uploads\/2022\/07\/Logo07IRPF_2021-1920x385-1-1024x205.png 1024w, https:\/\/www.fundacioncuidarycurar.org\/webfcyc\/wp-content\/uploads\/2022\/07\/Logo07IRPF_2021-1920x385-1-768x154.png 768w, https:\/\/www.fundacioncuidarycurar.org\/webfcyc\/wp-content\/uploads\/2022\/07\/Logo07IRPF_2021-1920x385-1-1536x308.png 1536w, https:\/\/www.fundacioncuidarycurar.org\/webfcyc\/wp-content\/uploads\/2022\/07\/Logo07IRPF_2021-1920x385-1-920x184.png 920w, https:\/\/www.fundacioncuidarycurar.org\/webfcyc\/wp-content\/uploads\/2022\/07\/Logo07IRPF_2021-1920x385-1-230x46.png 230w, https:\/\/www.fundacioncuidarycurar.org\/webfcyc\/wp-content\/uploads\/2022\/07\/Logo07IRPF_2021-1920x385-1-350x70.png 350w, https:\/\/www.fundacioncuidarycurar.org\/webfcyc\/wp-content\/uploads\/2022\/07\/Logo07IRPF_2021-1920x385-1-480x96.png 480w\" sizes=\"auto, (max-width: 1920px) 100vw, 1920px\" \/><\/div><\/div><\/div><\/div><\/div><\/div>","protected":false},"excerpt":{"rendered":"<p>Recientemente, la Fundaci\u00f3n Cuidar y Curar en coordinaci\u00f3n con la Universidad de Ja\u00e9n han elaborado el an\u00e1lisis de resultados de los proyectos [&hellip;]<\/p>\n","protected":false},"author":1,"featured_media":3287,"comment_status":"open","ping_status":"open","sticky":false,"template":"","format":"standard","meta":{"footnotes":""},"categories":[1],"tags":[],"class_list":["post-3286","post","type-post","status-publish","format-standard","has-post-thumbnail","hentry","category-sin-categoria"],"_links":{"self":[{"href":"https:\/\/www.fundacioncuidarycurar.org\/webfcyc\/wp-json\/wp\/v2\/posts\/3286","targetHints":{"allow":["GET"]}}],"collection":[{"href":"https:\/\/www.fundacioncuidarycurar.org\/webfcyc\/wp-json\/wp\/v2\/posts"}],"about":[{"href":"https:\/\/www.fundacioncuidarycurar.org\/webfcyc\/wp-json\/wp\/v2\/types\/post"}],"author":[{"embeddable":true,"href":"https:\/\/www.fundacioncuidarycurar.org\/webfcyc\/wp-json\/wp\/v2\/users\/1"}],"replies":[{"embeddable":true,"href":"https:\/\/www.fundacioncuidarycurar.org\/webfcyc\/wp-json\/wp\/v2\/comments?post=3286"}],"version-history":[{"count":9,"href":"https:\/\/www.fundacioncuidarycurar.org\/webfcyc\/wp-json\/wp\/v2\/posts\/3286\/revisions"}],"predecessor-version":[{"id":3296,"href":"https:\/\/www.fundacioncuidarycurar.org\/webfcyc\/wp-json\/wp\/v2\/posts\/3286\/revisions\/3296"}],"wp:featuredmedia":[{"embeddable":true,"href":"https:\/\/www.fundacioncuidarycurar.org\/webfcyc\/wp-json\/wp\/v2\/media\/3287"}],"wp:attachment":[{"href":"https:\/\/www.fundacioncuidarycurar.org\/webfcyc\/wp-json\/wp\/v2\/media?parent=3286"}],"wp:term":[{"taxonomy":"category","embeddable":true,"href":"https:\/\/www.fundacioncuidarycurar.org\/webfcyc\/wp-json\/wp\/v2\/categories?post=3286"},{"taxonomy":"post_tag","embeddable":true,"href":"https:\/\/www.fundacioncuidarycurar.org\/webfcyc\/wp-json\/wp\/v2\/tags?post=3286"}],"curies":[{"name":"wp","href":"https:\/\/api.w.org\/{rel}","templated":true}]}}