{"id":3274,"date":"2024-12-18T12:47:48","date_gmt":"2024-12-18T12:47:48","guid":{"rendered":"https:\/\/www.fundacioncuidarycurar.org\/webfcyc\/?p=3274"},"modified":"2024-12-18T12:53:55","modified_gmt":"2024-12-18T12:53:55","slug":"ningun-mayor-solo-2024","status":"publish","type":"post","link":"https:\/\/www.fundacioncuidarycurar.org\/webfcyc\/2024\/12\/18\/ningun-mayor-solo-2024\/","title":{"rendered":"Ning\u00fan Mayor Solo 2024"},"content":{"rendered":"<div id=\"pl-3274\"  class=\"panel-layout\" ><div id=\"pg-3274-0\"  class=\"panel-grid panel-has-style\" ><div style=\"padding: 0px 0; \" data-overlay=\"true\" data-overlay-color=\"#000000\" class=\"panel-row-style panel-row-style-for-3274-0\" ><div id=\"pgc-3274-0-0\"  class=\"panel-grid-cell\" ><div id=\"panel-3274-0-0-0\" class=\"so-panel widget widget_text panel-first-child panel-last-child\" data-index=\"0\" ><div style=\"text-align: left;\" data-title-color=\"#443f3f\" data-headings-color=\"#443f3f\" class=\"panel-widget-style panel-widget-style-for-3274-0-0-0\" >\t\t\t<div class=\"textwidget\"><p>La Fundaci\u00f3n Unicaja nos vuelve a brindar con el programa \u00abNing\u00fan mayor solo..\u00bb destinado a aquellos mayores que residan solos. A trav\u00e9s de este programa los mayores que no quieran pasar estas entra\u00f1ables fiestas en la soledad de su hogar podr\u00e1n compartirlas con los mayores de las residencias Parra Grossi, Santa B\u00e1rbara y Los Leones, tanto la Nochebuena y Navidad como el Fin de A\u00f1o y A\u00f1o Nuevo. Desde Fundaci\u00f3n Cuidar y Curar nos enorgullece participar en esta iniciativa un a\u00f1o mas y nos alegra compartir la noticia.<\/p>\n<p>Para mas informaci\u00f3n no duden en contactar con nosotros.<\/p>\n<\/div>\n\t\t<\/div><\/div><\/div><\/div><\/div><div id=\"pg-3274-1\"  class=\"panel-grid panel-has-style\" ><div style=\"padding: 0px 0; \" data-overlay=\"true\" data-overlay-color=\"#000000\" class=\"panel-row-style panel-row-style-for-3274-1\" ><div id=\"pgc-3274-1-0\"  class=\"panel-grid-cell\" ><div id=\"panel-3274-1-0-0\" class=\"so-panel widget widget_media_image panel-first-child panel-last-child\" data-index=\"1\" ><div style=\"text-align: left;\" data-title-color=\"#443f3f\" data-headings-color=\"#443f3f\" class=\"panel-widget-style panel-widget-style-for-3274-1-0-0\" ><img loading=\"lazy\" decoding=\"async\" width=\"1587\" height=\"2245\" src=\"https:\/\/www.fundacioncuidarycurar.org\/webfcyc\/wp-content\/uploads\/2024\/12\/NAVIDAD-FUNDACION-2024.png\" class=\"image wp-image-3275  attachment-full size-full\" alt=\"\" style=\"max-width: 100%; height: auto;\" srcset=\"https:\/\/www.fundacioncuidarycurar.org\/webfcyc\/wp-content\/uploads\/2024\/12\/NAVIDAD-FUNDACION-2024.png 1587w, https:\/\/www.fundacioncuidarycurar.org\/webfcyc\/wp-content\/uploads\/2024\/12\/NAVIDAD-FUNDACION-2024-212x300.png 212w, https:\/\/www.fundacioncuidarycurar.org\/webfcyc\/wp-content\/uploads\/2024\/12\/NAVIDAD-FUNDACION-2024-724x1024.png 724w, https:\/\/www.fundacioncuidarycurar.org\/webfcyc\/wp-content\/uploads\/2024\/12\/NAVIDAD-FUNDACION-2024-768x1086.png 768w, https:\/\/www.fundacioncuidarycurar.org\/webfcyc\/wp-content\/uploads\/2024\/12\/NAVIDAD-FUNDACION-2024-1086x1536.png 1086w, https:\/\/www.fundacioncuidarycurar.org\/webfcyc\/wp-content\/uploads\/2024\/12\/NAVIDAD-FUNDACION-2024-1448x2048.png 1448w, https:\/\/www.fundacioncuidarycurar.org\/webfcyc\/wp-content\/uploads\/2024\/12\/NAVIDAD-FUNDACION-2024-1000x1415.png 1000w, https:\/\/www.fundacioncuidarycurar.org\/webfcyc\/wp-content\/uploads\/2024\/12\/NAVIDAD-FUNDACION-2024-230x325.png 230w, https:\/\/www.fundacioncuidarycurar.org\/webfcyc\/wp-content\/uploads\/2024\/12\/NAVIDAD-FUNDACION-2024-350x495.png 350w, https:\/\/www.fundacioncuidarycurar.org\/webfcyc\/wp-content\/uploads\/2024\/12\/NAVIDAD-FUNDACION-2024-480x679.png 480w\" sizes=\"auto, (max-width: 1587px) 100vw, 1587px\" \/><\/div><\/div><\/div><div id=\"pgc-3274-1-1\"  class=\"panel-grid-cell\" ><div id=\"panel-3274-1-1-0\" class=\"so-panel widget widget_media_image panel-first-child panel-last-child\" data-index=\"2\" ><div style=\"text-align: left;\" data-title-color=\"#443f3f\" data-headings-color=\"#443f3f\" class=\"panel-widget-style panel-widget-style-for-3274-1-1-0\" ><img loading=\"lazy\" decoding=\"async\" width=\"1587\" height=\"2245\" src=\"https:\/\/www.fundacioncuidarycurar.org\/webfcyc\/wp-content\/uploads\/2024\/12\/FIN-DE-ANO-FUNDACION-2024.png\" class=\"image wp-image-3277  attachment-full size-full\" alt=\"\" style=\"max-width: 100%; height: auto;\" srcset=\"https:\/\/www.fundacioncuidarycurar.org\/webfcyc\/wp-content\/uploads\/2024\/12\/FIN-DE-ANO-FUNDACION-2024.png 1587w, https:\/\/www.fundacioncuidarycurar.org\/webfcyc\/wp-content\/uploads\/2024\/12\/FIN-DE-ANO-FUNDACION-2024-212x300.png 212w, https:\/\/www.fundacioncuidarycurar.org\/webfcyc\/wp-content\/uploads\/2024\/12\/FIN-DE-ANO-FUNDACION-2024-724x1024.png 724w, https:\/\/www.fundacioncuidarycurar.org\/webfcyc\/wp-content\/uploads\/2024\/12\/FIN-DE-ANO-FUNDACION-2024-768x1086.png 768w, https:\/\/www.fundacioncuidarycurar.org\/webfcyc\/wp-content\/uploads\/2024\/12\/FIN-DE-ANO-FUNDACION-2024-1086x1536.png 1086w, https:\/\/www.fundacioncuidarycurar.org\/webfcyc\/wp-content\/uploads\/2024\/12\/FIN-DE-ANO-FUNDACION-2024-1448x2048.png 1448w, https:\/\/www.fundacioncuidarycurar.org\/webfcyc\/wp-content\/uploads\/2024\/12\/FIN-DE-ANO-FUNDACION-2024-1000x1415.png 1000w, https:\/\/www.fundacioncuidarycurar.org\/webfcyc\/wp-content\/uploads\/2024\/12\/FIN-DE-ANO-FUNDACION-2024-230x325.png 230w, https:\/\/www.fundacioncuidarycurar.org\/webfcyc\/wp-content\/uploads\/2024\/12\/FIN-DE-ANO-FUNDACION-2024-350x495.png 350w, https:\/\/www.fundacioncuidarycurar.org\/webfcyc\/wp-content\/uploads\/2024\/12\/FIN-DE-ANO-FUNDACION-2024-480x679.png 480w\" sizes=\"auto, (max-width: 1587px) 100vw, 1587px\" \/><\/div><\/div><\/div><\/div><\/div><\/div>","protected":false},"excerpt":{"rendered":"<p>La Fundaci\u00f3n Unicaja nos vuelve a brindar con el programa \u00abNing\u00fan mayor solo..\u00bb destinado a aquellos mayores que residan solos. A trav\u00e9s [&hellip;]<\/p>\n","protected":false},"author":1,"featured_media":3275,"comment_status":"open","ping_status":"open","sticky":false,"template":"post-templates\/post_nosidebar.php","format":"standard","meta":{"footnotes":""},"categories":[1],"tags":[],"class_list":["post-3274","post","type-post","status-publish","format-standard","has-post-thumbnail","hentry","category-sin-categoria"],"_links":{"self":[{"href":"https:\/\/www.fundacioncuidarycurar.org\/webfcyc\/wp-json\/wp\/v2\/posts\/3274","targetHints":{"allow":["GET"]}}],"collection":[{"href":"https:\/\/www.fundacioncuidarycurar.org\/webfcyc\/wp-json\/wp\/v2\/posts"}],"about":[{"href":"https:\/\/www.fundacioncuidarycurar.org\/webfcyc\/wp-json\/wp\/v2\/types\/post"}],"author":[{"embeddable":true,"href":"https:\/\/www.fundacioncuidarycurar.org\/webfcyc\/wp-json\/wp\/v2\/users\/1"}],"replies":[{"embeddable":true,"href":"https:\/\/www.fundacioncuidarycurar.org\/webfcyc\/wp-json\/wp\/v2\/comments?post=3274"}],"version-history":[{"count":3,"href":"https:\/\/www.fundacioncuidarycurar.org\/webfcyc\/wp-json\/wp\/v2\/posts\/3274\/revisions"}],"predecessor-version":[{"id":3281,"href":"https:\/\/www.fundacioncuidarycurar.org\/webfcyc\/wp-json\/wp\/v2\/posts\/3274\/revisions\/3281"}],"wp:featuredmedia":[{"embeddable":true,"href":"https:\/\/www.fundacioncuidarycurar.org\/webfcyc\/wp-json\/wp\/v2\/media\/3275"}],"wp:attachment":[{"href":"https:\/\/www.fundacioncuidarycurar.org\/webfcyc\/wp-json\/wp\/v2\/media?parent=3274"}],"wp:term":[{"taxonomy":"category","embeddable":true,"href":"https:\/\/www.fundacioncuidarycurar.org\/webfcyc\/wp-json\/wp\/v2\/categories?post=3274"},{"taxonomy":"post_tag","embeddable":true,"href":"https:\/\/www.fundacioncuidarycurar.org\/webfcyc\/wp-json\/wp\/v2\/tags?post=3274"}],"curies":[{"name":"wp","href":"https:\/\/api.w.org\/{rel}","templated":true}]}}