{"id":3265,"date":"2024-02-15T11:19:31","date_gmt":"2024-02-15T11:19:31","guid":{"rendered":"https:\/\/www.fundacioncuidarycurar.org\/webfcyc\/?p=3265"},"modified":"2024-07-15T11:31:43","modified_gmt":"2024-07-15T11:31:43","slug":"residencia-las-mercedes-recibe-los-fondos-feder","status":"publish","type":"post","link":"https:\/\/www.fundacioncuidarycurar.org\/webfcyc\/2024\/02\/15\/residencia-las-mercedes-recibe-los-fondos-feder\/","title":{"rendered":"Residencia Las Mercedes recibe los fondos FEDER"},"content":{"rendered":"<div id=\"pl-3265\"  class=\"panel-layout\" ><div id=\"pg-3265-0\"  class=\"panel-grid panel-has-style\" ><div style=\"padding: 0px 0; \" data-overlay=\"true\" data-overlay-color=\"#000000\" class=\"panel-row-style panel-row-style-for-3265-0\" ><div id=\"pgc-3265-0-0\"  class=\"panel-grid-cell\" ><div id=\"panel-3265-0-0-0\" class=\"so-panel widget widget_text panel-first-child\" data-index=\"0\" ><div style=\"text-align: left;\" data-title-color=\"#443f3f\" data-headings-color=\"#443f3f\" class=\"panel-widget-style panel-widget-style-for-3265-0-0-0\" >\t\t\t<div class=\"textwidget\"><p>Fundaci\u00f3n Cuidar y Curar ha recibido una ayuda de la Uni\u00f3n Europea con cargo al Programa Operativo FEDER de Andaluc\u00eda 2014-2020, financiada como parte de la respuesta de la Uni\u00f3n a la pandemia de COVID-19 (REACT-UE), para compensar el sobrecoste energ\u00e9tico de gas natural y\/o electricidad a pymes y aut\u00f3nomos especialmente afectados por el incremento de los precios del gas natural y la electricidad provocados por el impacto de la guerra de agresi\u00f3n de Rusia contra Ucrania.<\/p>\n<\/div>\n\t\t<\/div><\/div><div id=\"panel-3265-0-0-1\" class=\"so-panel widget widget_media_image panel-last-child\" data-index=\"1\" ><div style=\"text-align: left;\" data-title-color=\"#443f3f\" data-headings-color=\"#443f3f\" class=\"panel-widget-style panel-widget-style-for-3265-0-0-1\" ><img loading=\"lazy\" decoding=\"async\" width=\"3858\" height=\"1004\" src=\"https:\/\/www.fundacioncuidarycurar.org\/webfcyc\/wp-content\/uploads\/2024\/07\/FEDER.png\" class=\"image wp-image-3266  attachment-full size-full\" alt=\"\" style=\"max-width: 100%; height: auto;\" srcset=\"https:\/\/www.fundacioncuidarycurar.org\/webfcyc\/wp-content\/uploads\/2024\/07\/FEDER.png 3858w, https:\/\/www.fundacioncuidarycurar.org\/webfcyc\/wp-content\/uploads\/2024\/07\/FEDER-300x78.png 300w, https:\/\/www.fundacioncuidarycurar.org\/webfcyc\/wp-content\/uploads\/2024\/07\/FEDER-1024x266.png 1024w, https:\/\/www.fundacioncuidarycurar.org\/webfcyc\/wp-content\/uploads\/2024\/07\/FEDER-768x200.png 768w, https:\/\/www.fundacioncuidarycurar.org\/webfcyc\/wp-content\/uploads\/2024\/07\/FEDER-1536x400.png 1536w, https:\/\/www.fundacioncuidarycurar.org\/webfcyc\/wp-content\/uploads\/2024\/07\/FEDER-2048x533.png 2048w, https:\/\/www.fundacioncuidarycurar.org\/webfcyc\/wp-content\/uploads\/2024\/07\/FEDER-1000x260.png 1000w, https:\/\/www.fundacioncuidarycurar.org\/webfcyc\/wp-content\/uploads\/2024\/07\/FEDER-230x60.png 230w, https:\/\/www.fundacioncuidarycurar.org\/webfcyc\/wp-content\/uploads\/2024\/07\/FEDER-350x91.png 350w, https:\/\/www.fundacioncuidarycurar.org\/webfcyc\/wp-content\/uploads\/2024\/07\/FEDER-480x125.png 480w\" sizes=\"auto, (max-width: 3858px) 100vw, 3858px\" \/><\/div><\/div><\/div><\/div><\/div><\/div>","protected":false},"excerpt":{"rendered":"<p>Fundaci\u00f3n Cuidar y Curar ha recibido una ayuda de la Uni\u00f3n Europea con cargo al Programa Operativo FEDER de Andaluc\u00eda 2014-2020, financiada [&hellip;]<\/p>\n","protected":false},"author":1,"featured_media":0,"comment_status":"open","ping_status":"open","sticky":false,"template":"","format":"standard","meta":{"footnotes":""},"categories":[1],"tags":[],"class_list":["post-3265","post","type-post","status-publish","format-standard","hentry","category-sin-categoria"],"_links":{"self":[{"href":"https:\/\/www.fundacioncuidarycurar.org\/webfcyc\/wp-json\/wp\/v2\/posts\/3265","targetHints":{"allow":["GET"]}}],"collection":[{"href":"https:\/\/www.fundacioncuidarycurar.org\/webfcyc\/wp-json\/wp\/v2\/posts"}],"about":[{"href":"https:\/\/www.fundacioncuidarycurar.org\/webfcyc\/wp-json\/wp\/v2\/types\/post"}],"author":[{"embeddable":true,"href":"https:\/\/www.fundacioncuidarycurar.org\/webfcyc\/wp-json\/wp\/v2\/users\/1"}],"replies":[{"embeddable":true,"href":"https:\/\/www.fundacioncuidarycurar.org\/webfcyc\/wp-json\/wp\/v2\/comments?post=3265"}],"version-history":[{"count":1,"href":"https:\/\/www.fundacioncuidarycurar.org\/webfcyc\/wp-json\/wp\/v2\/posts\/3265\/revisions"}],"predecessor-version":[{"id":3267,"href":"https:\/\/www.fundacioncuidarycurar.org\/webfcyc\/wp-json\/wp\/v2\/posts\/3265\/revisions\/3267"}],"wp:attachment":[{"href":"https:\/\/www.fundacioncuidarycurar.org\/webfcyc\/wp-json\/wp\/v2\/media?parent=3265"}],"wp:term":[{"taxonomy":"category","embeddable":true,"href":"https:\/\/www.fundacioncuidarycurar.org\/webfcyc\/wp-json\/wp\/v2\/categories?post=3265"},{"taxonomy":"post_tag","embeddable":true,"href":"https:\/\/www.fundacioncuidarycurar.org\/webfcyc\/wp-json\/wp\/v2\/tags?post=3265"}],"curies":[{"name":"wp","href":"https:\/\/api.w.org\/{rel}","templated":true}]}}