{"id":3257,"date":"2024-02-16T08:03:07","date_gmt":"2024-02-16T08:03:07","guid":{"rendered":"https:\/\/www.fundacioncuidarycurar.org\/webfcyc\/?p=3257"},"modified":"2024-07-15T11:31:12","modified_gmt":"2024-07-15T11:31:12","slug":"reclutamiento-de-usuarios-beneficiarios-en-los-proyectos-llevado-a-cabo-por-la-fundacion-cuidar-y-curar-2024","status":"publish","type":"post","link":"https:\/\/www.fundacioncuidarycurar.org\/webfcyc\/2024\/02\/16\/reclutamiento-de-usuarios-beneficiarios-en-los-proyectos-llevado-a-cabo-por-la-fundacion-cuidar-y-curar-2024\/","title":{"rendered":"Reclutamiento de usuarios beneficiarios en los proyectos llevado a cabo por la Fundaci\u00f3n Cuidar y Curar 2024"},"content":{"rendered":"<div id=\"pl-3257\"  class=\"panel-layout\" ><div id=\"pg-3257-0\"  class=\"panel-grid panel-has-style\" ><div style=\"padding: 0px 0; \" data-overlay=\"true\" data-overlay-color=\"#000000\" class=\"panel-row-style panel-row-style-for-3257-0\" ><div id=\"pgc-3257-0-0\"  class=\"panel-grid-cell\" ><div id=\"panel-3257-0-0-0\" class=\"so-panel widget widget_text panel-first-child panel-last-child\" data-index=\"0\" ><div style=\"text-align: left;\" data-title-color=\"#443f3f\" data-headings-color=\"#443f3f\" class=\"panel-widget-style panel-widget-style-for-3257-0-0-0\" >\t\t\t<div class=\"textwidget\"><p style=\"text-align: justify\">Otro a\u00f1o m\u00e1s la Fundaci\u00f3n Cuidar y Curar comienza con el reclutamiento de usuarios para la realizaci\u00f3n de los proyectos con cargo a la asignaci\u00f3n tributaria del 0,7%. Este a\u00f1o se llevar\u00e1n a cabo dos proyectos, siendo estos: Cuida-T en el que ser\u00e1n beneficiarios un total de 84 usuarios de las provincias de C\u00e1diz, Sevilla, Ja\u00e9n y C\u00f3rdoba; y Atenci\u00f3n sociosanitaria en casos de soledad no deseada en el que participar\u00e1n un total de 100 usuarios de las provincias de C\u00e1diz, Sevilla, Ja\u00e9n y C\u00f3rdoba.<\/p>\n<p style=\"text-align: justify\">Tras las reuniones realizadas con cada uno de los ayuntamientos o servicios sociales de cada municipio beneficiario de los proyectos, nos encontramos a la espera de la firma de convenios con la Fundaci\u00f3n o incluso a la espera de la derivaci\u00f3n de los usuarios que finalmente participaran.<\/p>\n<p style=\"text-align: justify\">Tenemos la previsi\u00f3n de comenzar en unos d\u00edas con las primeras visitas e instalaciones de dispositivos.<\/p>\n<\/div>\n\t\t<\/div><\/div><\/div><\/div><\/div><\/div>","protected":false},"excerpt":{"rendered":"<p>Otro a\u00f1o m\u00e1s la Fundaci\u00f3n Cuidar y Curar comienza con el reclutamiento de usuarios para la realizaci\u00f3n de los proyectos con cargo [&hellip;]<\/p>\n","protected":false},"author":1,"featured_media":3260,"comment_status":"open","ping_status":"open","sticky":false,"template":"","format":"standard","meta":{"footnotes":""},"categories":[1],"tags":[],"class_list":["post-3257","post","type-post","status-publish","format-standard","has-post-thumbnail","hentry","category-sin-categoria"],"_links":{"self":[{"href":"https:\/\/www.fundacioncuidarycurar.org\/webfcyc\/wp-json\/wp\/v2\/posts\/3257","targetHints":{"allow":["GET"]}}],"collection":[{"href":"https:\/\/www.fundacioncuidarycurar.org\/webfcyc\/wp-json\/wp\/v2\/posts"}],"about":[{"href":"https:\/\/www.fundacioncuidarycurar.org\/webfcyc\/wp-json\/wp\/v2\/types\/post"}],"author":[{"embeddable":true,"href":"https:\/\/www.fundacioncuidarycurar.org\/webfcyc\/wp-json\/wp\/v2\/users\/1"}],"replies":[{"embeddable":true,"href":"https:\/\/www.fundacioncuidarycurar.org\/webfcyc\/wp-json\/wp\/v2\/comments?post=3257"}],"version-history":[{"count":3,"href":"https:\/\/www.fundacioncuidarycurar.org\/webfcyc\/wp-json\/wp\/v2\/posts\/3257\/revisions"}],"predecessor-version":[{"id":3262,"href":"https:\/\/www.fundacioncuidarycurar.org\/webfcyc\/wp-json\/wp\/v2\/posts\/3257\/revisions\/3262"}],"wp:featuredmedia":[{"embeddable":true,"href":"https:\/\/www.fundacioncuidarycurar.org\/webfcyc\/wp-json\/wp\/v2\/media\/3260"}],"wp:attachment":[{"href":"https:\/\/www.fundacioncuidarycurar.org\/webfcyc\/wp-json\/wp\/v2\/media?parent=3257"}],"wp:term":[{"taxonomy":"category","embeddable":true,"href":"https:\/\/www.fundacioncuidarycurar.org\/webfcyc\/wp-json\/wp\/v2\/categories?post=3257"},{"taxonomy":"post_tag","embeddable":true,"href":"https:\/\/www.fundacioncuidarycurar.org\/webfcyc\/wp-json\/wp\/v2\/tags?post=3257"}],"curies":[{"name":"wp","href":"https:\/\/api.w.org\/{rel}","templated":true}]}}