{"id":3251,"date":"2024-03-11T12:27:33","date_gmt":"2024-03-11T12:27:33","guid":{"rendered":"https:\/\/www.fundacioncuidarycurar.org\/webfcyc\/?p=3251"},"modified":"2024-03-11T12:27:33","modified_gmt":"2024-03-11T12:27:33","slug":"resultados-proyectos-2023","status":"publish","type":"post","link":"https:\/\/www.fundacioncuidarycurar.org\/webfcyc\/2024\/03\/11\/resultados-proyectos-2023\/","title":{"rendered":"Resultados Proyectos 2023"},"content":{"rendered":"<div id=\"pl-3251\"  class=\"panel-layout\" ><div id=\"pg-3251-0\"  class=\"panel-grid panel-has-style\" ><div style=\"padding: 0px 0; \" data-overlay=\"true\" data-overlay-color=\"#000000\" class=\"panel-row-style panel-row-style-for-3251-0\" ><div id=\"pgc-3251-0-0\"  class=\"panel-grid-cell\" ><div id=\"panel-3251-0-0-0\" class=\"so-panel widget widget_text panel-first-child panel-last-child\" data-index=\"0\" ><div style=\"text-align: left;\" data-title-color=\"#443f3f\" data-headings-color=\"#443f3f\" class=\"panel-widget-style panel-widget-style-for-3251-0-0-0\" >\t\t\t<div class=\"textwidget\"><p style=\"text-align: justify;\">Como cada a\u00f1o, tras la finalizaci\u00f3n de los proyectos, la Universidad de Ja\u00e9n (UJA), nos proporciona el an\u00e1lisis de los resultados obtenidos en los diferentes proyectos realizados.<\/p>\n<p style=\"text-align: justify;\">En cuanto al proyecto Cuida-T, se\u00f1alar que, aunque lleva varios a\u00f1os en marcha, siempre obtiene resultados muy beneficiosos tanto para el usuario como para los familiares. En el a\u00f1o 2023 se ha podido observar que el 68,3% de los usuarios han referido sentirse m\u00e1s tranquilo con este servicio de teleasistencia avanzada, el cual ha aportado mayor tranquilidad tanto al usuario como a los familiares. De igual modo, se ha conseguido paliar el sentimiento de soledad no deseada y el aislamiento social, debido a las llamadas de seguimiento y a las visitas domiciliarias.<\/p>\n<p style=\"text-align: justify;\">Por otro lado y respecto al proyecto Activa-T podemos destacar la utilidad del mismo para muchos de nuestros mayores, los cuales han declarado haber estado motivados debido al hecho de sentirse monitorizados y pendientes de ellos, as\u00ed como la consecuci\u00f3n de las actividades y retos propuestos por los profesionales especializados. Este proyecto tambi\u00e9n ha resultado de gran utilidad para familiarizar a las personas mayores con las nuevas tecnolog\u00edas, ya que nos hemos encontrado con algunos usuarios que nunca hab\u00edan usado una pulsera inteligente y se han sentido contentos en cuanto al aprendizaje de nuevas tecnolog\u00edas.<\/p>\n<p style=\"text-align: justify;\">Es necesario se\u00f1alar tambi\u00e9n que se han fomentado las relaciones sociales entre personas del mismo municipio, ya que debido al uso del reloj muchos han entablado conversaciones con personas que anteriormente no hab\u00edan tenido contacto nunca.<\/p>\n<p style=\"text-align: justify;\">En relaci\u00f3n al proyecto de Atenci\u00f3n a la Soledad No Deseada, se\u00f1alar que se ha fomentado la participaci\u00f3n social y la comunicaci\u00f3n a trav\u00e9s de videollamadas, mejorando el sentimiento de tristeza o aislamiento que experimentaban. Adem\u00e1s, gracias a los ejercicios de estimulaci\u00f3n cognitiva se ha conseguido mantener sus capacidades cognitivas y hacerlos part\u00edcipes de un proceso de envejecimiento activo.<\/p>\n<p style=\"text-align: justify;\">Asimismo, se ha podido observar que el 100 % de los usuarios han referido sentirse m\u00e1s acompa\u00f1ados y por lo tanto, consideran que su calidad de vida ha mejorado. Por otro lado, indicar que el estudio ha estado centrado en una atenci\u00f3n integral enfocada en los aspectos biopsicosociales y destacar que el 100% de los participantes recomendar\u00edan la participaci\u00f3n en el proyecto a otras personas.<\/p>\n<\/div>\n\t\t<\/div><\/div><\/div><\/div><\/div><\/div>","protected":false},"excerpt":{"rendered":"<p>Como cada a\u00f1o, tras la finalizaci\u00f3n de los proyectos, la Universidad de Ja\u00e9n (UJA), nos proporciona el an\u00e1lisis de los resultados obtenidos [&hellip;]<\/p>\n","protected":false},"author":1,"featured_media":3253,"comment_status":"open","ping_status":"open","sticky":false,"template":"","format":"standard","meta":{"footnotes":""},"categories":[1],"tags":[],"class_list":["post-3251","post","type-post","status-publish","format-standard","has-post-thumbnail","hentry","category-sin-categoria"],"_links":{"self":[{"href":"https:\/\/www.fundacioncuidarycurar.org\/webfcyc\/wp-json\/wp\/v2\/posts\/3251","targetHints":{"allow":["GET"]}}],"collection":[{"href":"https:\/\/www.fundacioncuidarycurar.org\/webfcyc\/wp-json\/wp\/v2\/posts"}],"about":[{"href":"https:\/\/www.fundacioncuidarycurar.org\/webfcyc\/wp-json\/wp\/v2\/types\/post"}],"author":[{"embeddable":true,"href":"https:\/\/www.fundacioncuidarycurar.org\/webfcyc\/wp-json\/wp\/v2\/users\/1"}],"replies":[{"embeddable":true,"href":"https:\/\/www.fundacioncuidarycurar.org\/webfcyc\/wp-json\/wp\/v2\/comments?post=3251"}],"version-history":[{"count":2,"href":"https:\/\/www.fundacioncuidarycurar.org\/webfcyc\/wp-json\/wp\/v2\/posts\/3251\/revisions"}],"predecessor-version":[{"id":3254,"href":"https:\/\/www.fundacioncuidarycurar.org\/webfcyc\/wp-json\/wp\/v2\/posts\/3251\/revisions\/3254"}],"wp:featuredmedia":[{"embeddable":true,"href":"https:\/\/www.fundacioncuidarycurar.org\/webfcyc\/wp-json\/wp\/v2\/media\/3253"}],"wp:attachment":[{"href":"https:\/\/www.fundacioncuidarycurar.org\/webfcyc\/wp-json\/wp\/v2\/media?parent=3251"}],"wp:term":[{"taxonomy":"category","embeddable":true,"href":"https:\/\/www.fundacioncuidarycurar.org\/webfcyc\/wp-json\/wp\/v2\/categories?post=3251"},{"taxonomy":"post_tag","embeddable":true,"href":"https:\/\/www.fundacioncuidarycurar.org\/webfcyc\/wp-json\/wp\/v2\/tags?post=3251"}],"curies":[{"name":"wp","href":"https:\/\/api.w.org\/{rel}","templated":true}]}}