{"id":3238,"date":"2024-01-24T09:15:25","date_gmt":"2024-01-24T09:15:25","guid":{"rendered":"https:\/\/www.fundacioncuidarycurar.org\/webfcyc\/?p=3238"},"modified":"2024-01-24T09:15:25","modified_gmt":"2024-01-24T09:15:25","slug":"inclusion-social-y-salud-se-alian-para-prevenir-la-dependencia-con-un-proyecto-piloto-de-cuidados-intermedios","status":"publish","type":"post","link":"https:\/\/www.fundacioncuidarycurar.org\/webfcyc\/2024\/01\/24\/inclusion-social-y-salud-se-alian-para-prevenir-la-dependencia-con-un-proyecto-piloto-de-cuidados-intermedios\/","title":{"rendered":"Inclusi\u00f3n Social y Salud se al\u00edan para prevenir la dependencia con un proyecto piloto de cuidados intermedios"},"content":{"rendered":"<div id=\"pl-3238\"  class=\"panel-layout\" ><div id=\"pg-3238-0\"  class=\"panel-grid panel-has-style\" ><div style=\"padding: 0px 0; \" data-overlay=\"true\" data-overlay-color=\"#000000\" class=\"panel-row-style panel-row-style-for-3238-0\" ><div id=\"pgc-3238-0-0\"  class=\"panel-grid-cell\" ><div id=\"panel-3238-0-0-0\" class=\"so-panel widget widget_text panel-first-child\" data-index=\"0\" ><div style=\"text-align: left;\" data-title-color=\"#443f3f\" data-headings-color=\"#443f3f\" class=\"panel-widget-style panel-widget-style-for-3238-0-0-0\" >\t\t\t<div class=\"textwidget\"><h2 style=\"color: #43903f;\">Ambas consejeras presentan esta iniciativa que da respuesta a mayores de 50 con necesidades sanitarias y sociales simult\u00e1neas<\/h2>\n<h2 style=\"color: #43903f;\">Loles L\u00f3pez destaca el valor de \u201ceste nuevo recurso sociosanitario\u201d que arranca en febrero y se centra en patolog\u00edas traumatol\u00f3gicas<\/h2>\n<h2 style=\"color: #43903f;\">Catalina Garc\u00eda valora el trabajo de las consejer\u00edas para activar este pilotaje dentro de la estrategia de coordinaci\u00f3n sociosanitaria<\/h2>\n<p class=\"p1\" style=\"text-align: justify;\">La consejera de Inclusi\u00f3n Social, Juventud, Familias e Igualdad, Loles L\u00f3pez, y la consejera de Salud y Consumo, Catalina Garc\u00eda, han presentado este martes en una residencia de personas mayores de Dos Hermanas (Sevilla) el proyecto piloto de innovaci\u00f3n en materia de servicios sociales dirigido a la atenci\u00f3n residencial de personas mayores de 50 a\u00f1os con necesidades sociales y sanitarias simult\u00e1neas y potencialmente dependientes. Se trata de un programa para cuidados intermedios que responde a la necesidad de aquella poblaci\u00f3n con dificultades sociales y que precisa de atenci\u00f3n sanitaria tras recibir el alta hospitalaria.<\/p>\n<p class=\"p1\" style=\"text-align: justify;\">En el marco de la visita a la residencia San Rafael de la localidad nazarena, las consejeras han destacado la apuesta del Gobierno andaluz por prevenir las situaciones de dependencia ya que este servicio se ofrecer\u00e1 a personas mayores de 50 a\u00f1os que presenten patolog\u00edas potencialmente cronificables y requieran de un proceso de rehabilitaci\u00f3n. En concreto, se centra en patolog\u00edas de traumatolog\u00eda, las m\u00e1s frecuentes en ese segmento de edad.<\/p>\n<p class=\"p1\" style=\"text-align: justify;\">Acompa\u00f1adas por responsables del centro y de la entidad que lo gestiona, Fundaci\u00f3n Cuidar y Curar, L\u00f3pez y Garc\u00eda han recorrido las instalaciones y conocido de primera mano los recursos que pone a disposici\u00f3n este centro, que ser\u00e1 uno de los que acojan este proyecto piloto en Andaluc\u00eda.<\/p>\n<p class=\"p1\" style=\"text-align: justify;\">Dentro de estos dispositivos, se atender\u00e1n casos que tengan un pron\u00f3stico de recuperaci\u00f3n de la autonom\u00eda del paciente en un plazo determinado de tiempo como puede ser por ejemplo, una rotura de cadera, en la que el paciente recibe el alta m\u00e9dica, pero tiene dificultades para continuar los cuidados sociales y rehabilitaci\u00f3n en casa.<\/p>\n<p class=\"p1\" style=\"text-align: justify;\">Loles L\u00f3pez ha asegurado que la Junta ha puesto en marcha este proyecto con \u201cel objetivo de prevenir la dependencia\u201d y de \u201cestar junto a las personas cuando lo necesitan\u201d. \u201cEs un proyecto piloto que supone 1,2 millones de euros, al que han concursado diez centros residenciales para 34 plazas, pero queremos llegar a las 60\u201d y para ello \u201cse volver\u00e1 a sacar una segunda fase\u201d. \u201cVeremos todo lo bueno que esta experiencia piloto nos da para poderla desarrollar y poner un recurso sociosanitario m\u00e1s a disposici\u00f3n de todas las personas que lo necesiten\u201d , ha agregado.<\/p>\n<p class=\"p1\" style=\"text-align: justify;\">Seg\u00fan ha remarcado la consejera de Inclusi\u00f3n Social, este proyecto busca sentar las bases de la atenci\u00f3n de esta tipolog\u00eda de plazas que, en el futuro, conformar\u00e1n el recurso espec\u00edfico de centro de cuidados intermedios. De cara a una atenci\u00f3n integral, de calidad y centrada en la persona, el Gobierno andaluz aboga por la coordinaci\u00f3n de los sistemas social y sanitario para atender a las personas dependientes, o potencialmente dependientes, y con patolog\u00edas cronificables. La previsi\u00f3n es que m\u00e1s de 100 personas se beneficien de este nuevo recurso de cuidados cualificados de car\u00e1cter temporal que supondr\u00e1 93 euros diarios por plaza y, cuyo coste, asume de manera \u00edntegra la Junta de Andaluc\u00eda. Este nuevo servicio arrancar\u00e1 a lo largo del mes de febrero.<\/p>\n<p><strong>Coordinaci\u00f3n<\/strong><\/p>\n<p class=\"p1\" style=\"text-align: justify;\">Por su parte, la consejera de Salud y Consumo, Catalina Garc\u00eda, ha subrayado la \u201cidoneidad\u201d de esta experiencia piloto y de la Estrategia Andaluza para la Coordinaci\u00f3n Sociosanitaria, que \u201cresponde a una situaci\u00f3n que requer\u00eda de una soluci\u00f3n efectiva\u201d. As\u00ed, ha incidido, en que el objetivo es doble: \u201ccuidar mejor a las personas que requieren de una atenci\u00f3n sociosanitaria, pero que no necesitan estar hospitalizados, y optimizar los recursos\u201d.<\/p>\n<p class=\"p1\" style=\"text-align: justify;\">As\u00ed, Garc\u00eda ha detallado que los beneficiarios de esta actuaci\u00f3n simult\u00e1nea y sin\u00e9rgica de los servicios sanitarios y sociales, que buscan aumentar su autonom\u00eda, paliar sus limitaciones o sufrimientos y facilitar su reinserci\u00f3n social, ser\u00e1n personas que sin patolog\u00eda previa relevante sufren un proceso que, superada la fase aguda, y encontr\u00e1ndose en situaci\u00f3n de alta hospitalaria, presenta p\u00e9rdida de funcionalidad potencialmente reversible, o personas con dependencia funcional recuperable que, por cambios en su situaci\u00f3n tras el alta hospitalaria, necesiten un entrenamiento espec\u00edfico para su recuperaci\u00f3n, previo a la continuidad de cuidados en el domicilio, si bien, en este proyecto piloto \u201cnos centraremos en personas que presenten patolog\u00edas de naturaleza traumatol\u00f3gicas\u201d.<\/p>\n<p class=\"p1\" style=\"text-align: justify;\">Junto a estos requisitos sanitarios, \u201cdebemos tener en cuenta tambi\u00e9n las necesidades sociales: que no tengan una persona cuidadora o que la intensidad y complejidad de los cuidados exceda la capacidad de la persona cuidadora o de su red social\u201d. En estos casos, estas personas ser\u00e1n derivadas por las Unidades de Trabajo Social de los hospitales de referencia a centros residenciales en una unidad de cuidados intermedios, con el correspondiente informe de salud donde se recoja el nivel de autonom\u00eda de la persona y su pron\u00f3stico de recuperaci\u00f3n, incluyendo un plazo previsible y en el que aparezca el tratamiento de rehabilitaci\u00f3n prescrito, adem\u00e1s del informe social donde se analice la situaci\u00f3n sociofamiliar de la persona y el grado de apoyo con el que cuenta.<\/p>\n<p class=\"p1\" style=\"text-align: justify;\">Por su lado, el alcalde de Dos Hermanas, Francisco Rodr\u00edguez, ha mostrado su satisfacci\u00f3n por la elecci\u00f3n de este centro de la localidad para la implantaci\u00f3n de un dispositivo de este proyecto piloto sobre cuidados intermedios. \u201cEsta decisi\u00f3n supone un respaldo al trabajo realizado desde el Ayuntamiento en el \u00e1mbito de los servicios sociales comunitarios que nos coloca en una posici\u00f3n preferente a nivel andaluz. Seguiremos trabajando en colaboraci\u00f3n con todas las administraciones p\u00fablicas en beneficio de la ciudadan\u00eda nazarena aprovechando esta y otras iniciativas que se ofrezcan\u201d, ha asegurado el primer edil.<\/p>\n<p><strong>Criterios m\u00e9dicos<\/strong><\/p>\n<p class=\"p1\" style=\"text-align: justify;\">Este nuevo servicio se pone en marcha a trav\u00e9s de un pilotaje de este tipo de plazas residenciales mediante el aprovechamiento de la actual red de centros que conforman el sistema de atenci\u00f3n a la dependencia en Andaluc\u00eda, ya que tiene capacidad y dispersi\u00f3n geogr\u00e1fica suficiente. La persona ingresar\u00e1 en la unidad de cuidados intermedios tras el alta hospitalaria y ser derivada tambi\u00e9n por las unidades de trabajo social de los hospitales de referencia.<\/p>\n<p class=\"p1\" style=\"text-align: justify;\">El criterio m\u00e9dico, en colaboraci\u00f3n con los servicios sociales del hospital, es el que fijar\u00e1 si se deriva a una persona, de manera temporal, a un centro residencial para recibir la atenci\u00f3n necesaria. En concreto, este servicio tendr\u00e1 un periodo de estancia de dos meses, ampliable un mes m\u00e1s, previo informe m\u00e9dico.<\/p>\n<p class=\"p1\" style=\"text-align: justify;\">Este plan se enmarca en el convenio suscrito con el entonces Ministerio de Derechos Sociales y Agenda 2030 para la ejecuci\u00f3n de proyectos con cargo a los fondos europeos procedentes del Mecanismo para la Recuperaci\u00f3n y Resiliencia.<\/p>\n<p><strong>Fases del proceso<\/strong><\/p>\n<p class=\"p1\" style=\"text-align: justify;\">Todo el proceso se lleva a cabo por ambas consejer\u00edas en tres fases: la primera de inicio, que consiste en que el centro hospitalario valora la idoneidad de las personas para participar en este proyecto, tanto desde el punto de vista sanitario como social, incluyendo un informe sobre su nivel de autonom\u00eda, y su pron\u00f3stico de recuperaci\u00f3n. en el caso de que el paciente acepte, desde la unidad de trabajo social del hospital se elevar\u00e1n la propuesta a la Agencia de Servicios Sociales y Dependencia de Andaluc\u00eda (Assda).<\/p>\n<p class=\"p1\" style=\"text-align: justify;\">La segunda fase se centra en la tramitaci\u00f3n administrativa, en la que la Assda emitir\u00e1 la correspondiente resoluci\u00f3n de ingreso en el plazo m\u00e1ximo de 5 d\u00edas h\u00e1biles y el hospital tramitar\u00e1 el alta y comunicar\u00e1 el traslado al centro residencial. desde el hospital se comunicar\u00e1 a los servicios sociales comunitarios la asignaci\u00f3n de esta plaza temporal.<\/p>\n<p class=\"p1\" style=\"text-align: justify;\">La tercera y \u00faltima se centra en la gesti\u00f3n del traslado e ingreso de cara a seguir con el tratamiento prescrito.<\/p>\n<\/div>\n\t\t<\/div><\/div><div id=\"panel-3238-0-0-1\" class=\"so-panel widget widget_sow-slider panel-last-child\" data-index=\"1\" ><div style=\"text-align: left;\" data-title-color=\"#443f3f\" data-headings-color=\"#443f3f\" class=\"panel-widget-style panel-widget-style-for-3238-0-0-1\" ><div\n\t\t\t\n\t\t\tclass=\"so-widget-sow-slider so-widget-sow-slider-default-6d39609536fd-3238\"\n\t\t\t\n\t\t>\t\t\t\t<div class=\"sow-slider-base\" style=\"display: none\" tabindex=\"0\">\n\t\t\t\t\t<ul\n\t\t\t\t\tclass=\"sow-slider-images\"\n\t\t\t\t\tdata-settings=\"{&quot;pagination&quot;:true,&quot;speed&quot;:400,&quot;timeout&quot;:8000,&quot;paused&quot;:false,&quot;pause_on_hover&quot;:false,&quot;swipe&quot;:true,&quot;nav_always_show_desktop&quot;:&quot;&quot;,&quot;nav_always_show_mobile&quot;:&quot;&quot;,&quot;breakpoint&quot;:&quot;780px&quot;,&quot;unmute&quot;:false,&quot;anchor&quot;:null}\"\n\t\t\t\t\t\t\t\t\t\tdata-anchor-id=\"\"\n\t\t\t\t>\t\t<li class=\"sow-slider-image\" style=\"visibility: visible;\" >\n\t\t\t\t\t\t<img loading=\"lazy\" decoding=\"async\" width=\"1024\" height=\"681\" src=\"https:\/\/www.fundacioncuidarycurar.org\/webfcyc\/wp-content\/uploads\/2024\/01\/WhatsApp-Image-2024-01-23-at-20.01.51.jpeg\" class=\"sow-slider-background-image\" alt=\"\" style=\"\" srcset=\"https:\/\/www.fundacioncuidarycurar.org\/webfcyc\/wp-content\/uploads\/2024\/01\/WhatsApp-Image-2024-01-23-at-20.01.51.jpeg 1024w, https:\/\/www.fundacioncuidarycurar.org\/webfcyc\/wp-content\/uploads\/2024\/01\/WhatsApp-Image-2024-01-23-at-20.01.51-300x200.jpeg 300w, https:\/\/www.fundacioncuidarycurar.org\/webfcyc\/wp-content\/uploads\/2024\/01\/WhatsApp-Image-2024-01-23-at-20.01.51-768x511.jpeg 768w, https:\/\/www.fundacioncuidarycurar.org\/webfcyc\/wp-content\/uploads\/2024\/01\/WhatsApp-Image-2024-01-23-at-20.01.51-1000x665.jpeg 1000w, https:\/\/www.fundacioncuidarycurar.org\/webfcyc\/wp-content\/uploads\/2024\/01\/WhatsApp-Image-2024-01-23-at-20.01.51-230x153.jpeg 230w, https:\/\/www.fundacioncuidarycurar.org\/webfcyc\/wp-content\/uploads\/2024\/01\/WhatsApp-Image-2024-01-23-at-20.01.51-350x233.jpeg 350w, https:\/\/www.fundacioncuidarycurar.org\/webfcyc\/wp-content\/uploads\/2024\/01\/WhatsApp-Image-2024-01-23-at-20.01.51-480x319.jpeg 480w, https:\/\/www.fundacioncuidarycurar.org\/webfcyc\/wp-content\/uploads\/2024\/01\/WhatsApp-Image-2024-01-23-at-20.01.51-272x182.jpeg 272w\" sizes=\"auto, (max-width: 1024px) 100vw, 1024px\" \/>\t\t<\/li>\n\t\t\t\t<li class=\"sow-slider-image\" style=\"visibility: hidden;\" >\n\t\t\t\t\t\t<img loading=\"lazy\" decoding=\"async\" width=\"1024\" height=\"648\" src=\"https:\/\/www.fundacioncuidarycurar.org\/webfcyc\/wp-content\/uploads\/2024\/01\/WhatsApp-Image-2024-01-23-at-20.01.51-1.jpeg\" class=\"sow-slider-background-image\" alt=\"\" style=\"\" srcset=\"https:\/\/www.fundacioncuidarycurar.org\/webfcyc\/wp-content\/uploads\/2024\/01\/WhatsApp-Image-2024-01-23-at-20.01.51-1.jpeg 1024w, https:\/\/www.fundacioncuidarycurar.org\/webfcyc\/wp-content\/uploads\/2024\/01\/WhatsApp-Image-2024-01-23-at-20.01.51-1-300x190.jpeg 300w, https:\/\/www.fundacioncuidarycurar.org\/webfcyc\/wp-content\/uploads\/2024\/01\/WhatsApp-Image-2024-01-23-at-20.01.51-1-768x486.jpeg 768w, https:\/\/www.fundacioncuidarycurar.org\/webfcyc\/wp-content\/uploads\/2024\/01\/WhatsApp-Image-2024-01-23-at-20.01.51-1-1000x633.jpeg 1000w, https:\/\/www.fundacioncuidarycurar.org\/webfcyc\/wp-content\/uploads\/2024\/01\/WhatsApp-Image-2024-01-23-at-20.01.51-1-230x146.jpeg 230w, https:\/\/www.fundacioncuidarycurar.org\/webfcyc\/wp-content\/uploads\/2024\/01\/WhatsApp-Image-2024-01-23-at-20.01.51-1-350x221.jpeg 350w, https:\/\/www.fundacioncuidarycurar.org\/webfcyc\/wp-content\/uploads\/2024\/01\/WhatsApp-Image-2024-01-23-at-20.01.51-1-480x304.jpeg 480w\" sizes=\"auto, (max-width: 1024px) 100vw, 1024px\" \/>\t\t<\/li>\n\t\t\t\t<li class=\"sow-slider-image\" style=\"visibility: hidden;\" >\n\t\t\t\t\t\t<img loading=\"lazy\" decoding=\"async\" width=\"1024\" height=\"681\" src=\"https:\/\/www.fundacioncuidarycurar.org\/webfcyc\/wp-content\/uploads\/2024\/01\/WhatsApp-Image-2024-01-23-at-20.01.51-2.jpeg\" class=\"sow-slider-background-image\" alt=\"\" style=\"\" srcset=\"https:\/\/www.fundacioncuidarycurar.org\/webfcyc\/wp-content\/uploads\/2024\/01\/WhatsApp-Image-2024-01-23-at-20.01.51-2.jpeg 1024w, https:\/\/www.fundacioncuidarycurar.org\/webfcyc\/wp-content\/uploads\/2024\/01\/WhatsApp-Image-2024-01-23-at-20.01.51-2-300x200.jpeg 300w, https:\/\/www.fundacioncuidarycurar.org\/webfcyc\/wp-content\/uploads\/2024\/01\/WhatsApp-Image-2024-01-23-at-20.01.51-2-768x511.jpeg 768w, https:\/\/www.fundacioncuidarycurar.org\/webfcyc\/wp-content\/uploads\/2024\/01\/WhatsApp-Image-2024-01-23-at-20.01.51-2-1000x665.jpeg 1000w, https:\/\/www.fundacioncuidarycurar.org\/webfcyc\/wp-content\/uploads\/2024\/01\/WhatsApp-Image-2024-01-23-at-20.01.51-2-230x153.jpeg 230w, https:\/\/www.fundacioncuidarycurar.org\/webfcyc\/wp-content\/uploads\/2024\/01\/WhatsApp-Image-2024-01-23-at-20.01.51-2-350x233.jpeg 350w, https:\/\/www.fundacioncuidarycurar.org\/webfcyc\/wp-content\/uploads\/2024\/01\/WhatsApp-Image-2024-01-23-at-20.01.51-2-480x319.jpeg 480w, https:\/\/www.fundacioncuidarycurar.org\/webfcyc\/wp-content\/uploads\/2024\/01\/WhatsApp-Image-2024-01-23-at-20.01.51-2-272x182.jpeg 272w\" sizes=\"auto, (max-width: 1024px) 100vw, 1024px\" \/>\t\t<\/li>\n\t\t\t\t<li class=\"sow-slider-image\" style=\"visibility: hidden;\" >\n\t\t\t\t\t\t<img loading=\"lazy\" decoding=\"async\" width=\"1024\" height=\"681\" src=\"https:\/\/www.fundacioncuidarycurar.org\/webfcyc\/wp-content\/uploads\/2024\/01\/WhatsApp-Image-2024-01-23-at-20.01.52-1.jpeg\" class=\"sow-slider-background-image\" alt=\"\" style=\"\" srcset=\"https:\/\/www.fundacioncuidarycurar.org\/webfcyc\/wp-content\/uploads\/2024\/01\/WhatsApp-Image-2024-01-23-at-20.01.52-1.jpeg 1024w, https:\/\/www.fundacioncuidarycurar.org\/webfcyc\/wp-content\/uploads\/2024\/01\/WhatsApp-Image-2024-01-23-at-20.01.52-1-300x200.jpeg 300w, https:\/\/www.fundacioncuidarycurar.org\/webfcyc\/wp-content\/uploads\/2024\/01\/WhatsApp-Image-2024-01-23-at-20.01.52-1-768x511.jpeg 768w, https:\/\/www.fundacioncuidarycurar.org\/webfcyc\/wp-content\/uploads\/2024\/01\/WhatsApp-Image-2024-01-23-at-20.01.52-1-1000x665.jpeg 1000w, https:\/\/www.fundacioncuidarycurar.org\/webfcyc\/wp-content\/uploads\/2024\/01\/WhatsApp-Image-2024-01-23-at-20.01.52-1-230x153.jpeg 230w, https:\/\/www.fundacioncuidarycurar.org\/webfcyc\/wp-content\/uploads\/2024\/01\/WhatsApp-Image-2024-01-23-at-20.01.52-1-350x233.jpeg 350w, https:\/\/www.fundacioncuidarycurar.org\/webfcyc\/wp-content\/uploads\/2024\/01\/WhatsApp-Image-2024-01-23-at-20.01.52-1-480x319.jpeg 480w, https:\/\/www.fundacioncuidarycurar.org\/webfcyc\/wp-content\/uploads\/2024\/01\/WhatsApp-Image-2024-01-23-at-20.01.52-1-272x182.jpeg 272w\" sizes=\"auto, (max-width: 1024px) 100vw, 1024px\" \/>\t\t<\/li>\n\t\t\t\t<li class=\"sow-slider-image\" style=\"visibility: hidden;\" >\n\t\t\t\t\t\t<img loading=\"lazy\" decoding=\"async\" width=\"1024\" height=\"681\" src=\"https:\/\/www.fundacioncuidarycurar.org\/webfcyc\/wp-content\/uploads\/2024\/01\/WhatsApp-Image-2024-01-23-at-20.01.52-2.jpeg\" class=\"sow-slider-background-image\" alt=\"\" style=\"\" srcset=\"https:\/\/www.fundacioncuidarycurar.org\/webfcyc\/wp-content\/uploads\/2024\/01\/WhatsApp-Image-2024-01-23-at-20.01.52-2.jpeg 1024w, https:\/\/www.fundacioncuidarycurar.org\/webfcyc\/wp-content\/uploads\/2024\/01\/WhatsApp-Image-2024-01-23-at-20.01.52-2-300x200.jpeg 300w, https:\/\/www.fundacioncuidarycurar.org\/webfcyc\/wp-content\/uploads\/2024\/01\/WhatsApp-Image-2024-01-23-at-20.01.52-2-768x511.jpeg 768w, https:\/\/www.fundacioncuidarycurar.org\/webfcyc\/wp-content\/uploads\/2024\/01\/WhatsApp-Image-2024-01-23-at-20.01.52-2-1000x665.jpeg 1000w, https:\/\/www.fundacioncuidarycurar.org\/webfcyc\/wp-content\/uploads\/2024\/01\/WhatsApp-Image-2024-01-23-at-20.01.52-2-230x153.jpeg 230w, https:\/\/www.fundacioncuidarycurar.org\/webfcyc\/wp-content\/uploads\/2024\/01\/WhatsApp-Image-2024-01-23-at-20.01.52-2-350x233.jpeg 350w, https:\/\/www.fundacioncuidarycurar.org\/webfcyc\/wp-content\/uploads\/2024\/01\/WhatsApp-Image-2024-01-23-at-20.01.52-2-480x319.jpeg 480w, https:\/\/www.fundacioncuidarycurar.org\/webfcyc\/wp-content\/uploads\/2024\/01\/WhatsApp-Image-2024-01-23-at-20.01.52-2-272x182.jpeg 272w\" sizes=\"auto, (max-width: 1024px) 100vw, 1024px\" \/>\t\t<\/li>\n\t\t\t\t<li class=\"sow-slider-image\" style=\"visibility: hidden;\" >\n\t\t\t\t\t\t<img loading=\"lazy\" decoding=\"async\" width=\"1024\" height=\"681\" src=\"https:\/\/www.fundacioncuidarycurar.org\/webfcyc\/wp-content\/uploads\/2024\/01\/WhatsApp-Image-2024-01-23-at-20.01.52.jpeg\" class=\"sow-slider-background-image\" alt=\"\" style=\"\" srcset=\"https:\/\/www.fundacioncuidarycurar.org\/webfcyc\/wp-content\/uploads\/2024\/01\/WhatsApp-Image-2024-01-23-at-20.01.52.jpeg 1024w, https:\/\/www.fundacioncuidarycurar.org\/webfcyc\/wp-content\/uploads\/2024\/01\/WhatsApp-Image-2024-01-23-at-20.01.52-300x200.jpeg 300w, https:\/\/www.fundacioncuidarycurar.org\/webfcyc\/wp-content\/uploads\/2024\/01\/WhatsApp-Image-2024-01-23-at-20.01.52-768x511.jpeg 768w, https:\/\/www.fundacioncuidarycurar.org\/webfcyc\/wp-content\/uploads\/2024\/01\/WhatsApp-Image-2024-01-23-at-20.01.52-1000x665.jpeg 1000w, https:\/\/www.fundacioncuidarycurar.org\/webfcyc\/wp-content\/uploads\/2024\/01\/WhatsApp-Image-2024-01-23-at-20.01.52-230x153.jpeg 230w, https:\/\/www.fundacioncuidarycurar.org\/webfcyc\/wp-content\/uploads\/2024\/01\/WhatsApp-Image-2024-01-23-at-20.01.52-350x233.jpeg 350w, https:\/\/www.fundacioncuidarycurar.org\/webfcyc\/wp-content\/uploads\/2024\/01\/WhatsApp-Image-2024-01-23-at-20.01.52-480x319.jpeg 480w, https:\/\/www.fundacioncuidarycurar.org\/webfcyc\/wp-content\/uploads\/2024\/01\/WhatsApp-Image-2024-01-23-at-20.01.52-272x182.jpeg 272w\" sizes=\"auto, (max-width: 1024px) 100vw, 1024px\" \/>\t\t<\/li>\n\t\t<\/ul>\t\t\t\t<ol class=\"sow-slider-pagination\">\n\t\t\t\t\t\t\t\t\t\t\t<li><a href=\"#\" data-goto=\"0\" aria-label=\"mostrar diapositiva 1\"><\/a><\/li>\n\t\t\t\t\t\t\t\t\t\t\t<li><a href=\"#\" data-goto=\"1\" aria-label=\"mostrar diapositiva 2\"><\/a><\/li>\n\t\t\t\t\t\t\t\t\t\t\t<li><a href=\"#\" data-goto=\"2\" aria-label=\"mostrar diapositiva 3\"><\/a><\/li>\n\t\t\t\t\t\t\t\t\t\t\t<li><a href=\"#\" data-goto=\"3\" aria-label=\"mostrar diapositiva 4\"><\/a><\/li>\n\t\t\t\t\t\t\t\t\t\t\t<li><a href=\"#\" data-goto=\"4\" aria-label=\"mostrar diapositiva 5\"><\/a><\/li>\n\t\t\t\t\t\t\t\t\t\t\t<li><a href=\"#\" data-goto=\"5\" aria-label=\"mostrar diapositiva 6\"><\/a><\/li>\n\t\t\t\t\t\t\t\t\t<\/ol>\n\n\t\t\t\t<div class=\"sow-slide-nav sow-slide-nav-next\">\n\t\t\t\t\t<a href=\"#\" data-goto=\"next\" aria-label=\"diapositiva siguiente\" data-action=\"next\">\n\t\t\t\t\t\t<em class=\"sow-sld-icon-thin-right\"><\/em>\n\t\t\t\t\t<\/a>\n\t\t\t\t<\/div>\n\n\t\t\t\t<div class=\"sow-slide-nav sow-slide-nav-prev\">\n\t\t\t\t\t<a href=\"#\" data-goto=\"previous\" aria-label=\"diapositiva anterior\" data-action=\"prev\">\n\t\t\t\t\t\t<em class=\"sow-sld-icon-thin-left\"><\/em>\n\t\t\t\t\t<\/a>\n\t\t\t\t<\/div>\n\t\t\t\t<\/div><\/div><\/div><\/div><\/div><\/div><\/div><\/div>","protected":false},"excerpt":{"rendered":"<p>Ambas consejeras presentan esta iniciativa que da respuesta a mayores de 50 con necesidades sanitarias y sociales simult\u00e1neas Loles L\u00f3pez destaca el [&hellip;]<\/p>\n","protected":false},"author":1,"featured_media":3240,"comment_status":"open","ping_status":"open","sticky":false,"template":"","format":"standard","meta":{"footnotes":""},"categories":[1],"tags":[],"class_list":["post-3238","post","type-post","status-publish","format-standard","has-post-thumbnail","hentry","category-sin-categoria"],"_links":{"self":[{"href":"https:\/\/www.fundacioncuidarycurar.org\/webfcyc\/wp-json\/wp\/v2\/posts\/3238","targetHints":{"allow":["GET"]}}],"collection":[{"href":"https:\/\/www.fundacioncuidarycurar.org\/webfcyc\/wp-json\/wp\/v2\/posts"}],"about":[{"href":"https:\/\/www.fundacioncuidarycurar.org\/webfcyc\/wp-json\/wp\/v2\/types\/post"}],"author":[{"embeddable":true,"href":"https:\/\/www.fundacioncuidarycurar.org\/webfcyc\/wp-json\/wp\/v2\/users\/1"}],"replies":[{"embeddable":true,"href":"https:\/\/www.fundacioncuidarycurar.org\/webfcyc\/wp-json\/wp\/v2\/comments?post=3238"}],"version-history":[{"count":2,"href":"https:\/\/www.fundacioncuidarycurar.org\/webfcyc\/wp-json\/wp\/v2\/posts\/3238\/revisions"}],"predecessor-version":[{"id":3248,"href":"https:\/\/www.fundacioncuidarycurar.org\/webfcyc\/wp-json\/wp\/v2\/posts\/3238\/revisions\/3248"}],"wp:featuredmedia":[{"embeddable":true,"href":"https:\/\/www.fundacioncuidarycurar.org\/webfcyc\/wp-json\/wp\/v2\/media\/3240"}],"wp:attachment":[{"href":"https:\/\/www.fundacioncuidarycurar.org\/webfcyc\/wp-json\/wp\/v2\/media?parent=3238"}],"wp:term":[{"taxonomy":"category","embeddable":true,"href":"https:\/\/www.fundacioncuidarycurar.org\/webfcyc\/wp-json\/wp\/v2\/categories?post=3238"},{"taxonomy":"post_tag","embeddable":true,"href":"https:\/\/www.fundacioncuidarycurar.org\/webfcyc\/wp-json\/wp\/v2\/tags?post=3238"}],"curies":[{"name":"wp","href":"https:\/\/api.w.org\/{rel}","templated":true}]}}