{"id":3232,"date":"2024-01-23T12:37:42","date_gmt":"2024-01-23T12:37:42","guid":{"rendered":"https:\/\/www.fundacioncuidarycurar.org\/webfcyc\/?p=3232"},"modified":"2024-01-23T12:37:42","modified_gmt":"2024-01-23T12:37:42","slug":"los-proyectos-con-cargo-a-la-asignacion-tributaria-del-07-del-irpf-del-ano-2023-llega-a-su-fin","status":"publish","type":"post","link":"https:\/\/www.fundacioncuidarycurar.org\/webfcyc\/2024\/01\/23\/los-proyectos-con-cargo-a-la-asignacion-tributaria-del-07-del-irpf-del-ano-2023-llega-a-su-fin\/","title":{"rendered":"Los proyectos con cargo a la asignaci\u00f3n tributaria del 0,7% del IRPF del a\u00f1o 2023 llega a su fin"},"content":{"rendered":"<div id=\"pl-3232\"  class=\"panel-layout\" ><div id=\"pg-3232-0\"  class=\"panel-grid panel-has-style\" ><div style=\"padding: 0px 0; \" data-overlay=\"true\" data-overlay-color=\"#000000\" class=\"panel-row-style panel-row-style-for-3232-0\" ><div id=\"pgc-3232-0-0\"  class=\"panel-grid-cell\" ><div id=\"panel-3232-0-0-0\" class=\"so-panel widget widget_text panel-first-child\" data-index=\"0\" ><div style=\"text-align: left;\" data-title-color=\"#443f3f\" data-headings-color=\"#443f3f\" class=\"panel-widget-style panel-widget-style-for-3232-0-0-0\" >\t\t\t<div class=\"textwidget\"><p style=\"text-align: justify;\">En el mes de diciembre de 2023 se ha dado por finalizado los tres proyectos de los que hemos sido beneficiarios este a\u00f1o. Siendo estos: Cuida-T, Atenci\u00f3n sociosanitaria en casos de soledad no deseada y Activa-t. Destacar que durante este a\u00f1o se ha atendido a un total de 134 usuarios, pertenecientes estos usuarios a las provincias de Ja\u00e9n, C\u00e1diz y Sevilla.<\/p>\n<p style=\"text-align: justify;\">Durante este a\u00f1o a trav\u00e9s de estos proyectos se le ha proporcionado tanto a los usuarios como a sus familiares tranquilidad y confianza al ser atendidos por profesionales sociosanitarios de la Fundaci\u00f3n cuidar y Curar. Los cuales han realizado diferentes funciones como visitas domiciliarias, talleres de estimulaci\u00f3n cognitiva, llamadas de seguimiento programado, derivaci\u00f3n de usuarios a servicios sanitarios o sociales etc, todas estas funciones encaminadas a mejorar la calidad de vida y autonom\u00eda de aquellos mayores que viven en su domicilio.<\/p>\n<p style=\"text-align: justify;\">Tras la finalizaci\u00f3n de los proyectos, se ha proporcionado los datos obtenidos de las diferentes escalas de valoraci\u00f3n y encuesta de satisfacci\u00f3n, a la Universidad de Ja\u00e9n, ya que es la encargada de su an\u00e1lisis. Por ello, en un breve periodo de tiempo, contaremos con los resultados finales, que publicaremos por aqu\u00ed.<\/p>\n<\/div>\n\t\t<\/div><\/div><div id=\"panel-3232-0-0-1\" class=\"so-panel widget widget_media_image panel-last-child\" data-index=\"1\" ><div style=\"text-align: left;\" data-title-color=\"#443f3f\" data-headings-color=\"#443f3f\" class=\"panel-widget-style panel-widget-style-for-3232-0-0-1\" ><img loading=\"lazy\" decoding=\"async\" width=\"1920\" height=\"385\" src=\"https:\/\/www.fundacioncuidarycurar.org\/webfcyc\/wp-content\/uploads\/2022\/07\/Logo07IRPF_2021-1920x385-1.png\" class=\"image wp-image-2843  attachment-full size-full\" alt=\"\" style=\"max-width: 100%; height: auto;\" srcset=\"https:\/\/www.fundacioncuidarycurar.org\/webfcyc\/wp-content\/uploads\/2022\/07\/Logo07IRPF_2021-1920x385-1.png 1920w, https:\/\/www.fundacioncuidarycurar.org\/webfcyc\/wp-content\/uploads\/2022\/07\/Logo07IRPF_2021-1920x385-1-300x60.png 300w, https:\/\/www.fundacioncuidarycurar.org\/webfcyc\/wp-content\/uploads\/2022\/07\/Logo07IRPF_2021-1920x385-1-1024x205.png 1024w, https:\/\/www.fundacioncuidarycurar.org\/webfcyc\/wp-content\/uploads\/2022\/07\/Logo07IRPF_2021-1920x385-1-768x154.png 768w, https:\/\/www.fundacioncuidarycurar.org\/webfcyc\/wp-content\/uploads\/2022\/07\/Logo07IRPF_2021-1920x385-1-1536x308.png 1536w, https:\/\/www.fundacioncuidarycurar.org\/webfcyc\/wp-content\/uploads\/2022\/07\/Logo07IRPF_2021-1920x385-1-920x184.png 920w, https:\/\/www.fundacioncuidarycurar.org\/webfcyc\/wp-content\/uploads\/2022\/07\/Logo07IRPF_2021-1920x385-1-230x46.png 230w, https:\/\/www.fundacioncuidarycurar.org\/webfcyc\/wp-content\/uploads\/2022\/07\/Logo07IRPF_2021-1920x385-1-350x70.png 350w, https:\/\/www.fundacioncuidarycurar.org\/webfcyc\/wp-content\/uploads\/2022\/07\/Logo07IRPF_2021-1920x385-1-480x96.png 480w\" sizes=\"auto, (max-width: 1920px) 100vw, 1920px\" \/><\/div><\/div><\/div><\/div><\/div><\/div>","protected":false},"excerpt":{"rendered":"<p>En el mes de diciembre de 2023 se ha dado por finalizado los tres proyectos de los que hemos sido beneficiarios este [&hellip;]<\/p>\n","protected":false},"author":1,"featured_media":3234,"comment_status":"open","ping_status":"open","sticky":false,"template":"","format":"standard","meta":{"footnotes":""},"categories":[1],"tags":[],"class_list":["post-3232","post","type-post","status-publish","format-standard","has-post-thumbnail","hentry","category-sin-categoria"],"_links":{"self":[{"href":"https:\/\/www.fundacioncuidarycurar.org\/webfcyc\/wp-json\/wp\/v2\/posts\/3232","targetHints":{"allow":["GET"]}}],"collection":[{"href":"https:\/\/www.fundacioncuidarycurar.org\/webfcyc\/wp-json\/wp\/v2\/posts"}],"about":[{"href":"https:\/\/www.fundacioncuidarycurar.org\/webfcyc\/wp-json\/wp\/v2\/types\/post"}],"author":[{"embeddable":true,"href":"https:\/\/www.fundacioncuidarycurar.org\/webfcyc\/wp-json\/wp\/v2\/users\/1"}],"replies":[{"embeddable":true,"href":"https:\/\/www.fundacioncuidarycurar.org\/webfcyc\/wp-json\/wp\/v2\/comments?post=3232"}],"version-history":[{"count":3,"href":"https:\/\/www.fundacioncuidarycurar.org\/webfcyc\/wp-json\/wp\/v2\/posts\/3232\/revisions"}],"predecessor-version":[{"id":3236,"href":"https:\/\/www.fundacioncuidarycurar.org\/webfcyc\/wp-json\/wp\/v2\/posts\/3232\/revisions\/3236"}],"wp:featuredmedia":[{"embeddable":true,"href":"https:\/\/www.fundacioncuidarycurar.org\/webfcyc\/wp-json\/wp\/v2\/media\/3234"}],"wp:attachment":[{"href":"https:\/\/www.fundacioncuidarycurar.org\/webfcyc\/wp-json\/wp\/v2\/media?parent=3232"}],"wp:term":[{"taxonomy":"category","embeddable":true,"href":"https:\/\/www.fundacioncuidarycurar.org\/webfcyc\/wp-json\/wp\/v2\/categories?post=3232"},{"taxonomy":"post_tag","embeddable":true,"href":"https:\/\/www.fundacioncuidarycurar.org\/webfcyc\/wp-json\/wp\/v2\/tags?post=3232"}],"curies":[{"name":"wp","href":"https:\/\/api.w.org\/{rel}","templated":true}]}}