{"id":3224,"date":"2023-12-14T08:13:51","date_gmt":"2023-12-14T08:13:51","guid":{"rendered":"https:\/\/www.fundacioncuidarycurar.org\/webfcyc\/?p=3224"},"modified":"2023-12-14T08:13:51","modified_gmt":"2023-12-14T08:13:51","slug":"ningun-mayor-solo","status":"publish","type":"post","link":"https:\/\/www.fundacioncuidarycurar.org\/webfcyc\/2023\/12\/14\/ningun-mayor-solo\/","title":{"rendered":"Ning\u00fan mayor solo"},"content":{"rendered":"<div id=\"pl-3224\"  class=\"panel-layout\" ><div id=\"pg-3224-0\"  class=\"panel-grid panel-has-style\" ><div style=\"padding: 0px 0; \" data-overlay=\"true\" data-overlay-color=\"#000000\" class=\"panel-row-style panel-row-style-for-3224-0\" ><div id=\"pgc-3224-0-0\"  class=\"panel-grid-cell\" ><div id=\"panel-3224-0-0-0\" class=\"so-panel widget widget_text panel-first-child panel-last-child\" data-index=\"0\" ><div style=\"text-align: left;\" data-title-color=\"#443f3f\" data-headings-color=\"#443f3f\" class=\"panel-widget-style panel-widget-style-for-3224-0-0-0\" >\t\t\t<div class=\"textwidget\"><p style=\"text-align: justify\">Un a\u00f1o m\u00e1s, la Fundaci\u00f3n Unicaja pone en marcha sus programas \u00abNing\u00fan mayor solo&#8230;\u00bb destinados a aquellos mayores que residan solos, bien en los municipios donde se desarrolla el programa o pr\u00f3ximos. A trav\u00e9s de estos programas, los mayores que no quieran pasar estas entra\u00f1ables fiestas en la soledad de su hogar podr\u00e1n compartirlas con los mayores de los distintos centros residenciales de la Fundaci\u00f3n Cuidar y Curar, tanto para las celebraciones de Nochebuena y Navidad como en Fin de A\u00f1o y A\u00f1o Nuevo.<\/p>\n<\/div>\n\t\t<\/div><\/div><\/div><\/div><\/div><div id=\"pg-3224-1\"  class=\"panel-grid panel-has-style\" ><div style=\"padding: 0px 0; \" data-overlay=\"true\" data-overlay-color=\"#000000\" class=\"panel-row-style panel-row-style-for-3224-1\" ><div id=\"pgc-3224-1-0\"  class=\"panel-grid-cell\" ><div id=\"panel-3224-1-0-0\" class=\"so-panel widget widget_media_image panel-first-child panel-last-child\" data-index=\"1\" ><div style=\"text-align: left;\" data-title-color=\"#443f3f\" data-headings-color=\"#443f3f\" class=\"panel-widget-style panel-widget-style-for-3224-1-0-0\" ><img loading=\"lazy\" decoding=\"async\" width=\"724\" height=\"1024\" src=\"https:\/\/www.fundacioncuidarycurar.org\/webfcyc\/wp-content\/uploads\/2023\/12\/NAVIDAD-GENERAL-1-724x1024.png\" class=\"image wp-image-3227  attachment-large size-large\" alt=\"\" style=\"max-width: 100%; height: auto;\" srcset=\"https:\/\/www.fundacioncuidarycurar.org\/webfcyc\/wp-content\/uploads\/2023\/12\/NAVIDAD-GENERAL-1-724x1024.png 724w, https:\/\/www.fundacioncuidarycurar.org\/webfcyc\/wp-content\/uploads\/2023\/12\/NAVIDAD-GENERAL-1-212x300.png 212w, https:\/\/www.fundacioncuidarycurar.org\/webfcyc\/wp-content\/uploads\/2023\/12\/NAVIDAD-GENERAL-1-768x1086.png 768w, https:\/\/www.fundacioncuidarycurar.org\/webfcyc\/wp-content\/uploads\/2023\/12\/NAVIDAD-GENERAL-1-1086x1536.png 1086w, https:\/\/www.fundacioncuidarycurar.org\/webfcyc\/wp-content\/uploads\/2023\/12\/NAVIDAD-GENERAL-1-1448x2048.png 1448w, https:\/\/www.fundacioncuidarycurar.org\/webfcyc\/wp-content\/uploads\/2023\/12\/NAVIDAD-GENERAL-1-1000x1415.png 1000w, https:\/\/www.fundacioncuidarycurar.org\/webfcyc\/wp-content\/uploads\/2023\/12\/NAVIDAD-GENERAL-1-230x325.png 230w, https:\/\/www.fundacioncuidarycurar.org\/webfcyc\/wp-content\/uploads\/2023\/12\/NAVIDAD-GENERAL-1-350x495.png 350w, https:\/\/www.fundacioncuidarycurar.org\/webfcyc\/wp-content\/uploads\/2023\/12\/NAVIDAD-GENERAL-1-480x679.png 480w, https:\/\/www.fundacioncuidarycurar.org\/webfcyc\/wp-content\/uploads\/2023\/12\/NAVIDAD-GENERAL-1.png 1587w\" sizes=\"auto, (max-width: 724px) 100vw, 724px\" \/><\/div><\/div><\/div><div id=\"pgc-3224-1-1\"  class=\"panel-grid-cell\" ><div id=\"panel-3224-1-1-0\" class=\"so-panel widget widget_media_image panel-first-child panel-last-child\" data-index=\"2\" ><div style=\"text-align: left;\" data-title-color=\"#443f3f\" data-headings-color=\"#443f3f\" class=\"panel-widget-style panel-widget-style-for-3224-1-1-0\" ><img loading=\"lazy\" decoding=\"async\" width=\"724\" height=\"1024\" src=\"https:\/\/www.fundacioncuidarycurar.org\/webfcyc\/wp-content\/uploads\/2023\/12\/FIN-DE-ANO-GENERAL-724x1024.png\" class=\"image wp-image-3226  attachment-large size-large\" alt=\"\" style=\"max-width: 100%; height: auto;\" srcset=\"https:\/\/www.fundacioncuidarycurar.org\/webfcyc\/wp-content\/uploads\/2023\/12\/FIN-DE-ANO-GENERAL-724x1024.png 724w, https:\/\/www.fundacioncuidarycurar.org\/webfcyc\/wp-content\/uploads\/2023\/12\/FIN-DE-ANO-GENERAL-212x300.png 212w, https:\/\/www.fundacioncuidarycurar.org\/webfcyc\/wp-content\/uploads\/2023\/12\/FIN-DE-ANO-GENERAL-768x1086.png 768w, https:\/\/www.fundacioncuidarycurar.org\/webfcyc\/wp-content\/uploads\/2023\/12\/FIN-DE-ANO-GENERAL-1086x1536.png 1086w, https:\/\/www.fundacioncuidarycurar.org\/webfcyc\/wp-content\/uploads\/2023\/12\/FIN-DE-ANO-GENERAL-1448x2048.png 1448w, https:\/\/www.fundacioncuidarycurar.org\/webfcyc\/wp-content\/uploads\/2023\/12\/FIN-DE-ANO-GENERAL-1000x1415.png 1000w, https:\/\/www.fundacioncuidarycurar.org\/webfcyc\/wp-content\/uploads\/2023\/12\/FIN-DE-ANO-GENERAL-230x325.png 230w, https:\/\/www.fundacioncuidarycurar.org\/webfcyc\/wp-content\/uploads\/2023\/12\/FIN-DE-ANO-GENERAL-350x495.png 350w, https:\/\/www.fundacioncuidarycurar.org\/webfcyc\/wp-content\/uploads\/2023\/12\/FIN-DE-ANO-GENERAL-480x679.png 480w, https:\/\/www.fundacioncuidarycurar.org\/webfcyc\/wp-content\/uploads\/2023\/12\/FIN-DE-ANO-GENERAL.png 1587w\" sizes=\"auto, (max-width: 724px) 100vw, 724px\" \/><\/div><\/div><\/div><\/div><\/div><\/div>","protected":false},"excerpt":{"rendered":"<p>Un a\u00f1o m\u00e1s, la Fundaci\u00f3n Unicaja pone en marcha sus programas \u00abNing\u00fan mayor solo&#8230;\u00bb destinados a aquellos mayores que residan solos, bien [&hellip;]<\/p>\n","protected":false},"author":1,"featured_media":3225,"comment_status":"open","ping_status":"open","sticky":false,"template":"","format":"standard","meta":{"footnotes":""},"categories":[1],"tags":[],"class_list":["post-3224","post","type-post","status-publish","format-standard","has-post-thumbnail","hentry","category-sin-categoria"],"_links":{"self":[{"href":"https:\/\/www.fundacioncuidarycurar.org\/webfcyc\/wp-json\/wp\/v2\/posts\/3224","targetHints":{"allow":["GET"]}}],"collection":[{"href":"https:\/\/www.fundacioncuidarycurar.org\/webfcyc\/wp-json\/wp\/v2\/posts"}],"about":[{"href":"https:\/\/www.fundacioncuidarycurar.org\/webfcyc\/wp-json\/wp\/v2\/types\/post"}],"author":[{"embeddable":true,"href":"https:\/\/www.fundacioncuidarycurar.org\/webfcyc\/wp-json\/wp\/v2\/users\/1"}],"replies":[{"embeddable":true,"href":"https:\/\/www.fundacioncuidarycurar.org\/webfcyc\/wp-json\/wp\/v2\/comments?post=3224"}],"version-history":[{"count":2,"href":"https:\/\/www.fundacioncuidarycurar.org\/webfcyc\/wp-json\/wp\/v2\/posts\/3224\/revisions"}],"predecessor-version":[{"id":3229,"href":"https:\/\/www.fundacioncuidarycurar.org\/webfcyc\/wp-json\/wp\/v2\/posts\/3224\/revisions\/3229"}],"wp:featuredmedia":[{"embeddable":true,"href":"https:\/\/www.fundacioncuidarycurar.org\/webfcyc\/wp-json\/wp\/v2\/media\/3225"}],"wp:attachment":[{"href":"https:\/\/www.fundacioncuidarycurar.org\/webfcyc\/wp-json\/wp\/v2\/media?parent=3224"}],"wp:term":[{"taxonomy":"category","embeddable":true,"href":"https:\/\/www.fundacioncuidarycurar.org\/webfcyc\/wp-json\/wp\/v2\/categories?post=3224"},{"taxonomy":"post_tag","embeddable":true,"href":"https:\/\/www.fundacioncuidarycurar.org\/webfcyc\/wp-json\/wp\/v2\/tags?post=3224"}],"curies":[{"name":"wp","href":"https:\/\/api.w.org\/{rel}","templated":true}]}}