{"id":3218,"date":"2023-12-04T11:37:20","date_gmt":"2023-12-04T11:37:20","guid":{"rendered":"https:\/\/www.fundacioncuidarycurar.org\/webfcyc\/?p=3218"},"modified":"2023-12-04T11:37:21","modified_gmt":"2023-12-04T11:37:21","slug":"fundacion-cuidar-y-curar-participa-en-la-xxvii-edicion-del-congreso-de-la-sociedad-andaluza-de-calidad-asistencial-sadeca","status":"publish","type":"post","link":"https:\/\/www.fundacioncuidarycurar.org\/webfcyc\/2023\/12\/04\/fundacion-cuidar-y-curar-participa-en-la-xxvii-edicion-del-congreso-de-la-sociedad-andaluza-de-calidad-asistencial-sadeca\/","title":{"rendered":"Fundaci\u00f3n Cuidar y Curar participa en la XXVII edici\u00f3n del Congreso de la Sociedad Andaluza de Calidad Asistencial (SADECA)"},"content":{"rendered":"<div id=\"pl-3218\"  class=\"panel-layout\" ><div id=\"pg-3218-0\"  class=\"panel-grid panel-has-style\" ><div style=\"padding: 0px 0; \" data-overlay=\"true\" data-overlay-color=\"#000000\" class=\"panel-row-style panel-row-style-for-3218-0\" ><div id=\"pgc-3218-0-0\"  class=\"panel-grid-cell\" ><div id=\"panel-3218-0-0-0\" class=\"so-panel widget widget_text panel-first-child panel-last-child\" data-index=\"0\" ><div style=\"text-align: left;\" data-title-color=\"#443f3f\" data-headings-color=\"#443f3f\" class=\"panel-widget-style panel-widget-style-for-3218-0-0-0\" >\t\t\t<div class=\"textwidget\"><p style=\"text-align: justify\">Desde la Fundaci\u00f3n Cuidar y Curar apostamos por la innovaci\u00f3n y la puesta en marcha de estrategias que permiten al campo socio-sanitario\u00a0 ofrecer una mejora en las intervenciones realizadas con nuestros usuarios.<\/p>\n<p style=\"text-align: justify\">Tal es as\u00ed, que hemos participado en la<strong>\u00a0<\/strong><strong>XXVII edici\u00f3n del Congreso de la Sociedad Andaluza de Calidad Asistencial (SADECA)<\/strong><strong>,<\/strong> celebrada en C\u00e1diz entre los d\u00edas 15 y 17 de Noviembre, donde profesionales interesados en la calidad asistencial nos hemos reunido alrededor de un objetivo com\u00fan que es el de debatir, compartir y aprender sobre temas de actualidad que nos ayuden a una mejora continua de la calidad de nuestro trabajo.<\/p>\n<p style=\"text-align: justify\">La tem\u00e1tica principal del congreso se ha centrado en la calidad percibida, esa ecuaci\u00f3n entre las expectativas previas antes de recibir un servicio y su percepci\u00f3n posterior, permitiendo conocer la opini\u00f3n de los ciudadanos sobre los servicios que reciben, facilitando una medida de resultado de la atenci\u00f3n sanitaria y permitiendo monitorizar los cambios y las innovaciones en los servicios desde la experiencia percibida por los usuarios.<\/p>\n<p style=\"text-align: justify\">La representante de nuestra Fundaci\u00f3n, psic\u00f3loga y fisioterapeuta, ha presentado una comunicaci\u00f3n oral, donde ha dado mayor visibilidad entre los diferentes profesionales sanitarios de nuestro proyecto Cuida-t en casa, dando a conocer las intervenciones realizadas con los participantes del mismo, as\u00ed como los resultados obtenidos hasta la fecha actual, resaltando la importancia del cuidado y atenci\u00f3n continua de las personas mayores.<\/p>\n<\/div>\n\t\t<\/div><\/div><\/div><\/div><\/div><\/div>","protected":false},"excerpt":{"rendered":"<p>Desde la Fundaci\u00f3n Cuidar y Curar apostamos por la innovaci\u00f3n y la puesta en marcha de estrategias que permiten al campo socio-sanitario\u00a0 [&hellip;]<\/p>\n","protected":false},"author":1,"featured_media":3219,"comment_status":"open","ping_status":"open","sticky":false,"template":"","format":"standard","meta":{"footnotes":""},"categories":[1],"tags":[],"class_list":["post-3218","post","type-post","status-publish","format-standard","has-post-thumbnail","hentry","category-sin-categoria"],"_links":{"self":[{"href":"https:\/\/www.fundacioncuidarycurar.org\/webfcyc\/wp-json\/wp\/v2\/posts\/3218","targetHints":{"allow":["GET"]}}],"collection":[{"href":"https:\/\/www.fundacioncuidarycurar.org\/webfcyc\/wp-json\/wp\/v2\/posts"}],"about":[{"href":"https:\/\/www.fundacioncuidarycurar.org\/webfcyc\/wp-json\/wp\/v2\/types\/post"}],"author":[{"embeddable":true,"href":"https:\/\/www.fundacioncuidarycurar.org\/webfcyc\/wp-json\/wp\/v2\/users\/1"}],"replies":[{"embeddable":true,"href":"https:\/\/www.fundacioncuidarycurar.org\/webfcyc\/wp-json\/wp\/v2\/comments?post=3218"}],"version-history":[{"count":2,"href":"https:\/\/www.fundacioncuidarycurar.org\/webfcyc\/wp-json\/wp\/v2\/posts\/3218\/revisions"}],"predecessor-version":[{"id":3221,"href":"https:\/\/www.fundacioncuidarycurar.org\/webfcyc\/wp-json\/wp\/v2\/posts\/3218\/revisions\/3221"}],"wp:featuredmedia":[{"embeddable":true,"href":"https:\/\/www.fundacioncuidarycurar.org\/webfcyc\/wp-json\/wp\/v2\/media\/3219"}],"wp:attachment":[{"href":"https:\/\/www.fundacioncuidarycurar.org\/webfcyc\/wp-json\/wp\/v2\/media?parent=3218"}],"wp:term":[{"taxonomy":"category","embeddable":true,"href":"https:\/\/www.fundacioncuidarycurar.org\/webfcyc\/wp-json\/wp\/v2\/categories?post=3218"},{"taxonomy":"post_tag","embeddable":true,"href":"https:\/\/www.fundacioncuidarycurar.org\/webfcyc\/wp-json\/wp\/v2\/tags?post=3218"}],"curies":[{"name":"wp","href":"https:\/\/api.w.org\/{rel}","templated":true}]}}