{"id":3185,"date":"2023-11-16T08:53:54","date_gmt":"2023-11-16T08:53:54","guid":{"rendered":"https:\/\/www.fundacioncuidarycurar.org\/webfcyc\/?p=3185"},"modified":"2023-11-16T08:53:54","modified_gmt":"2023-11-16T08:53:54","slug":"visita-de-la-alcaldesa-de-linares-a-las-instalaciones-del-centro-residencial-nuestra-senora-de-las-mercedes-dependiente-de-la-fundacion-del-hospital-de-san-jose-y-san-raimundo","status":"publish","type":"post","link":"https:\/\/www.fundacioncuidarycurar.org\/webfcyc\/2023\/11\/16\/visita-de-la-alcaldesa-de-linares-a-las-instalaciones-del-centro-residencial-nuestra-senora-de-las-mercedes-dependiente-de-la-fundacion-del-hospital-de-san-jose-y-san-raimundo\/","title":{"rendered":"Visita de la Alcaldesa de Linares, a las instalaciones del Centro Residencial \u00abNuestra Se\u00f1ora de las Mercedes\u00bb, dependiente de la Fundaci\u00f3n del Hospital de San Jos\u00e9 y San Raimundo"},"content":{"rendered":"<div id=\"pl-3185\"  class=\"panel-layout\" ><div id=\"pg-3185-0\"  class=\"panel-grid panel-has-style\" ><div style=\"padding: 0px 0; \" data-overlay=\"true\" data-overlay-color=\"#000000\" class=\"panel-row-style panel-row-style-for-3185-0\" ><div id=\"pgc-3185-0-0\"  class=\"panel-grid-cell\" ><div id=\"panel-3185-0-0-0\" class=\"so-panel widget widget_text panel-first-child\" data-index=\"0\" ><div style=\"text-align: left;\" data-title-color=\"#443f3f\" data-headings-color=\"#443f3f\" class=\"panel-widget-style panel-widget-style-for-3185-0-0-0\" >\t\t\t<div class=\"textwidget\"><p style=\"text-align: justify\">La Alcaldesa, Auxiliadora del Olmo, visit\u00f3 el Centro Residencial para conocer in situ el desarrollo \u00a0de una nueva fase de los trabajos de adecuaci\u00f3n funcional del hist\u00f3rico \u00a0\u00abAsilo\u00bb de Linares para su conversi\u00f3n en una funcional y moderna residencia para personas mayores dependientes, labores en que la Fundaci\u00f3n viene contando con subvenciones con cargo al 0,7 % del IRPF de la Consejer\u00eda de Inclusi\u00f3n Social.<\/p>\n<p style=\"text-align: justify\">La Alcaldesa fue recibida por el Vicepresidente de la Fundaci\u00f3n y P\u00e1rroco de Santa Mar\u00eda, Padre Andr\u00e9s L\u00f3pez Angeles, a quien acompa\u00f1aban el Gerente de la entidad, Gabriel Almagro; \u00a0el Director, Sergio Romero, \u00a0la Jefa de los Servicios Generales, Mar\u00eda Tebar y el Directivo de la Fundaci\u00f3n Cuidar y Curar, entidad colaboradora en la gesti\u00f3n del Centro, \u00a0Jos\u00e9 Luis Rodr\u00edguez.<\/p>\n<p style=\"text-align: justify\">Durante la visita, la Alcaldesa no s\u00f3lo pudo conocer el estado actual de las mejoras que se acometen en el Centro sino que aprovech\u00f3 \u00a0para departir con los residentes, con el personal del Centro y con los directivos que le acompa\u00f1aron para conocer los proyectos de futuro en que se trabajan desde la Fundaci\u00f3n.<\/p>\n<\/div>\n\t\t<\/div><\/div><div id=\"panel-3185-0-0-1\" class=\"so-panel widget widget_media_image panel-last-child\" data-index=\"1\" ><div style=\"text-align: left;\" data-title-color=\"#443f3f\" data-headings-color=\"#443f3f\" class=\"panel-widget-style panel-widget-style-for-3185-0-0-1\" ><img loading=\"lazy\" decoding=\"async\" width=\"2048\" height=\"1536\" src=\"https:\/\/www.fundacioncuidarycurar.org\/webfcyc\/wp-content\/uploads\/2023\/11\/WhatsApp-Image-2023-11-16-at-09.34.28.jpeg\" class=\"image wp-image-3187  attachment-full size-full\" alt=\"\" style=\"max-width: 100%; height: auto;\" srcset=\"https:\/\/www.fundacioncuidarycurar.org\/webfcyc\/wp-content\/uploads\/2023\/11\/WhatsApp-Image-2023-11-16-at-09.34.28.jpeg 2048w, https:\/\/www.fundacioncuidarycurar.org\/webfcyc\/wp-content\/uploads\/2023\/11\/WhatsApp-Image-2023-11-16-at-09.34.28-300x225.jpeg 300w, https:\/\/www.fundacioncuidarycurar.org\/webfcyc\/wp-content\/uploads\/2023\/11\/WhatsApp-Image-2023-11-16-at-09.34.28-1024x768.jpeg 1024w, https:\/\/www.fundacioncuidarycurar.org\/webfcyc\/wp-content\/uploads\/2023\/11\/WhatsApp-Image-2023-11-16-at-09.34.28-768x576.jpeg 768w, https:\/\/www.fundacioncuidarycurar.org\/webfcyc\/wp-content\/uploads\/2023\/11\/WhatsApp-Image-2023-11-16-at-09.34.28-1536x1152.jpeg 1536w, https:\/\/www.fundacioncuidarycurar.org\/webfcyc\/wp-content\/uploads\/2023\/11\/WhatsApp-Image-2023-11-16-at-09.34.28-1000x750.jpeg 1000w, https:\/\/www.fundacioncuidarycurar.org\/webfcyc\/wp-content\/uploads\/2023\/11\/WhatsApp-Image-2023-11-16-at-09.34.28-230x173.jpeg 230w, https:\/\/www.fundacioncuidarycurar.org\/webfcyc\/wp-content\/uploads\/2023\/11\/WhatsApp-Image-2023-11-16-at-09.34.28-350x263.jpeg 350w, https:\/\/www.fundacioncuidarycurar.org\/webfcyc\/wp-content\/uploads\/2023\/11\/WhatsApp-Image-2023-11-16-at-09.34.28-480x360.jpeg 480w\" sizes=\"auto, (max-width: 2048px) 100vw, 2048px\" \/><\/div><\/div><\/div><\/div><\/div><\/div>","protected":false},"excerpt":{"rendered":"<p>La Alcaldesa, Auxiliadora del Olmo, visit\u00f3 el Centro Residencial para conocer in situ el desarrollo \u00a0de una nueva fase de los trabajos [&hellip;]<\/p>\n","protected":false},"author":1,"featured_media":3186,"comment_status":"open","ping_status":"open","sticky":false,"template":"","format":"standard","meta":{"footnotes":""},"categories":[1],"tags":[],"class_list":["post-3185","post","type-post","status-publish","format-standard","has-post-thumbnail","hentry","category-sin-categoria"],"_links":{"self":[{"href":"https:\/\/www.fundacioncuidarycurar.org\/webfcyc\/wp-json\/wp\/v2\/posts\/3185","targetHints":{"allow":["GET"]}}],"collection":[{"href":"https:\/\/www.fundacioncuidarycurar.org\/webfcyc\/wp-json\/wp\/v2\/posts"}],"about":[{"href":"https:\/\/www.fundacioncuidarycurar.org\/webfcyc\/wp-json\/wp\/v2\/types\/post"}],"author":[{"embeddable":true,"href":"https:\/\/www.fundacioncuidarycurar.org\/webfcyc\/wp-json\/wp\/v2\/users\/1"}],"replies":[{"embeddable":true,"href":"https:\/\/www.fundacioncuidarycurar.org\/webfcyc\/wp-json\/wp\/v2\/comments?post=3185"}],"version-history":[{"count":8,"href":"https:\/\/www.fundacioncuidarycurar.org\/webfcyc\/wp-json\/wp\/v2\/posts\/3185\/revisions"}],"predecessor-version":[{"id":3195,"href":"https:\/\/www.fundacioncuidarycurar.org\/webfcyc\/wp-json\/wp\/v2\/posts\/3185\/revisions\/3195"}],"wp:featuredmedia":[{"embeddable":true,"href":"https:\/\/www.fundacioncuidarycurar.org\/webfcyc\/wp-json\/wp\/v2\/media\/3186"}],"wp:attachment":[{"href":"https:\/\/www.fundacioncuidarycurar.org\/webfcyc\/wp-json\/wp\/v2\/media?parent=3185"}],"wp:term":[{"taxonomy":"category","embeddable":true,"href":"https:\/\/www.fundacioncuidarycurar.org\/webfcyc\/wp-json\/wp\/v2\/categories?post=3185"},{"taxonomy":"post_tag","embeddable":true,"href":"https:\/\/www.fundacioncuidarycurar.org\/webfcyc\/wp-json\/wp\/v2\/tags?post=3185"}],"curies":[{"name":"wp","href":"https:\/\/api.w.org\/{rel}","templated":true}]}}