{"id":3177,"date":"2023-11-02T12:52:00","date_gmt":"2023-11-02T12:52:00","guid":{"rendered":"https:\/\/www.fundacioncuidarycurar.org\/webfcyc\/?p=3177"},"modified":"2023-11-02T12:52:00","modified_gmt":"2023-11-02T12:52:00","slug":"llegamos-al-ecuador-de-los-proyectos","status":"publish","type":"post","link":"https:\/\/www.fundacioncuidarycurar.org\/webfcyc\/2023\/11\/02\/llegamos-al-ecuador-de-los-proyectos\/","title":{"rendered":"LLEGAMOS AL ECUADOR DE LOS PROYECTOS"},"content":{"rendered":"<div id=\"pl-3177\"  class=\"panel-layout\" ><div id=\"pg-3177-0\"  class=\"panel-grid panel-has-style\" ><div style=\"padding: 0px 0; \" data-overlay=\"true\" data-overlay-color=\"#000000\" class=\"panel-row-style panel-row-style-for-3177-0\" ><div id=\"pgc-3177-0-0\"  class=\"panel-grid-cell\" ><div id=\"panel-3177-0-0-0\" class=\"so-panel widget widget_text panel-first-child panel-last-child\" data-index=\"0\" ><div style=\"text-align: left;\" data-title-color=\"#443f3f\" data-headings-color=\"#443f3f\" class=\"panel-widget-style panel-widget-style-for-3177-0-0-0\" >\t\t\t<div class=\"textwidget\"><p style=\"text-align:justify\">Seguimos en proceso de realizaci\u00f3n de los proyectos de este a\u00f1o y con ellos, llegamos al ecuador de estos.<\/p>\n<p style=\"text-align:justify\">Acabamos de administrar las segundas escalas de valoraci\u00f3n, para ir sabiendo, aproximadamente, como van los resultados, tanto si son negativos como positivos.<\/p>\n<p style=\"text-align:justify\">Las escalas que administramos, son las mismas que pasamos en un primer tiempo, al comienzo de estos y las que pasaremos al final, que ser\u00e1 en Diciembre.<\/p>\n<p style=\"text-align:justify\">El mes pasado, todo el equipo de la FCYC, mantuvimos una reuni\u00f3n con las compa\u00f1eras de la Universidad de Ja\u00e9n, que se encargan del an\u00e1lisis de datos y que llevan colaborando, con la FCYC, todos estos a\u00f1os de proyectos. En esta, pudimos erradicar errores, que han ido surgiendo en la primera administraci\u00f3n de escalas. Asimismo, incluimos nuevos datos que recoger, los que nos proporcionaran un estudio m\u00e1s exhaustivo y completo de todos los datos que estamos recogiendo.<\/p>\n<p style=\"text-align:justify\">Con esto perseguimos que, cada a\u00f1o, los resultados vayan evolucionando, manteni\u00e9ndonos al d\u00eda y actualiz\u00e1ndonos en el tiempo.<\/p>\n<\/div>\n\t\t<\/div><\/div><\/div><\/div><\/div><\/div>","protected":false},"excerpt":{"rendered":"<p>Seguimos en proceso de realizaci\u00f3n de los proyectos de este a\u00f1o y con ellos, llegamos al ecuador de estos. Acabamos de administrar [&hellip;]<\/p>\n","protected":false},"author":1,"featured_media":3178,"comment_status":"open","ping_status":"open","sticky":false,"template":"","format":"standard","meta":{"footnotes":""},"categories":[1],"tags":[],"class_list":["post-3177","post","type-post","status-publish","format-standard","has-post-thumbnail","hentry","category-sin-categoria"],"_links":{"self":[{"href":"https:\/\/www.fundacioncuidarycurar.org\/webfcyc\/wp-json\/wp\/v2\/posts\/3177","targetHints":{"allow":["GET"]}}],"collection":[{"href":"https:\/\/www.fundacioncuidarycurar.org\/webfcyc\/wp-json\/wp\/v2\/posts"}],"about":[{"href":"https:\/\/www.fundacioncuidarycurar.org\/webfcyc\/wp-json\/wp\/v2\/types\/post"}],"author":[{"embeddable":true,"href":"https:\/\/www.fundacioncuidarycurar.org\/webfcyc\/wp-json\/wp\/v2\/users\/1"}],"replies":[{"embeddable":true,"href":"https:\/\/www.fundacioncuidarycurar.org\/webfcyc\/wp-json\/wp\/v2\/comments?post=3177"}],"version-history":[{"count":4,"href":"https:\/\/www.fundacioncuidarycurar.org\/webfcyc\/wp-json\/wp\/v2\/posts\/3177\/revisions"}],"predecessor-version":[{"id":3182,"href":"https:\/\/www.fundacioncuidarycurar.org\/webfcyc\/wp-json\/wp\/v2\/posts\/3177\/revisions\/3182"}],"wp:featuredmedia":[{"embeddable":true,"href":"https:\/\/www.fundacioncuidarycurar.org\/webfcyc\/wp-json\/wp\/v2\/media\/3178"}],"wp:attachment":[{"href":"https:\/\/www.fundacioncuidarycurar.org\/webfcyc\/wp-json\/wp\/v2\/media?parent=3177"}],"wp:term":[{"taxonomy":"category","embeddable":true,"href":"https:\/\/www.fundacioncuidarycurar.org\/webfcyc\/wp-json\/wp\/v2\/categories?post=3177"},{"taxonomy":"post_tag","embeddable":true,"href":"https:\/\/www.fundacioncuidarycurar.org\/webfcyc\/wp-json\/wp\/v2\/tags?post=3177"}],"curies":[{"name":"wp","href":"https:\/\/api.w.org\/{rel}","templated":true}]}}