{"id":3116,"date":"2023-06-12T11:57:08","date_gmt":"2023-06-12T11:57:08","guid":{"rendered":"https:\/\/www.fundacioncuidarycurar.org\/webfcyc\/?p=3116"},"modified":"2023-06-12T11:57:08","modified_gmt":"2023-06-12T11:57:08","slug":"avanzan-a-buen-ritmo-los-trabajos-para-la-rehabilitacion-integral-adecuacion-funcional-y-ampliacion-del-centro-residencial-de-dos-hermanas","status":"publish","type":"post","link":"https:\/\/www.fundacioncuidarycurar.org\/webfcyc\/2023\/06\/12\/avanzan-a-buen-ritmo-los-trabajos-para-la-rehabilitacion-integral-adecuacion-funcional-y-ampliacion-del-centro-residencial-de-dos-hermanas\/","title":{"rendered":"Avanzan a buen ritmo los trabajos para la rehabilitaci\u00f3n integral, adecuaci\u00f3n funcional y ampliaci\u00f3n del Centro Residencial de Dos Hermanas"},"content":{"rendered":"<div id=\"pl-3116\"  class=\"panel-layout\" ><div id=\"pg-3116-0\"  class=\"panel-grid panel-has-style\" ><div style=\"padding: 0px 0; \" data-overlay=\"true\" data-overlay-color=\"#000000\" class=\"panel-row-style panel-row-style-for-3116-0\" ><div id=\"pgc-3116-0-0\"  class=\"panel-grid-cell\" ><div id=\"panel-3116-0-0-0\" class=\"so-panel widget widget_text panel-first-child\" data-index=\"0\" ><div style=\"text-align: left;\" data-title-color=\"#443f3f\" data-headings-color=\"#443f3f\" class=\"panel-widget-style panel-widget-style-for-3116-0-0-0\" >\t\t\t<div class=\"textwidget\"><p style=\"text-align: justify;\">La Fundaci\u00f3n Cuidar y Curar como entidad titular del Centro Residencial San Rafael de Dos Hermanas, contin\u00faa con los trabajos para la rehabilitaci\u00f3n integral y ampliaci\u00f3n de dicho Centro. Treinta a\u00f1os despu\u00e9s de su inauguraci\u00f3n por San Juan Pablo II, el se\u00f1ero centro residencial nazareno se est\u00e1 transformando en una moderna y funcional residencia adaptada a todos los requerimientos normativos y funcionales que le son exigibles a este tipo de instalaciones en este siglo XXI.<\/p>\n<p style=\"text-align: justify;\">Como quiera que el proyecto de rehabilitaci\u00f3n y ampliaci\u00f3n se viene ejecutando mientras el Centro desarrolla su actividad cotidiana, ha sido preciso poner en marcha un proceso de sectorizaci\u00f3n que permita que los trabajos se desarrollen sin afectar a la vida diaria de los mayores que residen en el. Dicho proceso, iniciado en 2020 con una ampliaci\u00f3n en zonas hasta entonces dedicadas a jardines, permiti\u00f3 trasladar a los mayores a dicha nueva zona y, a partir de entonces, rehabilitar y adecuar el edificio hist\u00f3rico.<\/p>\n<p style=\"text-align: justify;\">Hasta el d\u00eda de la fecha, en que el proyecto supera el 79 % de su ejecuci\u00f3n se han invertido en dichos trabajos 1.934.890,51 \u20ac de los que el 57 % han sido aportados por la Consejer\u00eda de Inclusi\u00f3n Social, Juventud, Familias e Igualdad con cargo al 0,7 % del IRPF destinado a fines de inter\u00e9s social durante las convocatorias de los ejercicios 2019, 2020, 2021 y 2022.<\/p>\n<p style=\"text-align: justify;\">Actualmente se trabaja en la adecuaci\u00f3n de la zona destinada a c\u00e1maras frigor\u00edficas, lavander\u00eda y vestuarios de los profesionales.<\/p>\n<p style=\"text-align: justify;\">De cualquier forma y a la vista de la experiencia generada por la reciente experiencia del COVID que tanto ha transformado la realidad de los Centros Residenciales nos encontramos trabajando en una actualizaci\u00f3n del Centro de modo que pueda ser organizado conforme a los criterios de atenci\u00f3n centrada en la persona, a partir de peque\u00f1as unidades de convivencia, dentro del Centro Residencial, que puedan asemejarse al hogar familiar, de modo que cada unidad disponga de su sala de estar, comedor y office propio al tiempo que, cada vez m\u00e1s, la habitaci\u00f3n individual se erija en el principal tipo de estancia del centro.<\/p>\n<p style=\"text-align: justify;\">Desde la Fundaci\u00f3n Cuidar y Curar, al tiempo que nos enorgullecemos de la importante transformaci\u00f3n de que esta siendo objeto la Residencia San Rafael damos las gracias tanto a la Consejer\u00eda como a todos los que, con vuestra ayuda generosa, est\u00e1is haciendo posible dicha transformaci\u00f3n. Gracias, sobre todo, Gracias.<\/p>\n<\/div>\n\t\t<\/div><\/div><div id=\"panel-3116-0-0-1\" class=\"so-panel widget widget_media_image panel-last-child\" data-index=\"1\" ><div style=\"text-align: left;\" data-title-color=\"#443f3f\" data-headings-color=\"#443f3f\" class=\"panel-widget-style panel-widget-style-for-3116-0-0-1\" ><img loading=\"lazy\" decoding=\"async\" width=\"1920\" height=\"385\" src=\"https:\/\/www.fundacioncuidarycurar.org\/webfcyc\/wp-content\/uploads\/2022\/07\/Logo07IRPF_2021-1920x385-1.png\" class=\"image wp-image-2843  attachment-full size-full\" alt=\"\" style=\"max-width: 100%; height: auto;\" srcset=\"https:\/\/www.fundacioncuidarycurar.org\/webfcyc\/wp-content\/uploads\/2022\/07\/Logo07IRPF_2021-1920x385-1.png 1920w, https:\/\/www.fundacioncuidarycurar.org\/webfcyc\/wp-content\/uploads\/2022\/07\/Logo07IRPF_2021-1920x385-1-300x60.png 300w, https:\/\/www.fundacioncuidarycurar.org\/webfcyc\/wp-content\/uploads\/2022\/07\/Logo07IRPF_2021-1920x385-1-1024x205.png 1024w, https:\/\/www.fundacioncuidarycurar.org\/webfcyc\/wp-content\/uploads\/2022\/07\/Logo07IRPF_2021-1920x385-1-768x154.png 768w, https:\/\/www.fundacioncuidarycurar.org\/webfcyc\/wp-content\/uploads\/2022\/07\/Logo07IRPF_2021-1920x385-1-1536x308.png 1536w, https:\/\/www.fundacioncuidarycurar.org\/webfcyc\/wp-content\/uploads\/2022\/07\/Logo07IRPF_2021-1920x385-1-920x184.png 920w, https:\/\/www.fundacioncuidarycurar.org\/webfcyc\/wp-content\/uploads\/2022\/07\/Logo07IRPF_2021-1920x385-1-230x46.png 230w, https:\/\/www.fundacioncuidarycurar.org\/webfcyc\/wp-content\/uploads\/2022\/07\/Logo07IRPF_2021-1920x385-1-350x70.png 350w, https:\/\/www.fundacioncuidarycurar.org\/webfcyc\/wp-content\/uploads\/2022\/07\/Logo07IRPF_2021-1920x385-1-480x96.png 480w\" sizes=\"auto, (max-width: 1920px) 100vw, 1920px\" \/><\/div><\/div><\/div><\/div><\/div><\/div>","protected":false},"excerpt":{"rendered":"<p>La Fundaci\u00f3n Cuidar y Curar como entidad titular del Centro Residencial San Rafael de Dos Hermanas, contin\u00faa con los trabajos para la [&hellip;]<\/p>\n","protected":false},"author":1,"featured_media":3117,"comment_status":"open","ping_status":"open","sticky":false,"template":"","format":"standard","meta":{"footnotes":""},"categories":[1],"tags":[],"class_list":["post-3116","post","type-post","status-publish","format-standard","has-post-thumbnail","hentry","category-sin-categoria"],"_links":{"self":[{"href":"https:\/\/www.fundacioncuidarycurar.org\/webfcyc\/wp-json\/wp\/v2\/posts\/3116","targetHints":{"allow":["GET"]}}],"collection":[{"href":"https:\/\/www.fundacioncuidarycurar.org\/webfcyc\/wp-json\/wp\/v2\/posts"}],"about":[{"href":"https:\/\/www.fundacioncuidarycurar.org\/webfcyc\/wp-json\/wp\/v2\/types\/post"}],"author":[{"embeddable":true,"href":"https:\/\/www.fundacioncuidarycurar.org\/webfcyc\/wp-json\/wp\/v2\/users\/1"}],"replies":[{"embeddable":true,"href":"https:\/\/www.fundacioncuidarycurar.org\/webfcyc\/wp-json\/wp\/v2\/comments?post=3116"}],"version-history":[{"count":5,"href":"https:\/\/www.fundacioncuidarycurar.org\/webfcyc\/wp-json\/wp\/v2\/posts\/3116\/revisions"}],"predecessor-version":[{"id":3128,"href":"https:\/\/www.fundacioncuidarycurar.org\/webfcyc\/wp-json\/wp\/v2\/posts\/3116\/revisions\/3128"}],"wp:featuredmedia":[{"embeddable":true,"href":"https:\/\/www.fundacioncuidarycurar.org\/webfcyc\/wp-json\/wp\/v2\/media\/3117"}],"wp:attachment":[{"href":"https:\/\/www.fundacioncuidarycurar.org\/webfcyc\/wp-json\/wp\/v2\/media?parent=3116"}],"wp:term":[{"taxonomy":"category","embeddable":true,"href":"https:\/\/www.fundacioncuidarycurar.org\/webfcyc\/wp-json\/wp\/v2\/categories?post=3116"},{"taxonomy":"post_tag","embeddable":true,"href":"https:\/\/www.fundacioncuidarycurar.org\/webfcyc\/wp-json\/wp\/v2\/tags?post=3116"}],"curies":[{"name":"wp","href":"https:\/\/api.w.org\/{rel}","templated":true}]}}