{"id":3082,"date":"2023-05-30T12:02:56","date_gmt":"2023-05-30T12:02:56","guid":{"rendered":"https:\/\/www.fundacioncuidarycurar.org\/webfcyc\/?p=3082"},"modified":"2023-05-30T12:02:56","modified_gmt":"2023-05-30T12:02:56","slug":"puesta-en-marcha-de-los-proyectos-de-investigacion","status":"publish","type":"post","link":"https:\/\/www.fundacioncuidarycurar.org\/webfcyc\/2023\/05\/30\/puesta-en-marcha-de-los-proyectos-de-investigacion\/","title":{"rendered":"Puesta en marcha de los proyectos de investigaci\u00f3n"},"content":{"rendered":"<div id=\"pl-3082\"  class=\"panel-layout\" ><div id=\"pg-3082-0\"  class=\"panel-grid panel-has-style\" ><div style=\"padding: 0px 0; \" data-overlay=\"true\" data-overlay-color=\"#000000\" class=\"panel-row-style panel-row-style-for-3082-0\" ><div id=\"pgc-3082-0-0\"  class=\"panel-grid-cell\" ><div id=\"panel-3082-0-0-0\" class=\"so-panel widget widget_text panel-first-child panel-last-child\" data-index=\"0\" ><div style=\"text-align: left;\" data-title-color=\"#443f3f\" data-headings-color=\"#443f3f\" class=\"panel-widget-style panel-widget-style-for-3082-0-0-0\" >\t\t\t<div class=\"textwidget\"><p style=\"text-align: justify;\">Un a\u00f1o m\u00e1s los proyectos Cuida-t en casa, Activa-t y Soledad no Deseada est\u00e1n siendo implementados por profesionales sociosanitarios que tienen en cuenta la esfera biopsicosocial de los destinatarios de los mismos.\u00a0 Durante estos meses, se han estado llevando a cabo las tareas de campo y la entrega de dispositivos y material, para el desarrollo de estos. Entre las tareas contempladas se incluyen las visitas domiciliarias, las valoraciones individuales y la adecuaci\u00f3n al proyecto, en funci\u00f3n de las necesidades de cada participante.<\/p>\n<p style=\"text-align: justify;\">Para conocer la situaci\u00f3n personal de cada participante, y valorar su estado f\u00edsico y\/o mental, hemos utilizado diferentes cuestionarios y escalas de valoraci\u00f3n, midiendo aspectos tales como \u00a0actividades b\u00e1sicas de la vida diaria(ABVD), \u00a0actividades instrumentales de la vida diaria (AIVD ), que muestran su nivel de independencia o\u00a0 como est\u00e1n a nivel cognitivo y aspectos puramente\u00a0 f\u00edsicos tales como estado f\u00edsico y actividad f\u00edsica que suelen realizar.<\/p>\n<p style=\"text-align: justify;\">Seguido a esto, con los resultados obtenidos se han asignado diferentes dispositivos, sensores de movimiento o pulseras de actividad, en funci\u00f3n de la utilidad para el participante, el objetivo que queremos conseguir en cada proyecto y a la vez, la aportaci\u00f3n de datos a nuestros estudios.<\/p>\n<p>El an\u00e1lisis de estos datos ser\u00e1 realizado por doctoras de \u00a0la Universidad de Ja\u00e9n, a final de cada proyecto, como en a\u00f1os anteriores.<\/p>\n<p>Los programas cuenta con el apoyo de la Consejer\u00eda de Igualdad, Pol\u00edticas y Sociales y Conciliaci\u00f3n de la Junta de Andaluc\u00eda y ha recibido la subvenci\u00f3n con cargo a la asignaci\u00f3n Tributaria del 0\u20197% del impuesto sobre la Renta de personas F\u00edsicas (IRPF).<\/p>\n<\/div>\n\t\t<\/div><\/div><\/div><\/div><\/div><\/div>","protected":false},"excerpt":{"rendered":"<p>Un a\u00f1o m\u00e1s los proyectos Cuida-t en casa, Activa-t y Soledad no Deseada est\u00e1n siendo implementados por profesionales sociosanitarios que tienen en [&hellip;]<\/p>\n","protected":false},"author":1,"featured_media":3084,"comment_status":"open","ping_status":"open","sticky":false,"template":"","format":"standard","meta":{"footnotes":""},"categories":[1],"tags":[],"class_list":["post-3082","post","type-post","status-publish","format-standard","has-post-thumbnail","hentry","category-sin-categoria"],"_links":{"self":[{"href":"https:\/\/www.fundacioncuidarycurar.org\/webfcyc\/wp-json\/wp\/v2\/posts\/3082","targetHints":{"allow":["GET"]}}],"collection":[{"href":"https:\/\/www.fundacioncuidarycurar.org\/webfcyc\/wp-json\/wp\/v2\/posts"}],"about":[{"href":"https:\/\/www.fundacioncuidarycurar.org\/webfcyc\/wp-json\/wp\/v2\/types\/post"}],"author":[{"embeddable":true,"href":"https:\/\/www.fundacioncuidarycurar.org\/webfcyc\/wp-json\/wp\/v2\/users\/1"}],"replies":[{"embeddable":true,"href":"https:\/\/www.fundacioncuidarycurar.org\/webfcyc\/wp-json\/wp\/v2\/comments?post=3082"}],"version-history":[{"count":1,"href":"https:\/\/www.fundacioncuidarycurar.org\/webfcyc\/wp-json\/wp\/v2\/posts\/3082\/revisions"}],"predecessor-version":[{"id":3083,"href":"https:\/\/www.fundacioncuidarycurar.org\/webfcyc\/wp-json\/wp\/v2\/posts\/3082\/revisions\/3083"}],"wp:featuredmedia":[{"embeddable":true,"href":"https:\/\/www.fundacioncuidarycurar.org\/webfcyc\/wp-json\/wp\/v2\/media\/3084"}],"wp:attachment":[{"href":"https:\/\/www.fundacioncuidarycurar.org\/webfcyc\/wp-json\/wp\/v2\/media?parent=3082"}],"wp:term":[{"taxonomy":"category","embeddable":true,"href":"https:\/\/www.fundacioncuidarycurar.org\/webfcyc\/wp-json\/wp\/v2\/categories?post=3082"},{"taxonomy":"post_tag","embeddable":true,"href":"https:\/\/www.fundacioncuidarycurar.org\/webfcyc\/wp-json\/wp\/v2\/tags?post=3082"}],"curies":[{"name":"wp","href":"https:\/\/api.w.org\/{rel}","templated":true}]}}