{"id":2942,"date":"2020-10-24T09:19:15","date_gmt":"2020-10-24T09:19:15","guid":{"rendered":"https:\/\/www.fundacioncuidarycurar.org\/webfcyc\/?p=2942"},"modified":"2023-03-27T07:09:17","modified_gmt":"2023-03-27T07:09:17","slug":"desarrollamos-un-innovador-exoesqueleto-blando-junto-a-terasalud-y-aura-cuidados","status":"publish","type":"post","link":"https:\/\/www.fundacioncuidarycurar.org\/webfcyc\/2020\/10\/24\/desarrollamos-un-innovador-exoesqueleto-blando-junto-a-terasalud-y-aura-cuidados\/","title":{"rendered":"Desarrollamos un innovador exoesqueleto blando junto a Terasalud y AURA Cuidados"},"content":{"rendered":"<div id=\"pl-2942\"  class=\"panel-layout\" ><div id=\"pg-2942-0\"  class=\"panel-grid panel-has-style\" ><div style=\"padding: 0px 0; \" data-overlay=\"true\" data-overlay-color=\"#000000\" class=\"panel-row-style panel-row-style-for-2942-0\" ><div id=\"pgc-2942-0-0\"  class=\"panel-grid-cell\" ><div id=\"panel-2942-0-0-0\" class=\"so-panel widget widget_text panel-first-child panel-last-child\" data-index=\"0\" ><div style=\"text-align: left;\" data-title-color=\"#443f3f\" data-headings-color=\"#443f3f\" class=\"panel-widget-style panel-widget-style-for-2942-0-0-0\" >\t\t\t<div class=\"textwidget\"><p class=\"mce\" style=\"text-align: justify;\">Un grupo de investigadores est\u00e1 en la \u00faltima fase de desarrollo de un pionero exoesqueleto blando, ligero y con control inteligente, basado en tecnolog\u00eda SMA (Shape-Memory Alloy), para periodos de rehabilitaci\u00f3n o asistencia en miembros superiores, y en un futuro, en rodilla, dirigido a personas de la tercera edad.<\/p>\n<p class=\"mce\" style=\"text-align: justify;\">La investigaci\u00f3n est\u00e1 promovida por la Fundaci\u00f3n andaluza Cuidar y Curar con la colaboraci\u00f3n AURA Cuidados y Terasalud, en cuyos centros y residencias se aplicar\u00e1 incialmente.<\/p>\n<p>Este innovador desarrollo, que ha contado con la participaci\u00f3n de un equipo multidisciplinar compuesto por ingenieros, m\u00e9dicos y fisioterapeutas, ser\u00e1 totalmente adaptable a las necesidades del paciente, dando un apoyo global e integral en la movilidad de sus miembros con m\u00f3dulos flexibles.<\/p>\n<p class=\"mce\" style=\"text-align: justify;\">\u00abA diferencia de anteriores prototipos de exoesqueletos, en este caso los investigadores implantan actuadores que permiten usar control inteligente de fibras de materiales con memoria de forma, y as\u00ed dar un salto cualitativo sustancial en nuevos desarrollos espec\u00edficos para rehabilitaci\u00f3n y la asistencia, superando las tres grandes limitaciones de los dise\u00f1os actuales, que dificultaba su aplicaci\u00f3n y generaban rechazo en personas mayores: el peso, el tama\u00f1o y la rigidez\u00bb, explican.<\/p>\n<p class=\"mce\" style=\"text-align: justify;\">El exoesqueleto\u00a0pesa en torno a un 70% menos\u00a0con respecto a la media de dispositivos existentes, gracias al reemplazo de motores por materiales innovadores basados en fibras de SMA, lo que, adem\u00e1s, logra que no sea invasivo y no genere rechazo de apariencia.<\/p>\n<p>\u00abUn gran n\u00famero de enfermedades y trastornos musculoesquel\u00e9ticos y neurol\u00f3gicos derivan en la p\u00e9rdida total o parcial de la movilidad de algunos miembros. A ello hay que sumar el papel fundamental que las extremidades superiores e inferiores del cuerpo juegan en la relaci\u00f3n del ser humano con su entorno, siendo las tareas de manipulaci\u00f3n o la posibilidad de caminar de enorme importancia en la vida diaria. Dichas limitaciones, al afectar a un amplio sector de la poblaci\u00f3n perjudicado por lesiones, incapacitado o que precisa de asistencia tecnol\u00f3gica para compensar sus carencias funcionales, convierten en\u00a0necesaria y urgente la investigaci\u00f3n y desarrollo de nuevos procedimientos y dispositivos rob\u00f3ticos eficientes\u00a0que se apliquen durante los periodos de rehabilitaci\u00f3n\u00bb, dicen sus responsables.<\/p>\n<\/div>\n\t\t<\/div><\/div><\/div><\/div><\/div><div id=\"pg-2942-1\"  class=\"panel-grid panel-has-style\" ><div style=\"padding: 30px 0; \" data-overlay=\"true\" data-overlay-color=\"#000000\" class=\"panel-row-style panel-row-style-for-2942-1\" ><div id=\"pgc-2942-1-0\"  class=\"panel-grid-cell\" ><div id=\"panel-2942-1-0-0\" class=\"so-panel widget widget_text panel-first-child panel-last-child\" data-index=\"1\" ><div style=\"text-align: left;\" data-title-color=\"#443f3f\" data-headings-color=\"#443f3f\" class=\"panel-widget-style panel-widget-style-for-2942-1-0-0\" >\t\t\t<div class=\"textwidget\"><p style=\"font-size: 14px;\">Puedes consultar la noticia en estos medios:<\/p>\n<ul style=\"font-size: 14px;\">\n<li><a href=\"https:\/\/www.diariodesevilla.es\/economia\/fundacion-andaluza-desarrolla-innovador-exoesqueleto_0_1492650998.html\">https:\/\/www.diariodesevilla.es\/economia\/fundacion-andaluza-desarrolla-innovador-exoesqueleto_0_1492650998.html<\/a><\/li>\n<li><a href=\"https:\/\/www.diariodealmeria.es\/economia\/fundacion-andaluza-desarrolla-innovador-exoesqueleto_0_1492650998.html\">https:\/\/www.diariodealmeria.es\/economia\/fundacion-andaluza-desarrolla-innovador-exoesqueleto_0_1492650998.html<\/a><\/li>\n<li><a href=\"https:\/\/www.huelvainformacion.es\/economia\/fundacion-andaluza-desarrolla-innovador-exoesqueleto_0_1492650998.html\">https:\/\/www.huelvainformacion.es\/economia\/fundacion-andaluza-desarrolla-innovador-exoesqueleto_0_1492650998.html<\/a><\/li>\n<li><a href=\"https:\/\/www.diariodecadiz.es\/economia\/fundacion-andaluza-desarrolla-innovador-exoesqueleto_0_1492650998.html\">https:\/\/www.diariodecadiz.es\/economia\/fundacion-andaluza-desarrolla-innovador-exoesqueleto_0_1492650998.html<\/a><\/li>\n<li><a href=\"https:\/\/www.diariodejerez.es\/economia\/fundacion-andaluza-desarrolla-innovador-exoesqueleto_0_1492650998.html\">https:\/\/www.diariodejerez.es\/economia\/fundacion-andaluza-desarrolla-innovador-exoesqueleto_0_1492650998.html<\/a><\/li>\n<li><a href=\"https:\/\/www.europasur.es\/economia\/fundacion-andaluza-desarrolla-innovador-exoesqueleto_0_1492650998.html\">https:\/\/www.europasur.es\/economia\/fundacion-andaluza-desarrolla-innovador-exoesqueleto_0_1492650998.html<\/a><\/li>\n<li><a href=\"https:\/\/www.eldiadecordoba.es\/economia\/fundacion-andaluza-desarrolla-innovador-exoesqueleto_0_1492650998.html\">https:\/\/www.eldiadecordoba.es\/economia\/fundacion-andaluza-desarrolla-innovador-exoesqueleto_0_1492650998.html<\/a><\/li>\n<li><a href=\"https:\/\/www.malagahoy.es\/economia\/fundacion-andaluza-desarrolla-innovador-exoesqueleto_0_1492650998.html\">https:\/\/www.malagahoy.es\/economia\/fundacion-andaluza-desarrolla-innovador-exoesqueleto_0_1492650998.html<\/a><\/li>\n<li><a href=\"https:\/\/www.granadahoy.com\/economia\/fundacion-andaluza-desarrolla-innovador-exoesqueleto_0_1492650998.html\">https:\/\/www.granadahoy.com\/economia\/fundacion-andaluza-desarrolla-innovador-exoesqueleto_0_1492650998.html<\/a><\/li>\n<li><a href=\"https:\/\/www.europapress.es\/andalucia\/noticia-desarrollan-exoesqueleto-blando-control-inteligente-70-menos-peso-dispositivos-actuales-20200828182149.html\">https:\/\/www.europapress.es\/andalucia\/noticia-desarrollan-exoesqueleto-blando-control-inteligente-70-menos-peso-dispositivos-actuales-20200828182149.html<\/a><\/li>\n<li><a href=\"https:\/\/www.lavanguardia.com\/vida\/20200902\/483276152118\/desarrollan-un-exoesqueleto-con-un-70-menos-de-peso-para-mano-muneca-y-codo.html\">https:\/\/www.lavanguardia.com\/vida\/20200902\/483276152118\/desarrollan-un-exoesqueleto-con-un-70-menos-de-peso-para-mano-muneca-y-codo.html<\/a><\/li>\n<li><a href=\"https:\/\/www.lavanguardia.com\/local\/sevilla\/20200828\/483138088565\/desarrollan-un-exoesqueleto-blando-con-control-inteligente-y-un-70-menos-de-peso-que-los-dispositivos-actuales.html\">https:\/\/www.lavanguardia.com\/local\/sevilla\/20200828\/483138088565\/desarrollan-un-exoesqueleto-blando-con-control-inteligente-y-un-70-menos-de-peso-que-los-dispositivos-actuales.html<\/a><\/li>\n<li><a href=\"https:\/\/ecodiario.eleconomista.es\/espana\/noticias\/10741711\/08\/20\/Desarrollan-un-exoesqueleto-blando-con-control-inteligente-y-un-70-menos-de-peso-que-los-dispositivos-actuales.html\">https:\/\/ecodiario.eleconomista.es\/espana\/noticias\/10741711\/08\/20\/Desarrollan-un-exoesqueleto-blando-con-control-inteligente-y-un-70-menos-de-peso-que-los-dispositivos-actuales.html<\/a><\/li>\n<li><a href=\"https:\/\/innovadores.larazon.es\/es\/desarrollan-un-exoesqueleto-con-un-70-menos-de-peso-para-mano-muneca-y-codo\/\">https:\/\/innovadores.larazon.es\/es\/desarrollan-un-exoesqueleto-con-un-70-menos-de-peso-para-mano-muneca-y-codo\/<\/a><\/li>\n<li><a href=\"http:\/\/www.cetem.es\/actualidad\/tecnologica\/i\/2554\/378\/desarrollan-en-espana-un-exoesqueleto-blando-ligero-y-con-control-inteligente-para-mano-muneca-y-codo\">http:\/\/www.cetem.es\/actualidad\/tecnologica\/i\/2554\/378\/desarrollan-en-espana-un-exoesqueleto-blando-ligero-y-con-control-inteligente-para-mano-muneca-y-codo<\/a><\/li>\n<li><a href=\"https:\/\/www.consalud.es\/tecnologia\/avances\/desarrollan-innovador-exoesqueleto-blando-control-inteligente-70-peso_84574_102.html\">https:\/\/www.consalud.es\/tecnologia\/avances\/desarrollan-innovador-exoesqueleto-blando-control-inteligente-70-peso_84574_102.html<\/a><\/li>\n<li><a href=\"https:\/\/www.balancesociosanitario.com\/tag\/exoesqueleto\/\">https:\/\/www.balancesociosanitario.com\/tag\/exoesqueleto\/<\/a><\/li>\n<li><a href=\"https:\/\/www.news3edad.com\/2020\/09\/02\/desarrollan-un-innovador-exoesqueleto-blando-dirigido-a-personas-necesitadas-de-rehabilitacion-o-asistencia-con-control-inteligente-y-un-70-menos--de-peso-que-los-dispositivos-actuales\/\">https:\/\/www.news3edad.com\/2020\/09\/02\/desarrollan-un-innovador-exoesqueleto-blando-dirigido-a-personas-necesitadas-de-rehabilitacion-o-asistencia-con-control-inteligente-y-un-70-menos-de-peso-ue-los-dispositivos-actuales\/<\/a><\/li>\n<\/ul>\n<\/div>\n\t\t<\/div><\/div><\/div><\/div><\/div><\/div>","protected":false},"excerpt":{"rendered":"<p>Un grupo de investigadores est\u00e1 en la \u00faltima fase de desarrollo de un pionero exoesqueleto blando, ligero y con control inteligente, basado [&hellip;]<\/p>\n","protected":false},"author":1,"featured_media":2943,"comment_status":"open","ping_status":"open","sticky":false,"template":"","format":"standard","meta":{"footnotes":""},"categories":[1],"tags":[],"class_list":["post-2942","post","type-post","status-publish","format-standard","has-post-thumbnail","hentry","category-sin-categoria"],"_links":{"self":[{"href":"https:\/\/www.fundacioncuidarycurar.org\/webfcyc\/wp-json\/wp\/v2\/posts\/2942","targetHints":{"allow":["GET"]}}],"collection":[{"href":"https:\/\/www.fundacioncuidarycurar.org\/webfcyc\/wp-json\/wp\/v2\/posts"}],"about":[{"href":"https:\/\/www.fundacioncuidarycurar.org\/webfcyc\/wp-json\/wp\/v2\/types\/post"}],"author":[{"embeddable":true,"href":"https:\/\/www.fundacioncuidarycurar.org\/webfcyc\/wp-json\/wp\/v2\/users\/1"}],"replies":[{"embeddable":true,"href":"https:\/\/www.fundacioncuidarycurar.org\/webfcyc\/wp-json\/wp\/v2\/comments?post=2942"}],"version-history":[{"count":8,"href":"https:\/\/www.fundacioncuidarycurar.org\/webfcyc\/wp-json\/wp\/v2\/posts\/2942\/revisions"}],"predecessor-version":[{"id":2972,"href":"https:\/\/www.fundacioncuidarycurar.org\/webfcyc\/wp-json\/wp\/v2\/posts\/2942\/revisions\/2972"}],"wp:featuredmedia":[{"embeddable":true,"href":"https:\/\/www.fundacioncuidarycurar.org\/webfcyc\/wp-json\/wp\/v2\/media\/2943"}],"wp:attachment":[{"href":"https:\/\/www.fundacioncuidarycurar.org\/webfcyc\/wp-json\/wp\/v2\/media?parent=2942"}],"wp:term":[{"taxonomy":"category","embeddable":true,"href":"https:\/\/www.fundacioncuidarycurar.org\/webfcyc\/wp-json\/wp\/v2\/categories?post=2942"},{"taxonomy":"post_tag","embeddable":true,"href":"https:\/\/www.fundacioncuidarycurar.org\/webfcyc\/wp-json\/wp\/v2\/tags?post=2942"}],"curies":[{"name":"wp","href":"https:\/\/api.w.org\/{rel}","templated":true}]}}