{"id":2934,"date":"2023-03-22T16:07:29","date_gmt":"2023-03-22T16:07:29","guid":{"rendered":"https:\/\/www.fundacioncuidarycurar.org\/webfcyc\/?p=2934"},"modified":"2023-03-22T16:07:29","modified_gmt":"2023-03-22T16:07:29","slug":"apertura-de-proyectos-2023","status":"publish","type":"post","link":"https:\/\/www.fundacioncuidarycurar.org\/webfcyc\/2023\/03\/22\/apertura-de-proyectos-2023\/","title":{"rendered":"Apertura de proyectos 2023"},"content":{"rendered":"<div id=\"pl-2934\"  class=\"panel-layout\" ><div id=\"pg-2934-0\"  class=\"panel-grid panel-has-style\" ><div style=\"padding: 0px 0; \" data-overlay=\"true\" data-overlay-color=\"#000000\" class=\"panel-row-style panel-row-style-for-2934-0\" ><div id=\"pgc-2934-0-0\"  class=\"panel-grid-cell\" ><div id=\"panel-2934-0-0-0\" class=\"so-panel widget widget_text panel-first-child\" data-index=\"0\" ><div style=\"text-align: left;\" data-title-color=\"#443f3f\" data-headings-color=\"#443f3f\" class=\"panel-widget-style panel-widget-style-for-2934-0-0-0\" >\t\t\t<div class=\"textwidget\"><p>Empezamos nuevo a\u00f1o y con ello, nuevos proyectos. Estamos muy contentos, ya que nos han concedido la continuidad de varios de los proyectos de investigaci\u00f3n del a\u00f1o pasado. En el 2022, realizamos 4 y de ellos 3 contin\u00faan este a\u00f1o.<\/p>\n<p>Se desarrollaran en 4 provincias andaluzas, M\u00e1laga, Sevilla, C\u00e1diz y Ja\u00e9n. Los participantes estar\u00e1n repartidos, en funci\u00f3n de su poblaci\u00f3n, en municipios de estas. Los diferentes programas aprobados son: Cuida-T en casa, Activa-T y Soledad no Deseada.<\/p>\n<p>Como ya hemos mencionado, en otras ocasiones, el Cuida-t se desarrollar\u00e1 con dispositivos de Teleasistencia\u00a0 y sensores de movimiento. El Activa-T dirigido a promocionar el envejecimiento activo, con relojes inteligentes y el de Soledad no Deseada\u00a0 encaminado al acompa\u00f1amiento y seguimiento de personas que vivan y\/o est\u00e9n solas.<\/p>\n<p>Contaremos, en todo momento, con la colaboraci\u00f3n de la Universidad de Ja\u00e9n, que se encargar\u00e1 del an\u00e1lisis de datos del trabajo de campo.<\/p>\n<p>Los programas cuenta con el apoyo de la Consejer\u00eda de Igualdad, Pol\u00edticas y Sociales y Conciliaci\u00f3n de la Junta de Andaluc\u00eda y ha recibido la subvenci\u00f3n con cargo a la asignaci\u00f3n Tributaria del 0\u20197% del impuesto sobre la Renta de personas F\u00edsicas (IRPF).<\/p>\n<\/div>\n\t\t<\/div><\/div><div id=\"panel-2934-0-0-1\" class=\"so-panel widget widget_media_image panel-last-child\" data-index=\"1\" ><div style=\"text-align: left;\" data-title-color=\"#443f3f\" data-headings-color=\"#443f3f\" class=\"panel-widget-style panel-widget-style-for-2934-0-0-1\" ><img loading=\"lazy\" decoding=\"async\" width=\"1920\" height=\"385\" src=\"https:\/\/www.fundacioncuidarycurar.org\/webfcyc\/wp-content\/uploads\/2022\/07\/Logo07IRPF_2021-1920x385-1.png\" class=\"image wp-image-2843  attachment-full size-full\" alt=\"\" style=\"max-width: 100%; height: auto;\" srcset=\"https:\/\/www.fundacioncuidarycurar.org\/webfcyc\/wp-content\/uploads\/2022\/07\/Logo07IRPF_2021-1920x385-1.png 1920w, https:\/\/www.fundacioncuidarycurar.org\/webfcyc\/wp-content\/uploads\/2022\/07\/Logo07IRPF_2021-1920x385-1-300x60.png 300w, https:\/\/www.fundacioncuidarycurar.org\/webfcyc\/wp-content\/uploads\/2022\/07\/Logo07IRPF_2021-1920x385-1-1024x205.png 1024w, https:\/\/www.fundacioncuidarycurar.org\/webfcyc\/wp-content\/uploads\/2022\/07\/Logo07IRPF_2021-1920x385-1-768x154.png 768w, https:\/\/www.fundacioncuidarycurar.org\/webfcyc\/wp-content\/uploads\/2022\/07\/Logo07IRPF_2021-1920x385-1-1536x308.png 1536w, https:\/\/www.fundacioncuidarycurar.org\/webfcyc\/wp-content\/uploads\/2022\/07\/Logo07IRPF_2021-1920x385-1-920x184.png 920w, https:\/\/www.fundacioncuidarycurar.org\/webfcyc\/wp-content\/uploads\/2022\/07\/Logo07IRPF_2021-1920x385-1-230x46.png 230w, https:\/\/www.fundacioncuidarycurar.org\/webfcyc\/wp-content\/uploads\/2022\/07\/Logo07IRPF_2021-1920x385-1-350x70.png 350w, https:\/\/www.fundacioncuidarycurar.org\/webfcyc\/wp-content\/uploads\/2022\/07\/Logo07IRPF_2021-1920x385-1-480x96.png 480w\" sizes=\"auto, (max-width: 1920px) 100vw, 1920px\" \/><\/div><\/div><\/div><\/div><\/div><\/div>","protected":false},"excerpt":{"rendered":"<p>Empezamos nuevo a\u00f1o y con ello, nuevos proyectos. Estamos muy contentos, ya que nos han concedido la continuidad de varios de los [&hellip;]<\/p>\n","protected":false},"author":1,"featured_media":2935,"comment_status":"open","ping_status":"open","sticky":false,"template":"","format":"standard","meta":{"footnotes":""},"categories":[1],"tags":[],"class_list":["post-2934","post","type-post","status-publish","format-standard","has-post-thumbnail","hentry","category-sin-categoria"],"_links":{"self":[{"href":"https:\/\/www.fundacioncuidarycurar.org\/webfcyc\/wp-json\/wp\/v2\/posts\/2934","targetHints":{"allow":["GET"]}}],"collection":[{"href":"https:\/\/www.fundacioncuidarycurar.org\/webfcyc\/wp-json\/wp\/v2\/posts"}],"about":[{"href":"https:\/\/www.fundacioncuidarycurar.org\/webfcyc\/wp-json\/wp\/v2\/types\/post"}],"author":[{"embeddable":true,"href":"https:\/\/www.fundacioncuidarycurar.org\/webfcyc\/wp-json\/wp\/v2\/users\/1"}],"replies":[{"embeddable":true,"href":"https:\/\/www.fundacioncuidarycurar.org\/webfcyc\/wp-json\/wp\/v2\/comments?post=2934"}],"version-history":[{"count":4,"href":"https:\/\/www.fundacioncuidarycurar.org\/webfcyc\/wp-json\/wp\/v2\/posts\/2934\/revisions"}],"predecessor-version":[{"id":2939,"href":"https:\/\/www.fundacioncuidarycurar.org\/webfcyc\/wp-json\/wp\/v2\/posts\/2934\/revisions\/2939"}],"wp:featuredmedia":[{"embeddable":true,"href":"https:\/\/www.fundacioncuidarycurar.org\/webfcyc\/wp-json\/wp\/v2\/media\/2935"}],"wp:attachment":[{"href":"https:\/\/www.fundacioncuidarycurar.org\/webfcyc\/wp-json\/wp\/v2\/media?parent=2934"}],"wp:term":[{"taxonomy":"category","embeddable":true,"href":"https:\/\/www.fundacioncuidarycurar.org\/webfcyc\/wp-json\/wp\/v2\/categories?post=2934"},{"taxonomy":"post_tag","embeddable":true,"href":"https:\/\/www.fundacioncuidarycurar.org\/webfcyc\/wp-json\/wp\/v2\/tags?post=2934"}],"curies":[{"name":"wp","href":"https:\/\/api.w.org\/{rel}","templated":true}]}}