{"id":2929,"date":"2023-02-27T11:00:53","date_gmt":"2023-02-27T11:00:53","guid":{"rendered":"https:\/\/www.fundacioncuidarycurar.org\/webfcyc\/?p=2929"},"modified":"2023-02-27T11:00:54","modified_gmt":"2023-02-27T11:00:54","slug":"resultados-obtenidos-proyectos-2022","status":"publish","type":"post","link":"https:\/\/www.fundacioncuidarycurar.org\/webfcyc\/2023\/02\/27\/resultados-obtenidos-proyectos-2022\/","title":{"rendered":"Resultados obtenidos proyectos 2022"},"content":{"rendered":"<div id=\"pl-2929\"  class=\"panel-layout\" ><div id=\"pg-2929-0\"  class=\"panel-grid panel-has-style\" ><div style=\"padding: 0px 0; \" data-overlay=\"true\" data-overlay-color=\"#000000\" class=\"panel-row-style panel-row-style-for-2929-0\" ><div id=\"pgc-2929-0-0\"  class=\"panel-grid-cell\" ><div id=\"panel-2929-0-0-0\" class=\"so-panel widget widget_text panel-first-child panel-last-child\" data-index=\"0\" ><div style=\"text-align: left;\" data-title-color=\"#443f3f\" data-headings-color=\"#443f3f\" class=\"panel-widget-style panel-widget-style-for-2929-0-0-0\" >\t\t\t<div class=\"textwidget\"><p>Como se ha informado anteriormente, los proyectos llevados a cabo por la FCYC en el pasado a\u00f1o han llegado a su fin y por lo tanto los resultados obtenidos son bastante beneficiosos para nuestros mayores. En el an\u00e1lisis de datos hemos contado con la colaboraci\u00f3n de la Universidad de Ja\u00e9n. A continuaci\u00f3n se detalla cada uno de ellos:<\/p>\n<p>En el proyecto Cuida-T, se ha podido observar c\u00f3mo el 78,72% de los usuarios han referido sentirse m\u00e1s tranquilos con este servicio. As\u00ed como el 80,82% han indicado que este proyecto les ha aportado m\u00e1s tranquilidad tanto a sus familiares como cuidadores. Si prestamos atenci\u00f3n a la escala de Fototest, una de las escalas utilizadas para las evaluaciones, se ha podido observar como la puntuaci\u00f3n se ha reducido considerablemente por lo que se han reducido los casos de deterioro cognitivo. Se\u00f1alar que el 78,72 % de los usuarios recomendar\u00eda este servicio a otras personas.<\/p>\n<p>En cuanto al Activa-T, los participantes han declarado haber estado motivados debido al hecho de sentirse monitorizados y pendientes de ellos. Tambi\u00e9n ha resultado de gran utilidad para familiarizar a las personas mayores con las nuevas tecnolog\u00edas. El 81% de los usuarios refieren haber aportado este programa mayor calidad de vida, as\u00ed como un mejor conocimiento de su condici\u00f3n f\u00edsica.<\/p>\n<p>En el Paec-T, con la realizaci\u00f3n de estas sesiones,\u00a0 los usuarios han mejorado en la realizaci\u00f3n de las actividades de la vida cotidiana as\u00ed como en las actividades instrumentales. De igual modo, la depresi\u00f3n se ha visto reducida notoriamente. Incluso propusieron que el entrenamiento tuviera lugar m\u00e1s veces a la semana.<\/p>\n<p>Por \u00faltimo, y no menos importante, el proyecto de Atenci\u00f3n a la Soledad no Deseada. En el an\u00e1lisis se ha reducido notablemente la depresi\u00f3n y la ansiedad y asimismo, se ha aumentado la autoestima de los usuarios participantes en el estudio. Pese a que su situaci\u00f3n de soledad no deseada no ha cambiado porque muchos de los participantes eran viudas, s\u00ed que ha mejorado el sentimiento de tristeza o aislamiento que experimentaban. \u00a0El 83,3 % de los usuarios han referido sentirse m\u00e1s acompa\u00f1ados. Igualmente, indicar que el estudio ha estado centrado en una atenci\u00f3n integral enfocado en los aspectos biopsicosociales.<\/p>\n<\/div>\n\t\t<\/div><\/div><\/div><\/div><\/div><\/div>","protected":false},"excerpt":{"rendered":"<p>Como se ha informado anteriormente, los proyectos llevados a cabo por la FCYC en el pasado a\u00f1o han llegado a su fin [&hellip;]<\/p>\n","protected":false},"author":1,"featured_media":2931,"comment_status":"open","ping_status":"open","sticky":false,"template":"","format":"standard","meta":{"footnotes":""},"categories":[1],"tags":[],"class_list":["post-2929","post","type-post","status-publish","format-standard","has-post-thumbnail","hentry","category-sin-categoria"],"_links":{"self":[{"href":"https:\/\/www.fundacioncuidarycurar.org\/webfcyc\/wp-json\/wp\/v2\/posts\/2929","targetHints":{"allow":["GET"]}}],"collection":[{"href":"https:\/\/www.fundacioncuidarycurar.org\/webfcyc\/wp-json\/wp\/v2\/posts"}],"about":[{"href":"https:\/\/www.fundacioncuidarycurar.org\/webfcyc\/wp-json\/wp\/v2\/types\/post"}],"author":[{"embeddable":true,"href":"https:\/\/www.fundacioncuidarycurar.org\/webfcyc\/wp-json\/wp\/v2\/users\/1"}],"replies":[{"embeddable":true,"href":"https:\/\/www.fundacioncuidarycurar.org\/webfcyc\/wp-json\/wp\/v2\/comments?post=2929"}],"version-history":[{"count":2,"href":"https:\/\/www.fundacioncuidarycurar.org\/webfcyc\/wp-json\/wp\/v2\/posts\/2929\/revisions"}],"predecessor-version":[{"id":2932,"href":"https:\/\/www.fundacioncuidarycurar.org\/webfcyc\/wp-json\/wp\/v2\/posts\/2929\/revisions\/2932"}],"wp:featuredmedia":[{"embeddable":true,"href":"https:\/\/www.fundacioncuidarycurar.org\/webfcyc\/wp-json\/wp\/v2\/media\/2931"}],"wp:attachment":[{"href":"https:\/\/www.fundacioncuidarycurar.org\/webfcyc\/wp-json\/wp\/v2\/media?parent=2929"}],"wp:term":[{"taxonomy":"category","embeddable":true,"href":"https:\/\/www.fundacioncuidarycurar.org\/webfcyc\/wp-json\/wp\/v2\/categories?post=2929"},{"taxonomy":"post_tag","embeddable":true,"href":"https:\/\/www.fundacioncuidarycurar.org\/webfcyc\/wp-json\/wp\/v2\/tags?post=2929"}],"curies":[{"name":"wp","href":"https:\/\/api.w.org\/{rel}","templated":true}]}}