{"id":2918,"date":"2023-02-21T11:20:48","date_gmt":"2023-02-21T11:20:48","guid":{"rendered":"https:\/\/www.fundacioncuidarycurar.org\/webfcyc\/?p=2918"},"modified":"2023-02-21T11:21:30","modified_gmt":"2023-02-21T11:21:30","slug":"ningun-mayor-solo-en-navidad-residencia-de-mayores-parra-grossi","status":"publish","type":"post","link":"https:\/\/www.fundacioncuidarycurar.org\/webfcyc\/2023\/02\/21\/ningun-mayor-solo-en-navidad-residencia-de-mayores-parra-grossi\/","title":{"rendered":"Ning\u00fan mayor solo en Navidad: Residencia de mayores Parra Grossi"},"content":{"rendered":"<div id=\"pl-2918\"  class=\"panel-layout\" ><div id=\"pg-2918-0\"  class=\"panel-grid panel-has-style\" ><div style=\"padding: 0px 0; \" data-overlay=\"true\" data-overlay-color=\"#000000\" class=\"panel-row-style panel-row-style-for-2918-0\" ><div id=\"pgc-2918-0-0\"  class=\"panel-grid-cell\" ><div id=\"panel-2918-0-0-0\" class=\"so-panel widget widget_media_image panel-first-child panel-last-child\" data-index=\"0\" ><div style=\"text-align: left;\" data-title-color=\"#443f3f\" data-headings-color=\"#443f3f\" class=\"panel-widget-style panel-widget-style-for-2918-0-0-0\" ><img loading=\"lazy\" decoding=\"async\" width=\"1587\" height=\"2245\" src=\"https:\/\/www.fundacioncuidarycurar.org\/webfcyc\/wp-content\/uploads\/2023\/02\/NAVIDAD-RONDA.png\" class=\"image wp-image-2920  attachment-full size-full\" alt=\"\" style=\"max-width: 100%; height: auto;\" srcset=\"https:\/\/www.fundacioncuidarycurar.org\/webfcyc\/wp-content\/uploads\/2023\/02\/NAVIDAD-RONDA.png 1587w, https:\/\/www.fundacioncuidarycurar.org\/webfcyc\/wp-content\/uploads\/2023\/02\/NAVIDAD-RONDA-212x300.png 212w, https:\/\/www.fundacioncuidarycurar.org\/webfcyc\/wp-content\/uploads\/2023\/02\/NAVIDAD-RONDA-724x1024.png 724w, https:\/\/www.fundacioncuidarycurar.org\/webfcyc\/wp-content\/uploads\/2023\/02\/NAVIDAD-RONDA-768x1086.png 768w, https:\/\/www.fundacioncuidarycurar.org\/webfcyc\/wp-content\/uploads\/2023\/02\/NAVIDAD-RONDA-1086x1536.png 1086w, https:\/\/www.fundacioncuidarycurar.org\/webfcyc\/wp-content\/uploads\/2023\/02\/NAVIDAD-RONDA-1448x2048.png 1448w, https:\/\/www.fundacioncuidarycurar.org\/webfcyc\/wp-content\/uploads\/2023\/02\/NAVIDAD-RONDA-1000x1415.png 1000w, https:\/\/www.fundacioncuidarycurar.org\/webfcyc\/wp-content\/uploads\/2023\/02\/NAVIDAD-RONDA-230x325.png 230w, https:\/\/www.fundacioncuidarycurar.org\/webfcyc\/wp-content\/uploads\/2023\/02\/NAVIDAD-RONDA-350x495.png 350w, https:\/\/www.fundacioncuidarycurar.org\/webfcyc\/wp-content\/uploads\/2023\/02\/NAVIDAD-RONDA-480x679.png 480w\" sizes=\"auto, (max-width: 1587px) 100vw, 1587px\" \/><\/div><\/div><\/div><div id=\"pgc-2918-0-1\"  class=\"panel-grid-cell\" ><div id=\"panel-2918-0-1-0\" class=\"so-panel widget widget_media_image panel-first-child panel-last-child\" data-index=\"1\" ><div style=\"text-align: left;\" data-title-color=\"#443f3f\" data-headings-color=\"#443f3f\" class=\"panel-widget-style panel-widget-style-for-2918-0-1-0\" ><img loading=\"lazy\" decoding=\"async\" width=\"1587\" height=\"2245\" src=\"https:\/\/www.fundacioncuidarycurar.org\/webfcyc\/wp-content\/uploads\/2023\/02\/FIN-DE-ANO-RONDA.png\" class=\"image wp-image-2919  attachment-full size-full\" alt=\"\" style=\"max-width: 100%; height: auto;\" srcset=\"https:\/\/www.fundacioncuidarycurar.org\/webfcyc\/wp-content\/uploads\/2023\/02\/FIN-DE-ANO-RONDA.png 1587w, https:\/\/www.fundacioncuidarycurar.org\/webfcyc\/wp-content\/uploads\/2023\/02\/FIN-DE-ANO-RONDA-212x300.png 212w, https:\/\/www.fundacioncuidarycurar.org\/webfcyc\/wp-content\/uploads\/2023\/02\/FIN-DE-ANO-RONDA-724x1024.png 724w, https:\/\/www.fundacioncuidarycurar.org\/webfcyc\/wp-content\/uploads\/2023\/02\/FIN-DE-ANO-RONDA-768x1086.png 768w, https:\/\/www.fundacioncuidarycurar.org\/webfcyc\/wp-content\/uploads\/2023\/02\/FIN-DE-ANO-RONDA-1086x1536.png 1086w, https:\/\/www.fundacioncuidarycurar.org\/webfcyc\/wp-content\/uploads\/2023\/02\/FIN-DE-ANO-RONDA-1448x2048.png 1448w, https:\/\/www.fundacioncuidarycurar.org\/webfcyc\/wp-content\/uploads\/2023\/02\/FIN-DE-ANO-RONDA-1000x1415.png 1000w, https:\/\/www.fundacioncuidarycurar.org\/webfcyc\/wp-content\/uploads\/2023\/02\/FIN-DE-ANO-RONDA-230x325.png 230w, https:\/\/www.fundacioncuidarycurar.org\/webfcyc\/wp-content\/uploads\/2023\/02\/FIN-DE-ANO-RONDA-350x495.png 350w, https:\/\/www.fundacioncuidarycurar.org\/webfcyc\/wp-content\/uploads\/2023\/02\/FIN-DE-ANO-RONDA-480x679.png 480w\" sizes=\"auto, (max-width: 1587px) 100vw, 1587px\" \/><\/div><\/div><\/div><\/div><\/div><div id=\"pg-2918-1\"  class=\"panel-grid panel-has-style\" ><div style=\"padding: 0px 0; \" data-overlay=\"true\" data-overlay-color=\"#000000\" class=\"panel-row-style panel-row-style-for-2918-1\" ><div id=\"pgc-2918-1-0\"  class=\"panel-grid-cell\" ><div id=\"panel-2918-1-0-0\" class=\"so-panel widget widget_text panel-first-child panel-last-child\" data-index=\"2\" ><div style=\"text-align: left;\" data-title-color=\"#443f3f\" data-headings-color=\"#443f3f\" class=\"panel-widget-style panel-widget-style-for-2918-1-0-0\" >\t\t\t<div class=\"textwidget\"><p style=\"text-align: justify\">Desde la Residencia de Mayores Parra Grossi se agradece a la FUNDACION UNICAJA la labor de haber puesto en marcha el proyecto NINGUN MAYOR SOLO EN NAVIDAD Y NINGUN MAYOR SOLO EN FIN DE A\u00d1O donde un grupo de vecinos de la localidad de Ronda se han beneficiado de dicha iniciativa pasando las fiestas de nochebuena, navidad, noche vieja y a\u00f1o nuevo acompa\u00f1ados por todos nosotros. Cabe mencionar tambi\u00e9n la colaboraci\u00f3n del Excmo. Ayuntamiento de Ronda y los Servicios Sociales Comunitarios.<\/p>\n<\/div>\n\t\t<\/div><\/div><\/div><\/div><\/div><\/div>","protected":false},"excerpt":{"rendered":"<p>Desde la Residencia de Mayores Parra Grossi se agradece a la FUNDACION UNICAJA la labor de haber puesto en marcha el proyecto [&hellip;]<\/p>\n","protected":false},"author":1,"featured_media":0,"comment_status":"open","ping_status":"open","sticky":false,"template":"","format":"standard","meta":{"footnotes":""},"categories":[1],"tags":[],"class_list":["post-2918","post","type-post","status-publish","format-standard","hentry","category-sin-categoria"],"_links":{"self":[{"href":"https:\/\/www.fundacioncuidarycurar.org\/webfcyc\/wp-json\/wp\/v2\/posts\/2918","targetHints":{"allow":["GET"]}}],"collection":[{"href":"https:\/\/www.fundacioncuidarycurar.org\/webfcyc\/wp-json\/wp\/v2\/posts"}],"about":[{"href":"https:\/\/www.fundacioncuidarycurar.org\/webfcyc\/wp-json\/wp\/v2\/types\/post"}],"author":[{"embeddable":true,"href":"https:\/\/www.fundacioncuidarycurar.org\/webfcyc\/wp-json\/wp\/v2\/users\/1"}],"replies":[{"embeddable":true,"href":"https:\/\/www.fundacioncuidarycurar.org\/webfcyc\/wp-json\/wp\/v2\/comments?post=2918"}],"version-history":[{"count":4,"href":"https:\/\/www.fundacioncuidarycurar.org\/webfcyc\/wp-json\/wp\/v2\/posts\/2918\/revisions"}],"predecessor-version":[{"id":2924,"href":"https:\/\/www.fundacioncuidarycurar.org\/webfcyc\/wp-json\/wp\/v2\/posts\/2918\/revisions\/2924"}],"wp:attachment":[{"href":"https:\/\/www.fundacioncuidarycurar.org\/webfcyc\/wp-json\/wp\/v2\/media?parent=2918"}],"wp:term":[{"taxonomy":"category","embeddable":true,"href":"https:\/\/www.fundacioncuidarycurar.org\/webfcyc\/wp-json\/wp\/v2\/categories?post=2918"},{"taxonomy":"post_tag","embeddable":true,"href":"https:\/\/www.fundacioncuidarycurar.org\/webfcyc\/wp-json\/wp\/v2\/tags?post=2918"}],"curies":[{"name":"wp","href":"https:\/\/api.w.org\/{rel}","templated":true}]}}