{"id":2911,"date":"2023-02-21T10:47:50","date_gmt":"2023-02-21T10:47:50","guid":{"rendered":"https:\/\/www.fundacioncuidarycurar.org\/webfcyc\/?p=2911"},"modified":"2023-02-21T10:47:50","modified_gmt":"2023-02-21T10:47:50","slug":"ningun-mayor-solo-centro-residencial-santa-barbara","status":"publish","type":"post","link":"https:\/\/www.fundacioncuidarycurar.org\/webfcyc\/2023\/02\/21\/ningun-mayor-solo-centro-residencial-santa-barbara\/","title":{"rendered":"Ning\u00fan mayor solo: Centro Residencial Santa B\u00e1rbara"},"content":{"rendered":"<div id=\"pl-2911\"  class=\"panel-layout\" ><div id=\"pg-2911-0\"  class=\"panel-grid panel-has-style\" ><div style=\"padding: 0px 0; \" data-overlay=\"true\" data-overlay-color=\"#000000\" class=\"panel-row-style panel-row-style-for-2911-0\" ><div id=\"pgc-2911-0-0\"  class=\"panel-grid-cell\" ><div id=\"panel-2911-0-0-0\" class=\"so-panel widget widget_media_image panel-first-child panel-last-child\" data-index=\"0\" ><div style=\"text-align: left;\" data-title-color=\"#443f3f\" data-headings-color=\"#443f3f\" class=\"panel-widget-style panel-widget-style-for-2911-0-0-0\" ><img loading=\"lazy\" decoding=\"async\" width=\"1587\" height=\"1492\" src=\"https:\/\/www.fundacioncuidarycurar.org\/webfcyc\/wp-content\/uploads\/2023\/02\/NAVIDAD-ALMADEN-e1676977271976.png\" class=\"image wp-image-2913  attachment-full size-full\" alt=\"\" style=\"max-width: 100%; height: auto;\" srcset=\"https:\/\/www.fundacioncuidarycurar.org\/webfcyc\/wp-content\/uploads\/2023\/02\/NAVIDAD-ALMADEN-e1676977271976.png 1587w, https:\/\/www.fundacioncuidarycurar.org\/webfcyc\/wp-content\/uploads\/2023\/02\/NAVIDAD-ALMADEN-e1676977271976-300x282.png 300w, https:\/\/www.fundacioncuidarycurar.org\/webfcyc\/wp-content\/uploads\/2023\/02\/NAVIDAD-ALMADEN-e1676977271976-1024x963.png 1024w, https:\/\/www.fundacioncuidarycurar.org\/webfcyc\/wp-content\/uploads\/2023\/02\/NAVIDAD-ALMADEN-e1676977271976-768x722.png 768w, https:\/\/www.fundacioncuidarycurar.org\/webfcyc\/wp-content\/uploads\/2023\/02\/NAVIDAD-ALMADEN-e1676977271976-1536x1444.png 1536w, https:\/\/www.fundacioncuidarycurar.org\/webfcyc\/wp-content\/uploads\/2023\/02\/NAVIDAD-ALMADEN-e1676977271976-1000x940.png 1000w, https:\/\/www.fundacioncuidarycurar.org\/webfcyc\/wp-content\/uploads\/2023\/02\/NAVIDAD-ALMADEN-e1676977271976-230x216.png 230w, https:\/\/www.fundacioncuidarycurar.org\/webfcyc\/wp-content\/uploads\/2023\/02\/NAVIDAD-ALMADEN-e1676977271976-350x329.png 350w, https:\/\/www.fundacioncuidarycurar.org\/webfcyc\/wp-content\/uploads\/2023\/02\/NAVIDAD-ALMADEN-e1676977271976-480x451.png 480w\" sizes=\"auto, (max-width: 1587px) 100vw, 1587px\" \/><\/div><\/div><\/div><div id=\"pgc-2911-0-1\"  class=\"panel-grid-cell\" ><div id=\"panel-2911-0-1-0\" class=\"so-panel widget widget_media_image panel-first-child panel-last-child\" data-index=\"1\" ><div style=\"text-align: left;\" data-title-color=\"#443f3f\" data-headings-color=\"#443f3f\" class=\"panel-widget-style panel-widget-style-for-2911-0-1-0\" ><img loading=\"lazy\" decoding=\"async\" width=\"1587\" height=\"2245\" src=\"https:\/\/www.fundacioncuidarycurar.org\/webfcyc\/wp-content\/uploads\/2023\/02\/FIN-DE-ANO-ALMADEN.png\" class=\"image wp-image-2912  attachment-full size-full\" alt=\"\" style=\"max-width: 100%; height: auto;\" srcset=\"https:\/\/www.fundacioncuidarycurar.org\/webfcyc\/wp-content\/uploads\/2023\/02\/FIN-DE-ANO-ALMADEN.png 1587w, https:\/\/www.fundacioncuidarycurar.org\/webfcyc\/wp-content\/uploads\/2023\/02\/FIN-DE-ANO-ALMADEN-212x300.png 212w, https:\/\/www.fundacioncuidarycurar.org\/webfcyc\/wp-content\/uploads\/2023\/02\/FIN-DE-ANO-ALMADEN-724x1024.png 724w, https:\/\/www.fundacioncuidarycurar.org\/webfcyc\/wp-content\/uploads\/2023\/02\/FIN-DE-ANO-ALMADEN-768x1086.png 768w, https:\/\/www.fundacioncuidarycurar.org\/webfcyc\/wp-content\/uploads\/2023\/02\/FIN-DE-ANO-ALMADEN-1086x1536.png 1086w, https:\/\/www.fundacioncuidarycurar.org\/webfcyc\/wp-content\/uploads\/2023\/02\/FIN-DE-ANO-ALMADEN-1448x2048.png 1448w, https:\/\/www.fundacioncuidarycurar.org\/webfcyc\/wp-content\/uploads\/2023\/02\/FIN-DE-ANO-ALMADEN-1000x1415.png 1000w, https:\/\/www.fundacioncuidarycurar.org\/webfcyc\/wp-content\/uploads\/2023\/02\/FIN-DE-ANO-ALMADEN-230x325.png 230w, https:\/\/www.fundacioncuidarycurar.org\/webfcyc\/wp-content\/uploads\/2023\/02\/FIN-DE-ANO-ALMADEN-350x495.png 350w, https:\/\/www.fundacioncuidarycurar.org\/webfcyc\/wp-content\/uploads\/2023\/02\/FIN-DE-ANO-ALMADEN-480x679.png 480w\" sizes=\"auto, (max-width: 1587px) 100vw, 1587px\" \/><\/div><\/div><\/div><\/div><\/div><div id=\"pg-2911-1\"  class=\"panel-grid panel-has-style\" ><div style=\"padding: 0px 0; \" data-overlay=\"true\" data-overlay-color=\"#000000\" class=\"panel-row-style panel-row-style-for-2911-1\" ><div id=\"pgc-2911-1-0\"  class=\"panel-grid-cell\" ><div id=\"panel-2911-1-0-0\" class=\"so-panel widget widget_text panel-first-child panel-last-child\" data-index=\"2\" ><div style=\"text-align: left;\" data-title-color=\"#443f3f\" data-headings-color=\"#443f3f\" class=\"panel-widget-style panel-widget-style-for-2911-1-0-0\" >\t\t\t<div class=\"textwidget\"><p style=\"text-align: justify\">Desde el Centro Residencial Santa B\u00e1rbara y en colaboraci\u00f3n con el Excmo. Ayuntamiento de Almad\u00e9n junto a los Servicios Sociales Comunitarios queremos agradecer la labor llevada a cabo desde la Fundaci\u00f3n Unicaja, que un nuevo a\u00f1o ha activado el programa NING\u00daN MAYOR SOLO cuya finalidad es dar cobertura a todos los mayores, cuidando y velando porque todos pudieran pasar los d\u00edas festivos de Nochebuena, Navidad, Nochevieja y A\u00f1o Nuevo en compa\u00f1\u00eda, atendiendo a sus necesidades.<\/p>\n<\/div>\n\t\t<\/div><\/div><\/div><\/div><\/div><\/div>","protected":false},"excerpt":{"rendered":"<p>Desde el Centro Residencial Santa B\u00e1rbara y en colaboraci\u00f3n con el Excmo. Ayuntamiento de Almad\u00e9n junto a los Servicios Sociales Comunitarios queremos [&hellip;]<\/p>\n","protected":false},"author":1,"featured_media":0,"comment_status":"open","ping_status":"open","sticky":false,"template":"","format":"standard","meta":{"footnotes":""},"categories":[1],"tags":[],"class_list":["post-2911","post","type-post","status-publish","format-standard","hentry","category-sin-categoria"],"_links":{"self":[{"href":"https:\/\/www.fundacioncuidarycurar.org\/webfcyc\/wp-json\/wp\/v2\/posts\/2911","targetHints":{"allow":["GET"]}}],"collection":[{"href":"https:\/\/www.fundacioncuidarycurar.org\/webfcyc\/wp-json\/wp\/v2\/posts"}],"about":[{"href":"https:\/\/www.fundacioncuidarycurar.org\/webfcyc\/wp-json\/wp\/v2\/types\/post"}],"author":[{"embeddable":true,"href":"https:\/\/www.fundacioncuidarycurar.org\/webfcyc\/wp-json\/wp\/v2\/users\/1"}],"replies":[{"embeddable":true,"href":"https:\/\/www.fundacioncuidarycurar.org\/webfcyc\/wp-json\/wp\/v2\/comments?post=2911"}],"version-history":[{"count":2,"href":"https:\/\/www.fundacioncuidarycurar.org\/webfcyc\/wp-json\/wp\/v2\/posts\/2911\/revisions"}],"predecessor-version":[{"id":2915,"href":"https:\/\/www.fundacioncuidarycurar.org\/webfcyc\/wp-json\/wp\/v2\/posts\/2911\/revisions\/2915"}],"wp:attachment":[{"href":"https:\/\/www.fundacioncuidarycurar.org\/webfcyc\/wp-json\/wp\/v2\/media?parent=2911"}],"wp:term":[{"taxonomy":"category","embeddable":true,"href":"https:\/\/www.fundacioncuidarycurar.org\/webfcyc\/wp-json\/wp\/v2\/categories?post=2911"},{"taxonomy":"post_tag","embeddable":true,"href":"https:\/\/www.fundacioncuidarycurar.org\/webfcyc\/wp-json\/wp\/v2\/tags?post=2911"}],"curies":[{"name":"wp","href":"https:\/\/api.w.org\/{rel}","templated":true}]}}