{"id":2888,"date":"2023-01-25T12:51:57","date_gmt":"2023-01-25T12:51:57","guid":{"rendered":"https:\/\/www.fundacioncuidarycurar.org\/webfcyc\/?p=2888"},"modified":"2023-01-25T12:54:22","modified_gmt":"2023-01-25T12:54:22","slug":"los-proyectos-de-investigacion-de-2022-llegan-a-su-fin","status":"publish","type":"post","link":"https:\/\/www.fundacioncuidarycurar.org\/webfcyc\/2023\/01\/25\/los-proyectos-de-investigacion-de-2022-llegan-a-su-fin\/","title":{"rendered":"LOS PROYECTOS DE INVESTIGACI\u00d3N DE 2022 LLEGAN A SU FIN"},"content":{"rendered":"<div id=\"pl-2888\"  class=\"panel-layout\" ><div id=\"pg-2888-0\"  class=\"panel-grid panel-has-style\" ><div style=\"padding: 0px 0; \" data-overlay=\"true\" data-overlay-color=\"#000000\" class=\"panel-row-style panel-row-style-for-2888-0\" ><div id=\"pgc-2888-0-0\"  class=\"panel-grid-cell\" ><div id=\"panel-2888-0-0-0\" class=\"so-panel widget widget_text panel-first-child\" data-index=\"0\" ><div style=\"text-align: left;\" data-title-color=\"#443f3f\" data-headings-color=\"#443f3f\" class=\"panel-widget-style panel-widget-style-for-2888-0-0-0\" >\t\t\t<div class=\"textwidget\"><p>Tras todo el a\u00f1o trabajando en ellos, los proyectos han llegado a su fin. Con ellos, hemos podido trabajar diferentes \u00e1reas, todos dirigidos hacia personas mayores. Todos estos han sido atendido por un equipo multidisciplinar de la Fundaci\u00f3n Cuidar y Curar, expertos en el cuidado de personas mayores.<\/p>\n<\/div>\n\t\t<\/div><\/div><div id=\"panel-2888-0-0-1\" class=\"so-panel widget widget_text\" data-index=\"1\" ><div style=\"text-align: left;\" data-title-color=\"#443f3f\" data-headings-color=\"#443f3f\" class=\"panel-widget-style panel-widget-style-for-2888-0-0-1\" >\t\t\t<div class=\"textwidget\"><p>Los proyectos que se han desarrollado ha sido: Cuida-t en casa, PAECT, Activa-t y Soledad no Deseada. A continuaci\u00f3n vamos a recordar en que consist\u00eda cada uno.<\/p>\n<\/div>\n\t\t<\/div><\/div><div id=\"panel-2888-0-0-2\" class=\"so-panel widget widget_text\" data-index=\"2\" ><div style=\"text-align: left;\" data-title-color=\"#443f3f\" data-headings-color=\"#443f3f\" class=\"panel-widget-style panel-widget-style-for-2888-0-0-2\" >\t\t\t<div class=\"textwidget\"><p>Cuida-t en casa,\u00a0 que ha tratado de un programa de atenci\u00f3n remota principalmente, que permite la monitorizaci\u00f3n de la actividad de las personas mayores en su domicilio. A trav\u00e9s de\u00a0 unos sensores y dispositivos discretos y no intrusivos y dispositivos de Teleasistencia. El PAECT que ha consistido en talleres de estimulaci\u00f3n cognitiva, con el objetivo de identificar un posible deterioro cognitivo. Activa-t que su finalidad ha sido motivar a las personas mayores a la realizaci\u00f3n de ejercicio f\u00edsico a trav\u00e9s de relojes inteligentes y por \u00faltimo Soledad no Deseada. Ha sido uno de los m\u00e1s importantes, ya que a trav\u00e9s de visitas domiciliares y acompa\u00f1amiento se ha tratado de paliar situaciones de aislamiento social y soledad.<\/p>\n<\/div>\n\t\t<\/div><\/div><div id=\"panel-2888-0-0-3\" class=\"so-panel widget widget_text\" data-index=\"3\" ><div style=\"text-align: left;\" data-title-color=\"#443f3f\" data-headings-color=\"#443f3f\" class=\"panel-widget-style panel-widget-style-for-2888-0-0-3\" >\t\t\t<div class=\"textwidget\"><p>Durante todo el a\u00f1o, se han atendido, entre los 4 proyectos, aproximadamente, a unas 200 personas. Todos estos, repartidos en municipios, de las provincias de Ja\u00e9n, Sevilla, M\u00e1laga y C\u00e1diz. Se han llevado a cabo diferentes intervenciones con todos ellos, como llamadas de seguimientos, visitas domiciliarias, valoraciones, derivaciones, movilizaci\u00f3n de recursos sanitarios, entre otras.<\/p>\n<\/div>\n\t\t<\/div><\/div><div id=\"panel-2888-0-0-4\" class=\"so-panel widget widget_text\" data-index=\"4\" ><div style=\"text-align: left;\" data-title-color=\"#443f3f\" data-headings-color=\"#443f3f\" class=\"panel-widget-style panel-widget-style-for-2888-0-0-4\" >\t\t\t<div class=\"textwidget\"><p>Haciendo balance de todo este a\u00f1o, nos quedamos con la seguridad, protecci\u00f3n, atenci\u00f3n y cuidados que le hemos prestado a todas estas personas y que, al finalizar todos los proyectos, ellos mismos nos han verbalizado.\u00a0 Como equipo, experto en el cuidado de personas mayores, es lo que nos llena y no motiva a seguir trabajando.<\/p>\n<\/div>\n\t\t<\/div><\/div><div id=\"panel-2888-0-0-5\" class=\"so-panel widget widget_media_image panel-last-child\" data-index=\"5\" ><div style=\"text-align: center;\" data-title-color=\"#443f3f\" data-headings-color=\"#443f3f\" class=\"panel-widget-style panel-widget-style-for-2888-0-0-5\" ><img loading=\"lazy\" decoding=\"async\" width=\"1920\" height=\"385\" src=\"https:\/\/www.fundacioncuidarycurar.org\/webfcyc\/wp-content\/uploads\/2022\/07\/Logo07IRPF_2021-1920x385-1.png\" class=\"image wp-image-2843  attachment-full size-full\" alt=\"\" style=\"max-width: 100%; height: auto;\" srcset=\"https:\/\/www.fundacioncuidarycurar.org\/webfcyc\/wp-content\/uploads\/2022\/07\/Logo07IRPF_2021-1920x385-1.png 1920w, https:\/\/www.fundacioncuidarycurar.org\/webfcyc\/wp-content\/uploads\/2022\/07\/Logo07IRPF_2021-1920x385-1-300x60.png 300w, https:\/\/www.fundacioncuidarycurar.org\/webfcyc\/wp-content\/uploads\/2022\/07\/Logo07IRPF_2021-1920x385-1-1024x205.png 1024w, https:\/\/www.fundacioncuidarycurar.org\/webfcyc\/wp-content\/uploads\/2022\/07\/Logo07IRPF_2021-1920x385-1-768x154.png 768w, https:\/\/www.fundacioncuidarycurar.org\/webfcyc\/wp-content\/uploads\/2022\/07\/Logo07IRPF_2021-1920x385-1-1536x308.png 1536w, https:\/\/www.fundacioncuidarycurar.org\/webfcyc\/wp-content\/uploads\/2022\/07\/Logo07IRPF_2021-1920x385-1-920x184.png 920w, https:\/\/www.fundacioncuidarycurar.org\/webfcyc\/wp-content\/uploads\/2022\/07\/Logo07IRPF_2021-1920x385-1-230x46.png 230w, https:\/\/www.fundacioncuidarycurar.org\/webfcyc\/wp-content\/uploads\/2022\/07\/Logo07IRPF_2021-1920x385-1-350x70.png 350w, https:\/\/www.fundacioncuidarycurar.org\/webfcyc\/wp-content\/uploads\/2022\/07\/Logo07IRPF_2021-1920x385-1-480x96.png 480w\" sizes=\"auto, (max-width: 1920px) 100vw, 1920px\" \/><\/div><\/div><\/div><\/div><\/div><\/div>","protected":false},"excerpt":{"rendered":"<p>Tras todo el a\u00f1o trabajando en ellos, los proyectos han llegado a su fin. Con ellos, hemos podido trabajar diferentes \u00e1reas, todos [&hellip;]<\/p>\n","protected":false},"author":1,"featured_media":0,"comment_status":"open","ping_status":"open","sticky":false,"template":"","format":"standard","meta":{"footnotes":""},"categories":[1],"tags":[],"class_list":["post-2888","post","type-post","status-publish","format-standard","hentry","category-sin-categoria"],"_links":{"self":[{"href":"https:\/\/www.fundacioncuidarycurar.org\/webfcyc\/wp-json\/wp\/v2\/posts\/2888","targetHints":{"allow":["GET"]}}],"collection":[{"href":"https:\/\/www.fundacioncuidarycurar.org\/webfcyc\/wp-json\/wp\/v2\/posts"}],"about":[{"href":"https:\/\/www.fundacioncuidarycurar.org\/webfcyc\/wp-json\/wp\/v2\/types\/post"}],"author":[{"embeddable":true,"href":"https:\/\/www.fundacioncuidarycurar.org\/webfcyc\/wp-json\/wp\/v2\/users\/1"}],"replies":[{"embeddable":true,"href":"https:\/\/www.fundacioncuidarycurar.org\/webfcyc\/wp-json\/wp\/v2\/comments?post=2888"}],"version-history":[{"count":7,"href":"https:\/\/www.fundacioncuidarycurar.org\/webfcyc\/wp-json\/wp\/v2\/posts\/2888\/revisions"}],"predecessor-version":[{"id":2896,"href":"https:\/\/www.fundacioncuidarycurar.org\/webfcyc\/wp-json\/wp\/v2\/posts\/2888\/revisions\/2896"}],"wp:attachment":[{"href":"https:\/\/www.fundacioncuidarycurar.org\/webfcyc\/wp-json\/wp\/v2\/media?parent=2888"}],"wp:term":[{"taxonomy":"category","embeddable":true,"href":"https:\/\/www.fundacioncuidarycurar.org\/webfcyc\/wp-json\/wp\/v2\/categories?post=2888"},{"taxonomy":"post_tag","embeddable":true,"href":"https:\/\/www.fundacioncuidarycurar.org\/webfcyc\/wp-json\/wp\/v2\/tags?post=2888"}],"curies":[{"name":"wp","href":"https:\/\/api.w.org\/{rel}","templated":true}]}}