{"id":2868,"date":"2022-08-29T11:15:55","date_gmt":"2022-08-29T11:15:55","guid":{"rendered":"http:\/\/www.fundacioncuidarycurar.org\/webfcyc\/?p=2868"},"modified":"2022-08-29T11:15:55","modified_gmt":"2022-08-29T11:15:55","slug":"activa-t-programa-de-envejecimiento-activo-y-saludable-mediante-el-ejercicio-fisico-en-personas-mayores","status":"publish","type":"post","link":"https:\/\/www.fundacioncuidarycurar.org\/webfcyc\/2022\/08\/29\/activa-t-programa-de-envejecimiento-activo-y-saludable-mediante-el-ejercicio-fisico-en-personas-mayores\/","title":{"rendered":"ACTIVA-T: programa de envejecimiento activo y saludable mediante el ejercicio f\u00edsico en personas mayores"},"content":{"rendered":"<div id=\"pl-2868\"  class=\"panel-layout\" ><div id=\"pg-2868-0\"  class=\"panel-grid panel-has-style\" ><div style=\"padding: 0px 0; \" data-overlay=\"true\" data-overlay-color=\"#000000\" class=\"panel-row-style panel-row-style-for-2868-0\" ><div id=\"pgc-2868-0-0\"  class=\"panel-grid-cell\" ><div id=\"panel-2868-0-0-0\" class=\"so-panel widget widget_text panel-first-child panel-last-child\" data-index=\"0\" ><div style=\"text-align: left;\" data-title-color=\"#443f3f\" data-headings-color=\"#443f3f\" class=\"panel-widget-style panel-widget-style-for-2868-0-0-0\" >\t\t\t<div class=\"textwidget\"><p>El programa ACTIVA-T ha sido implantado por parte de nuestra fundaci\u00f3n como un proyecto necesario para fomentar el ejercicio f\u00edsico en la poblaci\u00f3n dada la alta prevalencia de sedentarismo, a trav\u00e9s de un servicio de atenci\u00f3n y seguimiento, incluyendo pulseras de actividad para la monitorizaci\u00f3n de la actividad f\u00edsica, empoderamiento de la persona en sus cuidados y apoyo emocional para la consecuci\u00f3n de los objetivos marcados.<\/p>\n<p>Los municipios que actualmente se est\u00e1n beneficiando de este programa son And\u00fajar, el Coronil, Alcal\u00e1 de los Gazules y Arriate, atendiendo a un total de 50 personas repartidas por estas 4 provincias.<\/p>\n<p>Esta intervenci\u00f3n consiste en la implantaci\u00f3n de relojes inteligentes que proporcionan datos de salud tales como frecuencia cardiaca, presi\u00f3n arterial, saturaci\u00f3n de ox\u00edgeno y n\u00famero de pasos diarios realizados, as\u00ed como el asesoramiento individual de\u00a0 ejercicios y actividades adecuadas para el estado funcional de cada persona,\u00a0 permitiendo a los diferentes profesionales\u00a0 la monitorizaci\u00f3n remota del ejercicio y la actividad f\u00edsica , fomentando en el envejecimiento activo a trav\u00e9s de un programa de actividad f\u00edsica individualizado y programado en el tiempo, que supone adem\u00e1s el empoderamiento de la persona y un sistema de apoyo al cuidador principal y al resto de familiares.<\/p>\n<\/div>\n\t\t<\/div><\/div><\/div><\/div><\/div><div id=\"pg-2868-1\"  class=\"panel-grid panel-has-style\" ><div style=\"padding: 0px 0; \" data-overlay=\"true\" data-overlay-color=\"#000000\" class=\"panel-row-style panel-row-style-for-2868-1\" ><div id=\"pgc-2868-1-0\"  class=\"panel-grid-cell\" ><div id=\"panel-2868-1-0-0\" class=\"so-panel widget widget_media_image panel-first-child panel-last-child\" data-index=\"1\" ><div style=\"text-align: left;\" data-title-color=\"#443f3f\" data-headings-color=\"#443f3f\" class=\"panel-widget-style panel-widget-style-for-2868-1-0-0\" ><img loading=\"lazy\" decoding=\"async\" width=\"1920\" height=\"385\" src=\"https:\/\/www.fundacioncuidarycurar.org\/webfcyc\/wp-content\/uploads\/2022\/07\/Logo07IRPF_2021-1920x385-1.png\" class=\"image wp-image-2843  attachment-full size-full\" alt=\"\" style=\"max-width: 100%; height: auto;\" srcset=\"https:\/\/www.fundacioncuidarycurar.org\/webfcyc\/wp-content\/uploads\/2022\/07\/Logo07IRPF_2021-1920x385-1.png 1920w, https:\/\/www.fundacioncuidarycurar.org\/webfcyc\/wp-content\/uploads\/2022\/07\/Logo07IRPF_2021-1920x385-1-300x60.png 300w, https:\/\/www.fundacioncuidarycurar.org\/webfcyc\/wp-content\/uploads\/2022\/07\/Logo07IRPF_2021-1920x385-1-1024x205.png 1024w, https:\/\/www.fundacioncuidarycurar.org\/webfcyc\/wp-content\/uploads\/2022\/07\/Logo07IRPF_2021-1920x385-1-768x154.png 768w, https:\/\/www.fundacioncuidarycurar.org\/webfcyc\/wp-content\/uploads\/2022\/07\/Logo07IRPF_2021-1920x385-1-1536x308.png 1536w, https:\/\/www.fundacioncuidarycurar.org\/webfcyc\/wp-content\/uploads\/2022\/07\/Logo07IRPF_2021-1920x385-1-920x184.png 920w, https:\/\/www.fundacioncuidarycurar.org\/webfcyc\/wp-content\/uploads\/2022\/07\/Logo07IRPF_2021-1920x385-1-230x46.png 230w, https:\/\/www.fundacioncuidarycurar.org\/webfcyc\/wp-content\/uploads\/2022\/07\/Logo07IRPF_2021-1920x385-1-350x70.png 350w, https:\/\/www.fundacioncuidarycurar.org\/webfcyc\/wp-content\/uploads\/2022\/07\/Logo07IRPF_2021-1920x385-1-480x96.png 480w\" sizes=\"auto, (max-width: 1920px) 100vw, 1920px\" \/><\/div><\/div><\/div><\/div><\/div><div id=\"pg-2868-2\"  class=\"panel-grid panel-has-style\" ><div style=\"padding: 0px 0; \" data-overlay=\"true\" data-overlay-color=\"#000000\" class=\"panel-row-style panel-row-style-for-2868-2\" ><div id=\"pgc-2868-2-0\"  class=\"panel-grid-cell\" ><div id=\"panel-2868-2-0-0\" class=\"so-panel widget widget_text panel-first-child panel-last-child\" data-index=\"2\" ><div style=\"text-align: left;\" data-title-color=\"#443f3f\" data-headings-color=\"#443f3f\" class=\"panel-widget-style panel-widget-style-for-2868-2-0-0\" >\t\t\t<div class=\"textwidget\"><p><em style=\"font-size: 16px;\">Este programa se ha desarrollado gracias al apoyo de la Consejer\u00eda de Igualdad, Pol\u00edticas y Sociales y Conciliaci\u00f3n de la Junta de Andaluc\u00eda, de la que ha recibido la cantidad de 27.919,87\u20ac de la subvenci\u00f3n con cargo a la asignaci\u00f3n Tributaria del 0,7% del impuesto sobre la Renta de personas F\u00edsicas (IRPF) de 2021.<\/em><\/p>\n<\/div>\n\t\t<\/div><\/div><\/div><\/div><\/div><\/div>","protected":false},"excerpt":{"rendered":"<p>El programa ACTIVA-T ha sido implantado por parte de nuestra fundaci\u00f3n como un proyecto necesario para fomentar el ejercicio f\u00edsico en la [&hellip;]<\/p>\n","protected":false},"author":1,"featured_media":2871,"comment_status":"open","ping_status":"open","sticky":false,"template":"","format":"standard","meta":{"footnotes":""},"categories":[1],"tags":[],"class_list":["post-2868","post","type-post","status-publish","format-standard","has-post-thumbnail","hentry","category-sin-categoria"],"_links":{"self":[{"href":"https:\/\/www.fundacioncuidarycurar.org\/webfcyc\/wp-json\/wp\/v2\/posts\/2868","targetHints":{"allow":["GET"]}}],"collection":[{"href":"https:\/\/www.fundacioncuidarycurar.org\/webfcyc\/wp-json\/wp\/v2\/posts"}],"about":[{"href":"https:\/\/www.fundacioncuidarycurar.org\/webfcyc\/wp-json\/wp\/v2\/types\/post"}],"author":[{"embeddable":true,"href":"https:\/\/www.fundacioncuidarycurar.org\/webfcyc\/wp-json\/wp\/v2\/users\/1"}],"replies":[{"embeddable":true,"href":"https:\/\/www.fundacioncuidarycurar.org\/webfcyc\/wp-json\/wp\/v2\/comments?post=2868"}],"version-history":[{"count":12,"href":"https:\/\/www.fundacioncuidarycurar.org\/webfcyc\/wp-json\/wp\/v2\/posts\/2868\/revisions"}],"predecessor-version":[{"id":2883,"href":"https:\/\/www.fundacioncuidarycurar.org\/webfcyc\/wp-json\/wp\/v2\/posts\/2868\/revisions\/2883"}],"wp:featuredmedia":[{"embeddable":true,"href":"https:\/\/www.fundacioncuidarycurar.org\/webfcyc\/wp-json\/wp\/v2\/media\/2871"}],"wp:attachment":[{"href":"https:\/\/www.fundacioncuidarycurar.org\/webfcyc\/wp-json\/wp\/v2\/media?parent=2868"}],"wp:term":[{"taxonomy":"category","embeddable":true,"href":"https:\/\/www.fundacioncuidarycurar.org\/webfcyc\/wp-json\/wp\/v2\/categories?post=2868"},{"taxonomy":"post_tag","embeddable":true,"href":"https:\/\/www.fundacioncuidarycurar.org\/webfcyc\/wp-json\/wp\/v2\/tags?post=2868"}],"curies":[{"name":"wp","href":"https:\/\/api.w.org\/{rel}","templated":true}]}}