{"id":2850,"date":"2022-07-28T10:43:20","date_gmt":"2022-07-28T10:43:20","guid":{"rendered":"http:\/\/www.fundacioncuidarycurar.org\/webfcyc\/?p=2850"},"modified":"2022-07-28T11:01:47","modified_gmt":"2022-07-28T11:01:47","slug":"soledad-no-deseada-un-proyecto-de-intervencion-directa-dirigido-a-nuestros-mayores-mediante-el-acompanamiento-apoyo-y-escucha-activa","status":"publish","type":"post","link":"https:\/\/www.fundacioncuidarycurar.org\/webfcyc\/2022\/07\/28\/soledad-no-deseada-un-proyecto-de-intervencion-directa-dirigido-a-nuestros-mayores-mediante-el-acompanamiento-apoyo-y-escucha-activa\/","title":{"rendered":"SOLEDAD NO DESEADA: UN PROYECTO DE INTERVENCI\u00d3N DIRECTA DIRIGIDO A NUESTROS MAYORES MEDIANTE EL ACOMPA\u00d1AMIENTO, APOYO Y ESCUCHA ACTIVA"},"content":{"rendered":"<div id=\"pl-gb2850-69f1e18e49a43\"  class=\"panel-layout\" ><div id=\"pg-gb2850-69f1e18e49a43-0\"  class=\"panel-grid panel-has-style\" ><div style=\"padding: 0px 0; \" data-overlay=\"true\" data-overlay-color=\"#000000\" class=\"panel-row-style panel-row-style-for-gb2850-69f1e18e49a43-0\" ><div id=\"pgc-gb2850-69f1e18e49a43-0-0\"  class=\"panel-grid-cell\" ><div id=\"panel-gb2850-69f1e18e49a43-0-0-0\" class=\"so-panel widget widget_text panel-first-child panel-last-child\" data-index=\"0\" ><div style=\"text-align: left;\" data-title-color=\"#443f3f\" data-headings-color=\"#443f3f\" class=\"panel-widget-style panel-widget-style-for-gb2850-69f1e18e49a43-0-0-0\" >\t\t\t<div class=\"textwidget\"><p style=\"text-align: justify;\">Dada la prevalencia actual de personas mayores que viven solas en sus domicilios debido al envejecimiento de la poblaci\u00f3n y de las graves consecuencias sociales desencadenadas por la pandemia que a\u00fan estamos viviendo, el aislamiento social y el sentimiento de soledad que este implica es una realidad que debe ser abordada.<\/p>\n<p style=\"text-align: justify;\">Desde la Fundaci\u00f3n Cuidar y Curar, estamos implementando el proyecto SOLEDAD NO DESDEADA, enfocado para personas mayores de 55 a\u00f1os que viven solas en su domicilio y que precisan atenci\u00f3n y apoyo psicol\u00f3gico, ya sea por alteraciones ps\u00edquicas, f\u00edsicas o por la presencia de enfermedades cr\u00f3nicas y\/o neurodegenerativas, en riesgo de deterioro funcional o de su estado de salud.<\/p>\n<p style=\"text-align: justify;\">Este proyecto de intervenci\u00f3n se est\u00e1 llevando a cabo en las provincias de Ja\u00e9n en el municipio de Castellar, C\u00e1diz en el municipio de Benalup y Sevilla en el municipio de El Coronil, beneficiando a un total de 40 usuarios. La intervenci\u00f3n a estos mayores la est\u00e1n realizando psic\u00f3logas coordinadas en todo momento por servicios sociales y centros de atenci\u00f3n primaria por medio de visitas domiciliarias presenciales semanalmente, videollamadas y llamadas telef\u00f3nicas individualizadas y centradas en la esfera global de la persona.<\/p>\n<p style=\"text-align: justify;\">De esta manera, se est\u00e1 trabajando con todas ellas el sentimiento de soledad, acompa\u00f1amiento tanto dentro como fuera del hogar, mejora de la autoestima, autonom\u00eda y calidad de vida.<\/p>\n<p>Asimismo, durante las visitas domiciliarias a estas personas se est\u00e1n desarrollando terapias de estimulaci\u00f3n cognitiva, reminiscencias y entrenamiento en habilidades sociales con el objetivo de mantenerlas mentalmente activas, brindando una atenci\u00f3n integral y centrada en la persona y obteniendo unos resultados magn\u00edficos tal y como describen los beneficiarios del proyecto.<\/p>\n<\/div>\n\t\t<\/div><\/div><\/div><\/div><\/div><div id=\"pg-gb2850-69f1e18e49a43-1\"  class=\"panel-grid panel-has-style\" ><div style=\"padding: 0px 0; \" data-overlay=\"true\" data-overlay-color=\"#000000\" class=\"panel-row-style panel-row-style-for-gb2850-69f1e18e49a43-1\" ><div id=\"pgc-gb2850-69f1e18e49a43-1-0\"  class=\"panel-grid-cell\" ><div id=\"panel-gb2850-69f1e18e49a43-1-0-0\" class=\"so-panel widget widget_media_image panel-first-child panel-last-child\" data-index=\"1\" ><div style=\"text-align: left;\" data-title-color=\"#443f3f\" data-headings-color=\"#443f3f\" class=\"panel-widget-style panel-widget-style-for-gb2850-69f1e18e49a43-1-0-0\" ><img loading=\"lazy\" decoding=\"async\" width=\"1920\" height=\"385\" src=\"https:\/\/www.fundacioncuidarycurar.org\/webfcyc\/wp-content\/uploads\/2022\/07\/Logo07IRPF_2021-1920x385-1.png\" class=\"image wp-image-2843  attachment-full size-full\" alt=\"\" style=\"max-width: 100%; height: auto;\" srcset=\"https:\/\/www.fundacioncuidarycurar.org\/webfcyc\/wp-content\/uploads\/2022\/07\/Logo07IRPF_2021-1920x385-1.png 1920w, https:\/\/www.fundacioncuidarycurar.org\/webfcyc\/wp-content\/uploads\/2022\/07\/Logo07IRPF_2021-1920x385-1-300x60.png 300w, https:\/\/www.fundacioncuidarycurar.org\/webfcyc\/wp-content\/uploads\/2022\/07\/Logo07IRPF_2021-1920x385-1-1024x205.png 1024w, https:\/\/www.fundacioncuidarycurar.org\/webfcyc\/wp-content\/uploads\/2022\/07\/Logo07IRPF_2021-1920x385-1-768x154.png 768w, https:\/\/www.fundacioncuidarycurar.org\/webfcyc\/wp-content\/uploads\/2022\/07\/Logo07IRPF_2021-1920x385-1-1536x308.png 1536w, https:\/\/www.fundacioncuidarycurar.org\/webfcyc\/wp-content\/uploads\/2022\/07\/Logo07IRPF_2021-1920x385-1-920x184.png 920w, https:\/\/www.fundacioncuidarycurar.org\/webfcyc\/wp-content\/uploads\/2022\/07\/Logo07IRPF_2021-1920x385-1-230x46.png 230w, https:\/\/www.fundacioncuidarycurar.org\/webfcyc\/wp-content\/uploads\/2022\/07\/Logo07IRPF_2021-1920x385-1-350x70.png 350w, https:\/\/www.fundacioncuidarycurar.org\/webfcyc\/wp-content\/uploads\/2022\/07\/Logo07IRPF_2021-1920x385-1-480x96.png 480w\" sizes=\"auto, (max-width: 1920px) 100vw, 1920px\" \/><\/div><\/div><\/div><\/div><\/div><div id=\"pg-gb2850-69f1e18e49a43-2\"  class=\"panel-grid panel-has-style\" ><div style=\"padding: 0px 0; \" data-overlay=\"true\" data-overlay-color=\"#000000\" class=\"panel-row-style panel-row-style-for-gb2850-69f1e18e49a43-2\" ><div id=\"pgc-gb2850-69f1e18e49a43-2-0\"  class=\"panel-grid-cell\" ><div id=\"panel-gb2850-69f1e18e49a43-2-0-0\" class=\"so-panel widget widget_text panel-first-child panel-last-child\" data-index=\"2\" ><div style=\"text-align: left;\" data-title-color=\"#443f3f\" data-headings-color=\"#443f3f\" class=\"panel-widget-style panel-widget-style-for-gb2850-69f1e18e49a43-2-0-0\" >\t\t\t<div class=\"textwidget\"><p><em style=\"font-size: 16px; text-align: justify;\">Este programa se ha desarrollado gracias al apoyo de la Consejer\u00eda de Igualdad, Pol\u00edticas y Sociales y Conciliaci\u00f3n de la Junta de Andaluc\u00eda, de la que ha recibido la cantidad de 27.919,87\u20ac de la subvenci\u00f3n con cargo a la asignaci\u00f3n Tributaria del 0,7% del impuesto sobre la Renta de personas F\u00edsicas (IRPF) de 2021.<\/em><\/p>\n<\/div>\n\t\t<\/div><\/div><\/div><\/div><\/div><\/div>","protected":false},"excerpt":{"rendered":"<p>Dada la prevalencia actual de personas mayores que viven solas en sus domicilios debido al envejecimiento de la poblaci\u00f3n y de las [&hellip;]<\/p>\n","protected":false},"author":1,"featured_media":2848,"comment_status":"open","ping_status":"open","sticky":false,"template":"","format":"standard","meta":{"footnotes":""},"categories":[1],"tags":[],"class_list":["post-2850","post","type-post","status-publish","format-standard","has-post-thumbnail","hentry","category-sin-categoria"],"_links":{"self":[{"href":"https:\/\/www.fundacioncuidarycurar.org\/webfcyc\/wp-json\/wp\/v2\/posts\/2850","targetHints":{"allow":["GET"]}}],"collection":[{"href":"https:\/\/www.fundacioncuidarycurar.org\/webfcyc\/wp-json\/wp\/v2\/posts"}],"about":[{"href":"https:\/\/www.fundacioncuidarycurar.org\/webfcyc\/wp-json\/wp\/v2\/types\/post"}],"author":[{"embeddable":true,"href":"https:\/\/www.fundacioncuidarycurar.org\/webfcyc\/wp-json\/wp\/v2\/users\/1"}],"replies":[{"embeddable":true,"href":"https:\/\/www.fundacioncuidarycurar.org\/webfcyc\/wp-json\/wp\/v2\/comments?post=2850"}],"version-history":[{"count":2,"href":"https:\/\/www.fundacioncuidarycurar.org\/webfcyc\/wp-json\/wp\/v2\/posts\/2850\/revisions"}],"predecessor-version":[{"id":2852,"href":"https:\/\/www.fundacioncuidarycurar.org\/webfcyc\/wp-json\/wp\/v2\/posts\/2850\/revisions\/2852"}],"wp:featuredmedia":[{"embeddable":true,"href":"https:\/\/www.fundacioncuidarycurar.org\/webfcyc\/wp-json\/wp\/v2\/media\/2848"}],"wp:attachment":[{"href":"https:\/\/www.fundacioncuidarycurar.org\/webfcyc\/wp-json\/wp\/v2\/media?parent=2850"}],"wp:term":[{"taxonomy":"category","embeddable":true,"href":"https:\/\/www.fundacioncuidarycurar.org\/webfcyc\/wp-json\/wp\/v2\/categories?post=2850"},{"taxonomy":"post_tag","embeddable":true,"href":"https:\/\/www.fundacioncuidarycurar.org\/webfcyc\/wp-json\/wp\/v2\/tags?post=2850"}],"curies":[{"name":"wp","href":"https:\/\/api.w.org\/{rel}","templated":true}]}}