{"id":2793,"date":"2022-06-24T09:43:13","date_gmt":"2022-06-24T09:43:13","guid":{"rendered":"http:\/\/www.fundacioncuidarycurar.org\/webfcyc\/?p=2793"},"modified":"2022-07-07T11:16:01","modified_gmt":"2022-07-07T11:16:01","slug":"el-cuidado-de-nuestros-mayores-sigue-siendo-la-principal-prioridad-del-proyecto-la-caixa","status":"publish","type":"post","link":"https:\/\/www.fundacioncuidarycurar.org\/webfcyc\/2022\/06\/24\/el-cuidado-de-nuestros-mayores-sigue-siendo-la-principal-prioridad-del-proyecto-la-caixa\/","title":{"rendered":"EL CUIDADO DE NUESTROS MAYORES SIGUE SIENDO LA PRINCIPAL PRIORIDAD DEL PROYECTO \u201cLA CAIXA\u201d."},"content":{"rendered":"\n<div class=\"wp-block-image\"><figure class=\"aligncenter size-full is-resized\"><img loading=\"lazy\" decoding=\"async\" src=\"https:\/\/www.fundacioncuidarycurar.org\/webfcyc\/wp-content\/uploads\/2022\/06\/La-caixa-fundacion.png\" alt=\"\" class=\"wp-image-2807\" width=\"387\" height=\"136\" srcset=\"https:\/\/www.fundacioncuidarycurar.org\/webfcyc\/wp-content\/uploads\/2022\/06\/La-caixa-fundacion.png 473w, https:\/\/www.fundacioncuidarycurar.org\/webfcyc\/wp-content\/uploads\/2022\/06\/La-caixa-fundacion-300x106.png 300w, https:\/\/www.fundacioncuidarycurar.org\/webfcyc\/wp-content\/uploads\/2022\/06\/La-caixa-fundacion-230x81.png 230w, https:\/\/www.fundacioncuidarycurar.org\/webfcyc\/wp-content\/uploads\/2022\/06\/La-caixa-fundacion-350x124.png 350w\" sizes=\"auto, (max-width: 387px) 100vw, 387px\" \/><\/figure><\/div>\n\n\n\n<p><div style=\"text-align: justify;\"><font color=\"black\">El programa de la Caixa, de apoyo en el hogar a personas mayores en su propio domicilio, sigue en funcionamiento. Todas estas personas y sus respectivas familias, est\u00e1n siendo atendidas por un equipo multidisciplinar de la Fundaci\u00f3n Cuidar y Curar.<\/p>\n\n\n\n<p><div style=\"text-align: justify;\"><font color=\"black\">Este innovador servicio ofrece un modelo de cuidados no presencial en el propio domicilio de la persona, sin que esta tenga que desplazarse y cumpliendo uno de los principales deseos de nuestros mayores, no depender de familiares.<\/p>\n\n\n\n<p><div style=\"text-align: justify;\"><font color=\"black\">Tras 3 meses de proyecto, podemos sacar las primeras conclusiones y es que nuestros mayores se sienten m\u00e1s seguros y atendidos. Lo que principalmente se est\u00e1 instalando en los domicilios son sensores de movimiento, los cuales nos permiten la monitorizaci\u00f3n de la actividad de estas personas mayores en su domicilio. Adem\u00e1s, son capaces de detectar cambios en su rutina y prevenir situaciones de riesgo mediante detecci\u00f3n temprana.&nbsp; Junto con esto, se est\u00e1n instalando dispositivos de teleasistencia en funci\u00f3n del perfil de la persona, ya que es una atenci\u00f3n totalmente individualizada.&nbsp;<\/p>\n\n\n\n<p><div style=\"text-align: justify;\"><font color=\"black\">Este servicio incluye visitas domiciliarias, valoraciones, llamadas telef\u00f3nicas y videollamadas, junto con la coordinaci\u00f3n de servicios sociales y asistencia m\u00e9dica. &nbsp;En muchas de las llamadas, son los propios usuarios los que nos verbalizan que est\u00e1n muchos m\u00e1s seguros y son conscientes de los problemas que pueden surgir en casa. De esta forma, empoderamos a las personas mayores, mejoramos su autonom\u00eda y evitando as\u00ed, la institucionalizaci\u00f3n en centros sociosanitarios.<\/p>\n\n\n\n<p><\/p>\n\n\n\n<div class=\"wp-block-columns is-layout-flex wp-container-core-columns-is-layout-28f84493 wp-block-columns-is-layout-flex\">\n<div class=\"wp-block-column is-layout-flow wp-block-column-is-layout-flow\" style=\"flex-basis:33.33%\">\n<figure class=\"wp-block-image size-full is-resized\"><img loading=\"lazy\" decoding=\"async\" src=\"https:\/\/www.fundacioncuidarycurar.org\/webfcyc\/wp-content\/uploads\/2022\/06\/Sensor-dusun-1.png\" alt=\"\" class=\"wp-image-2809\" width=\"306\" height=\"176\" srcset=\"https:\/\/www.fundacioncuidarycurar.org\/webfcyc\/wp-content\/uploads\/2022\/06\/Sensor-dusun-1.png 328w, https:\/\/www.fundacioncuidarycurar.org\/webfcyc\/wp-content\/uploads\/2022\/06\/Sensor-dusun-1-300x173.png 300w, https:\/\/www.fundacioncuidarycurar.org\/webfcyc\/wp-content\/uploads\/2022\/06\/Sensor-dusun-1-230x133.png 230w\" sizes=\"auto, (max-width: 306px) 100vw, 306px\" \/><\/figure>\n<\/div>\n\n\n\n<div class=\"wp-block-column is-layout-flow wp-block-column-is-layout-flow\" style=\"flex-basis:66.66%\">\n<p>    <strong>Monitorizaci\u00f3n de la actividad en el domicilio.<\/strong><\/p>\n\n\n\n<ul class=\"wp-block-list\"><li>Monitorizaci\u00f3n de presencia y uso de estancia u objetos.<\/li><li>Detecci\u00f3n y prevenci\u00f3n de situaciones de riesgo.<\/li><li>Aplicaci\u00f3n m\u00f3vil para familiares.<\/li><li>Bater\u00eda de larga duraci\u00f3n.<\/li><\/ul>\n<\/div>\n<\/div>\n\n\n\n<div class=\"wp-block-columns is-layout-flex wp-container-core-columns-is-layout-28f84493 wp-block-columns-is-layout-flex\">\n<div class=\"wp-block-column is-layout-flow wp-block-column-is-layout-flow\" style=\"flex-basis:66.66%\">\n<p><strong>    Diferentes dispositivos seg\u00fan tus necesidades<\/strong>.<\/p>\n\n\n\n<ul class=\"wp-block-list\"><li>Monitorizaci\u00f3n de la salud y la actividad tanto dentro como fuera del domicilio.<\/li><li>Detecci\u00f3n temprana de situaciones de riesgo.<\/li><\/ul>\n<\/div>\n\n\n\n<div class=\"wp-block-column is-layout-flow wp-block-column-is-layout-flow\" style=\"flex-basis:33.33%\">\n<figure class=\"wp-block-image size-full\"><img loading=\"lazy\" decoding=\"async\" width=\"343\" height=\"176\" src=\"https:\/\/www.fundacioncuidarycurar.org\/webfcyc\/wp-content\/uploads\/2022\/06\/relojes.png\" alt=\"\" class=\"wp-image-2810\" srcset=\"https:\/\/www.fundacioncuidarycurar.org\/webfcyc\/wp-content\/uploads\/2022\/06\/relojes.png 343w, https:\/\/www.fundacioncuidarycurar.org\/webfcyc\/wp-content\/uploads\/2022\/06\/relojes-300x154.png 300w, https:\/\/www.fundacioncuidarycurar.org\/webfcyc\/wp-content\/uploads\/2022\/06\/relojes-230x118.png 230w\" sizes=\"auto, (max-width: 343px) 100vw, 343px\" \/><\/figure>\n<\/div>\n<\/div>\n\n\n\n<div class=\"wp-block-columns is-layout-flex wp-container-core-columns-is-layout-28f84493 wp-block-columns-is-layout-flex\">\n<div class=\"wp-block-column is-layout-flow wp-block-column-is-layout-flow\" style=\"flex-basis:33.33%\">\n<figure class=\"wp-block-image size-full\"><img loading=\"lazy\" decoding=\"async\" width=\"309\" height=\"172\" src=\"https:\/\/www.fundacioncuidarycurar.org\/webfcyc\/wp-content\/uploads\/2022\/06\/Pulsadores.png\" alt=\"\" class=\"wp-image-2811\" srcset=\"https:\/\/www.fundacioncuidarycurar.org\/webfcyc\/wp-content\/uploads\/2022\/06\/Pulsadores.png 309w, https:\/\/www.fundacioncuidarycurar.org\/webfcyc\/wp-content\/uploads\/2022\/06\/Pulsadores-300x167.png 300w, https:\/\/www.fundacioncuidarycurar.org\/webfcyc\/wp-content\/uploads\/2022\/06\/Pulsadores-230x128.png 230w\" sizes=\"auto, (max-width: 309px) 100vw, 309px\" \/><\/figure>\n<\/div>\n\n\n\n<div class=\"wp-block-column is-layout-flow wp-block-column-is-layout-flow\" style=\"flex-basis:66.66%\">\n<p>    <strong>Dispositivos teleasistencia avanzada.<\/strong><\/p>\n\n\n\n<ul class=\"wp-block-list\"><li>Bot\u00f3n SOS<\/li><li>Emisi\u00f3n y recepci\u00f3n de llamadas<\/li><li>Detecci\u00f3n de ca\u00eddas<\/li><li>Geolocalizaci\u00f3n y zonas de seguridad<\/li><li>Aplicaci\u00f3n m\u00f3vil para familiares<\/li><\/ul>\n<\/div>\n<\/div>\n","protected":false},"excerpt":{"rendered":"<p>El programa de la Caixa, de apoyo en el hogar a personas mayores en su propio domicilio, sigue en funcionamiento. Todas estas [&hellip;]<\/p>\n","protected":false},"author":1,"featured_media":0,"comment_status":"closed","ping_status":"closed","sticky":false,"template":"post-templates\/post_nosidebar.php","format":"standard","meta":{"footnotes":""},"categories":[1],"tags":[],"class_list":["post-2793","post","type-post","status-publish","format-standard","hentry","category-sin-categoria"],"_links":{"self":[{"href":"https:\/\/www.fundacioncuidarycurar.org\/webfcyc\/wp-json\/wp\/v2\/posts\/2793","targetHints":{"allow":["GET"]}}],"collection":[{"href":"https:\/\/www.fundacioncuidarycurar.org\/webfcyc\/wp-json\/wp\/v2\/posts"}],"about":[{"href":"https:\/\/www.fundacioncuidarycurar.org\/webfcyc\/wp-json\/wp\/v2\/types\/post"}],"author":[{"embeddable":true,"href":"https:\/\/www.fundacioncuidarycurar.org\/webfcyc\/wp-json\/wp\/v2\/users\/1"}],"replies":[{"embeddable":true,"href":"https:\/\/www.fundacioncuidarycurar.org\/webfcyc\/wp-json\/wp\/v2\/comments?post=2793"}],"version-history":[{"count":12,"href":"https:\/\/www.fundacioncuidarycurar.org\/webfcyc\/wp-json\/wp\/v2\/posts\/2793\/revisions"}],"predecessor-version":[{"id":2836,"href":"https:\/\/www.fundacioncuidarycurar.org\/webfcyc\/wp-json\/wp\/v2\/posts\/2793\/revisions\/2836"}],"wp:attachment":[{"href":"https:\/\/www.fundacioncuidarycurar.org\/webfcyc\/wp-json\/wp\/v2\/media?parent=2793"}],"wp:term":[{"taxonomy":"category","embeddable":true,"href":"https:\/\/www.fundacioncuidarycurar.org\/webfcyc\/wp-json\/wp\/v2\/categories?post=2793"},{"taxonomy":"post_tag","embeddable":true,"href":"https:\/\/www.fundacioncuidarycurar.org\/webfcyc\/wp-json\/wp\/v2\/tags?post=2793"}],"curies":[{"name":"wp","href":"https:\/\/api.w.org\/{rel}","templated":true}]}}