{"id":2737,"date":"2022-02-03T12:18:42","date_gmt":"2022-02-03T12:18:42","guid":{"rendered":"http:\/\/www.fundacioncuidarycurar.org\/webfcyc\/?p=2737"},"modified":"2022-02-04T08:24:25","modified_gmt":"2022-02-04T08:24:25","slug":"resultados-cuida-t-2021","status":"publish","type":"post","link":"https:\/\/www.fundacioncuidarycurar.org\/webfcyc\/2022\/02\/03\/resultados-cuida-t-2021\/","title":{"rendered":"Resultados Cuida-T 2021"},"content":{"rendered":"\n<div class=\"wp-block-columns is-layout-flex wp-container-core-columns-is-layout-28f84493 wp-block-columns-is-layout-flex\">\n<div class=\"wp-block-column is-layout-flow wp-block-column-is-layout-flow\"><\/div>\n<\/div>\n\n\n\n<div class=\"wp-block-image\"><figure class=\"aligncenter size-full is-resized\"><img loading=\"lazy\" decoding=\"async\" src=\"https:\/\/www.fundacioncuidarycurar.org\/webfcyc\/wp-content\/uploads\/2022\/02\/2bacff54-7d30-420f-8455-27b7961b4059-3.jpg\" alt=\"\" class=\"wp-image-2747\" width=\"684\" height=\"513\" srcset=\"https:\/\/www.fundacioncuidarycurar.org\/webfcyc\/wp-content\/uploads\/2022\/02\/2bacff54-7d30-420f-8455-27b7961b4059-3.jpg 1024w, https:\/\/www.fundacioncuidarycurar.org\/webfcyc\/wp-content\/uploads\/2022\/02\/2bacff54-7d30-420f-8455-27b7961b4059-3-300x225.jpg 300w, https:\/\/www.fundacioncuidarycurar.org\/webfcyc\/wp-content\/uploads\/2022\/02\/2bacff54-7d30-420f-8455-27b7961b4059-3-768x576.jpg 768w, https:\/\/www.fundacioncuidarycurar.org\/webfcyc\/wp-content\/uploads\/2022\/02\/2bacff54-7d30-420f-8455-27b7961b4059-3-920x690.jpg 920w, https:\/\/www.fundacioncuidarycurar.org\/webfcyc\/wp-content\/uploads\/2022\/02\/2bacff54-7d30-420f-8455-27b7961b4059-3-230x173.jpg 230w, https:\/\/www.fundacioncuidarycurar.org\/webfcyc\/wp-content\/uploads\/2022\/02\/2bacff54-7d30-420f-8455-27b7961b4059-3-350x263.jpg 350w, https:\/\/www.fundacioncuidarycurar.org\/webfcyc\/wp-content\/uploads\/2022\/02\/2bacff54-7d30-420f-8455-27b7961b4059-3-480x360.jpg 480w\" sizes=\"auto, (max-width: 684px) 100vw, 684px\" \/><\/figure><\/div>\n\n\n\n<p><div style=\"text-align: justify;\"><font color=\"black\">Como ya hemos comunicado, en otras ocasiones, el proyecto cuida-t 2021 ha finalizado y con ello ha conllevado un an\u00e1lisis de resultados. La muestra total era de 137 personas, pero el n\u00famero de usuarios con los que hemos trabajado, a lo largo de todo el proyecto, ha sido de 102 personas, repartidos entre los municipios de Dos Hermanas (Sevilla), And\u00fajar y Marmolejo (Ja\u00e9n). Son diferentes los motivo, por lo cuales no se ha alcanzado esa cifra, como en un principio estaba propuesto. Tales son: bajas voluntarias, falta de colaboraci\u00f3n, no cumplir con los criterios de inclusi\u00f3n y fallecimiento.<\/p>\n\n\n\n<p><div style=\"text-align: justify;\">Con todos ellos se ha llevado a cabo un innovador sistema de cuidados de atenci\u00f3n remota, monitorizando la salud y la actividad de estas personas, mediante sensores no intrusivos. Este sistema ha estado apoyado por llamadas\/videollamadas y visitas domiciliarias. El servicio ha estado atendido las 24h\/d\u00eda por un equipo multidisciplinar de la Fundaci\u00f3n Cuidar y Curar; formado por Psicolog\u00eda, Enfermer\u00eda y Trabajo Social. Esto ha supuesto tambi\u00e9n &nbsp;un sistema de apoyo al cuidador principal y al resto de familiares.<\/p>\n\n\n\n<p><div style=\"text-align: justify;\">Tanto al inicio del proyecto, a los 6 meses y al finalizar, se realizaci\u00f3n diferentes escalas de valoraci\u00f3n, en la que se midieron principalmente; actividades de la vida diaria (Barthel), actividades instrumentales (Lawton-Brody), deterioro cognitivo (Fototest), calidad de vida (Euroqol) y depresi\u00f3n (Yesavage). Para el an\u00e1lisis de resultados, hemos contado con la colaboraci\u00f3n de la Universidad de Ja\u00e9n, en la que pronto publicaremos un informe final de resultados.<\/p>\n\n\n\n<p><div style=\"text-align: justify;\">Algunos de los resultados que hemos obtenido, han sido que las personas han mejorado en su calidad de vida, ya que se sent\u00edan que estaban atendidos y cuidados por todo el equipo.&nbsp; Asimismo, en muchas personas disminuy\u00f3 el nivel de depresi\u00f3n, respecto al inicio del proyecto y la valoraci\u00f3n final, dec\u00edan sentirse acompa\u00f1ados, cada vez que le ocurr\u00eda algo.<\/p>\n\n\n\n<p><div style=\"text-align: justify;\">En las dem\u00e1s variables, hay que resaltar que se han ido manteniendo a lo largo de los meses y teniendo en cuenta el perfil de los participantes, es un gran \u00e9xito. Normalmente, las personas mayores tienden a ir empeorando su situaci\u00f3n, ya que repercuten muchos factores como son la edad y el paso del tiempo, originando p\u00e9rdida de habilidades funcionales o memoria y estos casos no ha sido as\u00ed.&nbsp; Estamos muy contentos todo el equipo de la Fundaci\u00f3n con los resultados obtenidos, ya que han servido para ayudar y mejorar la calidad de vida de todas estas personas.<\/p>\n","protected":false},"excerpt":{"rendered":"<p>Como ya hemos comunicado, en otras ocasiones, el proyecto cuida-t 2021 ha finalizado y con ello ha conllevado un an\u00e1lisis de resultados. [&hellip;]<\/p>\n","protected":false},"author":1,"featured_media":0,"comment_status":"closed","ping_status":"closed","sticky":false,"template":"post-templates\/post_nosidebar.php","format":"standard","meta":{"footnotes":""},"categories":[1],"tags":[],"class_list":["post-2737","post","type-post","status-publish","format-standard","hentry","category-sin-categoria"],"_links":{"self":[{"href":"https:\/\/www.fundacioncuidarycurar.org\/webfcyc\/wp-json\/wp\/v2\/posts\/2737","targetHints":{"allow":["GET"]}}],"collection":[{"href":"https:\/\/www.fundacioncuidarycurar.org\/webfcyc\/wp-json\/wp\/v2\/posts"}],"about":[{"href":"https:\/\/www.fundacioncuidarycurar.org\/webfcyc\/wp-json\/wp\/v2\/types\/post"}],"author":[{"embeddable":true,"href":"https:\/\/www.fundacioncuidarycurar.org\/webfcyc\/wp-json\/wp\/v2\/users\/1"}],"replies":[{"embeddable":true,"href":"https:\/\/www.fundacioncuidarycurar.org\/webfcyc\/wp-json\/wp\/v2\/comments?post=2737"}],"version-history":[{"count":6,"href":"https:\/\/www.fundacioncuidarycurar.org\/webfcyc\/wp-json\/wp\/v2\/posts\/2737\/revisions"}],"predecessor-version":[{"id":2759,"href":"https:\/\/www.fundacioncuidarycurar.org\/webfcyc\/wp-json\/wp\/v2\/posts\/2737\/revisions\/2759"}],"wp:attachment":[{"href":"https:\/\/www.fundacioncuidarycurar.org\/webfcyc\/wp-json\/wp\/v2\/media?parent=2737"}],"wp:term":[{"taxonomy":"category","embeddable":true,"href":"https:\/\/www.fundacioncuidarycurar.org\/webfcyc\/wp-json\/wp\/v2\/categories?post=2737"},{"taxonomy":"post_tag","embeddable":true,"href":"https:\/\/www.fundacioncuidarycurar.org\/webfcyc\/wp-json\/wp\/v2\/tags?post=2737"}],"curies":[{"name":"wp","href":"https:\/\/api.w.org\/{rel}","templated":true}]}}