{"id":2719,"date":"2022-01-14T11:18:00","date_gmt":"2022-01-14T11:18:00","guid":{"rendered":"http:\/\/www.fundacioncuidarycurar.org\/webfcyc\/?p=2719"},"modified":"2022-02-04T08:32:34","modified_gmt":"2022-02-04T08:32:34","slug":"se-pone-en-marcha-de-nuevo-el-proyecto-cuida-t-2022-desde-la-fundacion-cuidar-y-curar","status":"publish","type":"post","link":"https:\/\/www.fundacioncuidarycurar.org\/webfcyc\/2022\/01\/14\/se-pone-en-marcha-de-nuevo-el-proyecto-cuida-t-2022-desde-la-fundacion-cuidar-y-curar\/","title":{"rendered":"SE PONE EN MARCHA DE NUEVO EL PROYECTO CUIDA-T 2022 DESDE LA FUNDACI\u00d3N CUIDAR Y CURAR"},"content":{"rendered":"<div id=\"pl-gb2719-69f1e07ec2e48\"  class=\"panel-layout\" ><div id=\"pg-gb2719-69f1e07ec2e48-0\"  class=\"panel-grid panel-has-style\" ><div class=\"siteorigin-panels-stretch panel-row-style panel-row-style-for-gb2719-69f1e07ec2e48-0\" style=\"padding: 0px 0; \" data-stretch-type=\"full\" data-overlay=\"true\" data-overlay-color=\"#000000\" ><div id=\"pgc-gb2719-69f1e07ec2e48-0-0\"  class=\"panel-grid-cell\" ><div id=\"panel-gb2719-69f1e07ec2e48-0-0-0\" class=\"so-panel widget widget_media_image panel-first-child panel-last-child\" data-index=\"0\" ><div style=\"text-align: left;\" data-title-color=\"#443f3f\" data-headings-color=\"#443f3f\" class=\"panel-widget-style panel-widget-style-for-gb2719-69f1e07ec2e48-0-0-0\" ><img loading=\"lazy\" decoding=\"async\" width=\"984\" height=\"482\" src=\"https:\/\/www.fundacioncuidarycurar.org\/webfcyc\/wp-content\/uploads\/2022\/01\/Sin-titulo-1-1.png\" class=\"image wp-image-2729  attachment-full size-full\" alt=\"\" style=\"max-width: 100%; height: auto;\" srcset=\"https:\/\/www.fundacioncuidarycurar.org\/webfcyc\/wp-content\/uploads\/2022\/01\/Sin-titulo-1-1.png 984w, https:\/\/www.fundacioncuidarycurar.org\/webfcyc\/wp-content\/uploads\/2022\/01\/Sin-titulo-1-1-300x147.png 300w, https:\/\/www.fundacioncuidarycurar.org\/webfcyc\/wp-content\/uploads\/2022\/01\/Sin-titulo-1-1-768x376.png 768w, https:\/\/www.fundacioncuidarycurar.org\/webfcyc\/wp-content\/uploads\/2022\/01\/Sin-titulo-1-1-920x451.png 920w, https:\/\/www.fundacioncuidarycurar.org\/webfcyc\/wp-content\/uploads\/2022\/01\/Sin-titulo-1-1-230x113.png 230w, https:\/\/www.fundacioncuidarycurar.org\/webfcyc\/wp-content\/uploads\/2022\/01\/Sin-titulo-1-1-350x171.png 350w, https:\/\/www.fundacioncuidarycurar.org\/webfcyc\/wp-content\/uploads\/2022\/01\/Sin-titulo-1-1-480x235.png 480w\" sizes=\"auto, (max-width: 984px) 100vw, 984px\" \/><\/div><\/div><\/div><\/div><\/div><div id=\"pg-gb2719-69f1e07ec2e48-1\"  class=\"panel-grid panel-has-style\" ><div style=\"padding: 0px 0; \" data-overlay=\"true\" data-overlay-color=\"#000000\" class=\"panel-row-style panel-row-style-for-gb2719-69f1e07ec2e48-1\" ><div id=\"pgc-gb2719-69f1e07ec2e48-1-0\"  class=\"panel-grid-cell\" ><div id=\"panel-gb2719-69f1e07ec2e48-1-0-0\" class=\"so-panel widget widget_text panel-first-child panel-last-child\" data-index=\"1\" ><div style=\"text-align: left;\" data-title-color=\"#443f3f\" data-headings-color=\"#443f3f\" class=\"panel-widget-style panel-widget-style-for-gb2719-69f1e07ec2e48-1-0-0\" >\t\t\t<div class=\"textwidget\"><p>Empezamos el a\u00f1o con buenas noticias, se pone en marcha de nuevo el proyecto CUIDA-T en casa 2022. Trata de un programa de atenci\u00f3n remota principalmente, a trav\u00e9s de una soluci\u00f3n tecnol\u00f3gica, que permite la monitorizaci\u00f3n de la actividad de las personas mayores en su domicilio. Son capaces de detectar cambios en su rutina y prevenir situaciones de riesgo, mediante la detecci\u00f3n temprana del riesgo o deterioro funcional de la salud, gracias a unos sensores y dispositivos discretos y no intrusivos.<\/p>\n<\/div>\n\t\t<\/div><\/div><\/div><\/div><\/div><div id=\"pg-gb2719-69f1e07ec2e48-2\"  class=\"panel-grid panel-has-style\" ><div style=\"padding: 50px 0; \" data-overlay=\"true\" data-overlay-color=\"#000000\" class=\"panel-row-style panel-row-style-for-gb2719-69f1e07ec2e48-2\" ><div id=\"pgc-gb2719-69f1e07ec2e48-2-0\"  class=\"panel-grid-cell\" ><div id=\"panel-gb2719-69f1e07ec2e48-2-0-0\" class=\"so-panel widget widget_media_image panel-first-child panel-last-child\" data-index=\"2\" ><div style=\"text-align: left;\" data-title-color=\"#443f3f\" data-headings-color=\"#443f3f\" class=\"panel-widget-style panel-widget-style-for-gb2719-69f1e07ec2e48-2-0-0\" ><img loading=\"lazy\" decoding=\"async\" width=\"1024\" height=\"461\" src=\"https:\/\/www.fundacioncuidarycurar.org\/webfcyc\/wp-content\/uploads\/2022\/01\/IMG_20210707_094209-1024x461.jpg\" class=\"image wp-image-2723  attachment-large size-large\" alt=\"\" style=\"max-width: 100%; height: auto;\" srcset=\"https:\/\/www.fundacioncuidarycurar.org\/webfcyc\/wp-content\/uploads\/2022\/01\/IMG_20210707_094209-1024x461.jpg 1024w, https:\/\/www.fundacioncuidarycurar.org\/webfcyc\/wp-content\/uploads\/2022\/01\/IMG_20210707_094209-300x135.jpg 300w, https:\/\/www.fundacioncuidarycurar.org\/webfcyc\/wp-content\/uploads\/2022\/01\/IMG_20210707_094209-768x346.jpg 768w, https:\/\/www.fundacioncuidarycurar.org\/webfcyc\/wp-content\/uploads\/2022\/01\/IMG_20210707_094209-1536x691.jpg 1536w, https:\/\/www.fundacioncuidarycurar.org\/webfcyc\/wp-content\/uploads\/2022\/01\/IMG_20210707_094209-2048x922.jpg 2048w, https:\/\/www.fundacioncuidarycurar.org\/webfcyc\/wp-content\/uploads\/2022\/01\/IMG_20210707_094209-920x414.jpg 920w, https:\/\/www.fundacioncuidarycurar.org\/webfcyc\/wp-content\/uploads\/2022\/01\/IMG_20210707_094209-230x104.jpg 230w, https:\/\/www.fundacioncuidarycurar.org\/webfcyc\/wp-content\/uploads\/2022\/01\/IMG_20210707_094209-350x158.jpg 350w, https:\/\/www.fundacioncuidarycurar.org\/webfcyc\/wp-content\/uploads\/2022\/01\/IMG_20210707_094209-480x216.jpg 480w\" sizes=\"auto, (max-width: 1024px) 100vw, 1024px\" \/><\/div><\/div><\/div><\/div><\/div><div id=\"pg-gb2719-69f1e07ec2e48-3\"  class=\"panel-grid panel-has-style\" ><div style=\"padding: 0px 0; \" data-overlay=\"true\" data-overlay-color=\"#000000\" class=\"panel-row-style panel-row-style-for-gb2719-69f1e07ec2e48-3\" ><div id=\"pgc-gb2719-69f1e07ec2e48-3-0\"  class=\"panel-grid-cell\" ><div id=\"panel-gb2719-69f1e07ec2e48-3-0-0\" class=\"so-panel widget widget_text panel-first-child panel-last-child\" data-index=\"3\" ><div style=\"text-align: left;\" data-title-color=\"#443f3f\" data-headings-color=\"#443f3f\" class=\"panel-widget-style panel-widget-style-for-gb2719-69f1e07ec2e48-3-0-0\" >\t\t\t<div class=\"textwidget\"><p>El objetivo de este programa es llegar a atender a un total de 74 personas. Se desarrollar\u00e1 en nuevos municipios, que son en Olvera provincia de C\u00e1diz, en Marmolejo (Ja\u00e9n), en Ronda (M\u00e1laga) y en Dos hermanas (Sevilla), con un servicio de atenci\u00f3n de 24 horas al d\u00eda. La prestaci\u00f3n de este innovador servicio se realizar\u00e1 desde la red de centros sociosanitarios de la Fundaci\u00f3n Cuidar y Curar.<\/p>\n<\/div>\n\t\t<\/div><\/div><\/div><\/div><\/div><div id=\"pg-gb2719-69f1e07ec2e48-4\"  class=\"panel-grid panel-has-style\" ><div style=\"padding: 0px 0; \" data-overlay=\"true\" data-overlay-color=\"#000000\" class=\"panel-row-style panel-row-style-for-gb2719-69f1e07ec2e48-4\" ><div id=\"pgc-gb2719-69f1e07ec2e48-4-0\"  class=\"panel-grid-cell\" ><div id=\"panel-gb2719-69f1e07ec2e48-4-0-0\" class=\"so-panel widget widget_text panel-first-child panel-last-child\" data-index=\"4\" ><div style=\"text-align: left;\" data-title-color=\"#443f3f\" data-headings-color=\"#443f3f\" class=\"panel-widget-style panel-widget-style-for-gb2719-69f1e07ec2e48-4-0-0\" >\t\t\t<div class=\"textwidget\"><p>Otro de los principales objetivos de este programa, es aumentar la calidad de vida de los participantes, adecuando el entorno domiciliario, en funci\u00f3n de sus necesidades\u00a0 o patolog\u00edas que padezcan, evitando y\/o retrasando su ingreso en centros sociosanitarios o la necesidad de convivir con otros familiares.<\/p>\n<\/div>\n\t\t<\/div><\/div><\/div><\/div><\/div><div id=\"pg-gb2719-69f1e07ec2e48-5\"  class=\"panel-grid panel-has-style\" ><div style=\"padding: 0px 0; \" data-overlay=\"true\" data-overlay-color=\"#000000\" class=\"panel-row-style panel-row-style-for-gb2719-69f1e07ec2e48-5\" ><div id=\"pgc-gb2719-69f1e07ec2e48-5-0\"  class=\"panel-grid-cell\" ><div id=\"panel-gb2719-69f1e07ec2e48-5-0-0\" class=\"so-panel widget widget_text panel-first-child panel-last-child\" data-index=\"5\" ><div style=\"text-align: left;\" data-title-color=\"#443f3f\" data-headings-color=\"#443f3f\" class=\"panel-widget-style panel-widget-style-for-gb2719-69f1e07ec2e48-5-0-0\" >\t\t\t<div class=\"textwidget\"><p>EL programa Cuida-T 2022 cuenta con el apoyo de la Consejer\u00eda de Igualdad, Pol\u00edticas y Sociales y Conciliaci\u00f3n de la Junta de Andaluc\u00eda y ha recibido la subvenci\u00f3n con cargo a la asignaci\u00f3n Tributaria del 0\u20197% del impuesto sobre la Renta de personas F\u00edsicas (IRPF), con un presupuesto final de 110.906,66 \u20ac<\/p>\n<\/div>\n\t\t<\/div><\/div><\/div><\/div><\/div><\/div>","protected":false},"excerpt":{"rendered":"<p>Empezamos el a\u00f1o con buenas noticias, se pone en marcha de nuevo el proyecto CUIDA-T en casa 2022. Trata de un programa [&hellip;]<\/p>\n","protected":false},"author":3,"featured_media":0,"comment_status":"closed","ping_status":"closed","sticky":false,"template":"post-templates\/post_nosidebar.php","format":"standard","meta":{"footnotes":""},"categories":[1],"tags":[],"class_list":["post-2719","post","type-post","status-publish","format-standard","hentry","category-sin-categoria"],"_links":{"self":[{"href":"https:\/\/www.fundacioncuidarycurar.org\/webfcyc\/wp-json\/wp\/v2\/posts\/2719","targetHints":{"allow":["GET"]}}],"collection":[{"href":"https:\/\/www.fundacioncuidarycurar.org\/webfcyc\/wp-json\/wp\/v2\/posts"}],"about":[{"href":"https:\/\/www.fundacioncuidarycurar.org\/webfcyc\/wp-json\/wp\/v2\/types\/post"}],"author":[{"embeddable":true,"href":"https:\/\/www.fundacioncuidarycurar.org\/webfcyc\/wp-json\/wp\/v2\/users\/3"}],"replies":[{"embeddable":true,"href":"https:\/\/www.fundacioncuidarycurar.org\/webfcyc\/wp-json\/wp\/v2\/comments?post=2719"}],"version-history":[{"count":5,"href":"https:\/\/www.fundacioncuidarycurar.org\/webfcyc\/wp-json\/wp\/v2\/posts\/2719\/revisions"}],"predecessor-version":[{"id":2766,"href":"https:\/\/www.fundacioncuidarycurar.org\/webfcyc\/wp-json\/wp\/v2\/posts\/2719\/revisions\/2766"}],"wp:attachment":[{"href":"https:\/\/www.fundacioncuidarycurar.org\/webfcyc\/wp-json\/wp\/v2\/media?parent=2719"}],"wp:term":[{"taxonomy":"category","embeddable":true,"href":"https:\/\/www.fundacioncuidarycurar.org\/webfcyc\/wp-json\/wp\/v2\/categories?post=2719"},{"taxonomy":"post_tag","embeddable":true,"href":"https:\/\/www.fundacioncuidarycurar.org\/webfcyc\/wp-json\/wp\/v2\/tags?post=2719"}],"curies":[{"name":"wp","href":"https:\/\/api.w.org\/{rel}","templated":true}]}}