{"id":2703,"date":"2021-12-31T12:19:00","date_gmt":"2021-12-31T12:19:00","guid":{"rendered":"http:\/\/www.fundacioncuidarycurar.org\/webfcyc\/?p=2703"},"modified":"2022-02-04T08:29:44","modified_gmt":"2022-02-04T08:29:44","slug":"el-programa-cuida-t-en-casa-2021-finaliza","status":"publish","type":"post","link":"https:\/\/www.fundacioncuidarycurar.org\/webfcyc\/2021\/12\/31\/el-programa-cuida-t-en-casa-2021-finaliza\/","title":{"rendered":"El programa Cuida-T en casa 2021 finaliza"},"content":{"rendered":"<div id=\"pl-gb2703-69f1e07fb1926\"  class=\"panel-layout\" ><div id=\"pg-gb2703-69f1e07fb1926-0\"  class=\"panel-grid panel-has-style\" ><div style=\"padding: 100px 0; \" data-overlay=\"true\" data-overlay-color=\"#000000\" class=\"panel-row-style panel-row-style-for-gb2703-69f1e07fb1926-0\" ><div id=\"pgc-gb2703-69f1e07fb1926-0-0\"  class=\"panel-grid-cell\" ><div id=\"panel-gb2703-69f1e07fb1926-0-0-0\" class=\"so-panel widget widget_text panel-first-child panel-last-child\" data-index=\"0\" ><div style=\"text-align: left;\" data-title-color=\"#443f3f\" data-headings-color=\"#443f3f\" class=\"panel-widget-style panel-widget-style-for-gb2703-69f1e07fb1926-0-0-0\" >\t\t\t<div class=\"textwidget\"><p>Tras 12 meses,\u00a0 El programa CUIDA-T en casa 2021, de apoyo en el hogar a personas mayores en su propio domicilio, llega a su fin. Con estas personas hemos empleado un \u00a0innovador modelo de cuidados a domicilio \u201cno presencial\u201d. Este ha sido atendido por un equipo multidisciplinar de la Fundaci\u00f3n Cuidar y Curar, expertos en el cuidado de personas mayores.<\/p>\n<\/div>\n\t\t<\/div><\/div><\/div><\/div><\/div><div id=\"pg-gb2703-69f1e07fb1926-1\"  class=\"panel-grid panel-has-style\" ><div style=\"padding: 0px 0; \" data-overlay=\"true\" data-overlay-color=\"#000000\" class=\"panel-row-style panel-row-style-for-gb2703-69f1e07fb1926-1\" ><div id=\"pgc-gb2703-69f1e07fb1926-1-0\"  class=\"panel-grid-cell\" ><div id=\"panel-gb2703-69f1e07fb1926-1-0-0\" class=\"so-panel widget widget_text panel-first-child panel-last-child\" data-index=\"1\" ><div style=\"text-align: left;\" data-title-color=\"#443f3f\" data-headings-color=\"#443f3f\" class=\"panel-widget-style panel-widget-style-for-gb2703-69f1e07fb1926-1-0-0\" >\t\t\t<div class=\"textwidget\"><p>Durante estos meses, han sido atendidas un total\u00a0 de 102 personas,\u00a0 repartidos\u00a0 en los municipios de Dos hermanas (Sevilla), Andujar y Marmolejo (Ja\u00e9n). Se le han realizado llamadas de seguimientos programados y de apoyo psicol\u00f3gico, tanto para paliar la soledad no deseada como otras problem\u00e1ticas, con un total de casi 2030 llamadas, tanto a usuarios como familiares. De la misma forma, se han llevado a cabo diferentes intervenciones, como visitas domiciliarias, escalas de valoraci\u00f3n, movilizaci\u00f3n de recursos sanitarios y derivaciones, con total de casi 3000 intervenciones, incluidas llamadas SOS o alertas de ca\u00edda que han sido un total de 527, todas atendidas por el equipo multidisciplinar de la Fundaci\u00f3n.<\/p>\n<\/div>\n\t\t<\/div><\/div><\/div><\/div><\/div><div id=\"pg-gb2703-69f1e07fb1926-2\"  class=\"panel-grid panel-has-style\" ><div style=\"padding: 100px 0; \" data-overlay=\"true\" data-overlay-color=\"#000000\" class=\"panel-row-style panel-row-style-for-gb2703-69f1e07fb1926-2\" ><div id=\"pgc-gb2703-69f1e07fb1926-2-0\"  class=\"panel-grid-cell\" ><div id=\"panel-gb2703-69f1e07fb1926-2-0-0\" class=\"so-panel widget widget_media_image panel-first-child panel-last-child\" data-index=\"2\" ><div style=\"text-align: center;\" data-title-color=\"#443f3f\" data-headings-color=\"#443f3f\" class=\"panel-widget-style panel-widget-style-for-gb2703-69f1e07fb1926-2-0-0\" ><img loading=\"lazy\" decoding=\"async\" width=\"300\" height=\"200\" src=\"https:\/\/www.fundacioncuidarycurar.org\/webfcyc\/wp-content\/uploads\/2022\/01\/IMG_6745-300x200.jpg\" class=\"image wp-image-2708  attachment-medium size-medium\" alt=\"\" style=\"max-width: 100%; height: auto;\" srcset=\"https:\/\/www.fundacioncuidarycurar.org\/webfcyc\/wp-content\/uploads\/2022\/01\/IMG_6745-300x200.jpg 300w, https:\/\/www.fundacioncuidarycurar.org\/webfcyc\/wp-content\/uploads\/2022\/01\/IMG_6745-1024x683.jpg 1024w, https:\/\/www.fundacioncuidarycurar.org\/webfcyc\/wp-content\/uploads\/2022\/01\/IMG_6745-768x512.jpg 768w, https:\/\/www.fundacioncuidarycurar.org\/webfcyc\/wp-content\/uploads\/2022\/01\/IMG_6745-1536x1024.jpg 1536w, https:\/\/www.fundacioncuidarycurar.org\/webfcyc\/wp-content\/uploads\/2022\/01\/IMG_6745-2048x1365.jpg 2048w, https:\/\/www.fundacioncuidarycurar.org\/webfcyc\/wp-content\/uploads\/2022\/01\/IMG_6745-920x613.jpg 920w, https:\/\/www.fundacioncuidarycurar.org\/webfcyc\/wp-content\/uploads\/2022\/01\/IMG_6745-230x153.jpg 230w, https:\/\/www.fundacioncuidarycurar.org\/webfcyc\/wp-content\/uploads\/2022\/01\/IMG_6745-350x233.jpg 350w, https:\/\/www.fundacioncuidarycurar.org\/webfcyc\/wp-content\/uploads\/2022\/01\/IMG_6745-480x320.jpg 480w\" sizes=\"auto, (max-width: 300px) 100vw, 300px\" \/><\/div><\/div><\/div><div id=\"pgc-gb2703-69f1e07fb1926-2-1\"  class=\"panel-grid-cell\" ><div id=\"panel-gb2703-69f1e07fb1926-2-1-0\" class=\"so-panel widget widget_text panel-first-child panel-last-child\" data-index=\"3\" ><div style=\"text-align: left;\" data-title-color=\"#443f3f\" data-headings-color=\"#443f3f\" class=\"panel-widget-style panel-widget-style-for-gb2703-69f1e07fb1926-2-1-0\" >\t\t\t<div class=\"textwidget\"><p>En el \u00faltimo mes, se le ha pasado una encuesta de satisfacci\u00f3n voluntaria y muchos de ellos aseguraban que este programa ha sido muy satisfactorio y adecuado, aumentando su calidad de vida. De la misma forma, nos verbalizaban que se han sentido muy seguros y protegidos. Todos destacan la comodidad de poder seguir estando en sus propios domicilios y sentirse atendidos a la vez, asegurando, algunos de ellos, que si volvemos a llevar a cabo el programa, ellos participar\u00edan de nuevo.<\/p>\n<\/div>\n\t\t<\/div><\/div><\/div><\/div><\/div><\/div>","protected":false},"excerpt":{"rendered":"<p>Tras 12 meses,\u00a0 El programa CUIDA-T en casa 2021, de apoyo en el hogar a personas mayores en su propio domicilio, llega [&hellip;]<\/p>\n","protected":false},"author":3,"featured_media":2705,"comment_status":"closed","ping_status":"closed","sticky":false,"template":"post-templates\/post_nosidebar.php","format":"standard","meta":{"footnotes":""},"categories":[1],"tags":[],"class_list":["post-2703","post","type-post","status-publish","format-standard","has-post-thumbnail","hentry","category-sin-categoria"],"_links":{"self":[{"href":"https:\/\/www.fundacioncuidarycurar.org\/webfcyc\/wp-json\/wp\/v2\/posts\/2703","targetHints":{"allow":["GET"]}}],"collection":[{"href":"https:\/\/www.fundacioncuidarycurar.org\/webfcyc\/wp-json\/wp\/v2\/posts"}],"about":[{"href":"https:\/\/www.fundacioncuidarycurar.org\/webfcyc\/wp-json\/wp\/v2\/types\/post"}],"author":[{"embeddable":true,"href":"https:\/\/www.fundacioncuidarycurar.org\/webfcyc\/wp-json\/wp\/v2\/users\/3"}],"replies":[{"embeddable":true,"href":"https:\/\/www.fundacioncuidarycurar.org\/webfcyc\/wp-json\/wp\/v2\/comments?post=2703"}],"version-history":[{"count":8,"href":"https:\/\/www.fundacioncuidarycurar.org\/webfcyc\/wp-json\/wp\/v2\/posts\/2703\/revisions"}],"predecessor-version":[{"id":2764,"href":"https:\/\/www.fundacioncuidarycurar.org\/webfcyc\/wp-json\/wp\/v2\/posts\/2703\/revisions\/2764"}],"wp:featuredmedia":[{"embeddable":true,"href":"https:\/\/www.fundacioncuidarycurar.org\/webfcyc\/wp-json\/wp\/v2\/media\/2705"}],"wp:attachment":[{"href":"https:\/\/www.fundacioncuidarycurar.org\/webfcyc\/wp-json\/wp\/v2\/media?parent=2703"}],"wp:term":[{"taxonomy":"category","embeddable":true,"href":"https:\/\/www.fundacioncuidarycurar.org\/webfcyc\/wp-json\/wp\/v2\/categories?post=2703"},{"taxonomy":"post_tag","embeddable":true,"href":"https:\/\/www.fundacioncuidarycurar.org\/webfcyc\/wp-json\/wp\/v2\/tags?post=2703"}],"curies":[{"name":"wp","href":"https:\/\/api.w.org\/{rel}","templated":true}]}}