{"id":2624,"date":"2021-12-01T10:19:16","date_gmt":"2021-12-01T10:19:16","guid":{"rendered":"http:\/\/www.fundacioncuidarycurar.org\/webfcyc\/?p=2624"},"modified":"2021-12-07T08:38:10","modified_gmt":"2021-12-07T08:38:10","slug":"fundacion-cuidar-y-curar-y-su-proyecto-de-innovacion-sociosanitaria-mediante-atencion-remota-para-el-apoyo-a-domicilio-a-personas-mayores-en-el-ambito-rural","status":"publish","type":"post","link":"https:\/\/www.fundacioncuidarycurar.org\/webfcyc\/2021\/12\/01\/fundacion-cuidar-y-curar-y-su-proyecto-de-innovacion-sociosanitaria-mediante-atencion-remota-para-el-apoyo-a-domicilio-a-personas-mayores-en-el-ambito-rural\/","title":{"rendered":"Seguimos de enhorabuena. Nuestro proyecto Cuida-T ha sido seleccionado por la Fundaci\u00f3n La Caixa dentro de la convocatoria Acci\u00f3n social en el \u00e1mbito rural 2021"},"content":{"rendered":"\n<div class=\"wp-block-image\"><figure class=\"aligncenter size-large is-resized\"><img loading=\"lazy\" decoding=\"async\" src=\"https:\/\/www.fundacioncuidarycurar.org\/webfcyc\/wp-content\/uploads\/2021\/12\/WhatsApp-Image-2021-07-20-at-14.00.38-1-1-768x1024.jpeg\" alt=\"\" class=\"wp-image-2626\" width=\"556\" height=\"741\" srcset=\"https:\/\/www.fundacioncuidarycurar.org\/webfcyc\/wp-content\/uploads\/2021\/12\/WhatsApp-Image-2021-07-20-at-14.00.38-1-1-768x1024.jpeg 768w, https:\/\/www.fundacioncuidarycurar.org\/webfcyc\/wp-content\/uploads\/2021\/12\/WhatsApp-Image-2021-07-20-at-14.00.38-1-1-225x300.jpeg 225w, https:\/\/www.fundacioncuidarycurar.org\/webfcyc\/wp-content\/uploads\/2021\/12\/WhatsApp-Image-2021-07-20-at-14.00.38-1-1-1152x1536.jpeg 1152w, https:\/\/www.fundacioncuidarycurar.org\/webfcyc\/wp-content\/uploads\/2021\/12\/WhatsApp-Image-2021-07-20-at-14.00.38-1-1-830x1107.jpeg 830w, https:\/\/www.fundacioncuidarycurar.org\/webfcyc\/wp-content\/uploads\/2021\/12\/WhatsApp-Image-2021-07-20-at-14.00.38-1-1-230x307.jpeg 230w, https:\/\/www.fundacioncuidarycurar.org\/webfcyc\/wp-content\/uploads\/2021\/12\/WhatsApp-Image-2021-07-20-at-14.00.38-1-1-350x467.jpeg 350w, https:\/\/www.fundacioncuidarycurar.org\/webfcyc\/wp-content\/uploads\/2021\/12\/WhatsApp-Image-2021-07-20-at-14.00.38-1-1-480x640.jpeg 480w, https:\/\/www.fundacioncuidarycurar.org\/webfcyc\/wp-content\/uploads\/2021\/12\/WhatsApp-Image-2021-07-20-at-14.00.38-1-1.jpeg 1200w\" sizes=\"auto, (max-width: 556px) 100vw, 556px\" \/><\/figure><\/div>\n\n\n\n<p><div style=\"text-align: justify;\"><font color=\"black\">Estamos muy orgullosos de anunciar que la Fundaci\u00f3n Cuidar y Curar y nuestro proyecto Cuida-T de innovaci\u00f3n sociosanitaria mediante atenci\u00f3n remota para el apoyo en el domicilio  a personas mayores en el \u00e1mbito rural ha sido seleccionado por la Fundaci\u00f3n La Caixa dentro de la convocatoria Acci\u00f3n social en el \u00e1mbito rural 2021.<\/p>\n\n\n\n<p><div style=\"text-align: justify;\"><font color=\"black\">Gracias a este reconocimiento, Cuida-T se desarrollara en una nueva zona, dentro de la provincia de Ja\u00e9n, en 4 municipios con el objetivo de llegar a atender a 76 personas m\u00e1s.<br>\n<br>\nCuida-T en casa, es un un innovador programa de atenci\u00f3n integral en el domicilio para el apoyo a personas mayores fr\u00e1giles, con enfermedades cr\u00f3nicas y\/o en situaci\u00f3n de dependencia.<br>\n<br>\nUno de los principales objetivos del programa Cuida-T es garantizar los cuidados adecuados en el entorno domiciliario, mejorando la calidad de vida de las personas y de sus cuidadores, apoy\u00e1ndolos para poder permanecer viviendo en su domicilio de la forma m\u00e1s aut\u00f3noma posible.<br>\n<br>\nLas nuevas tecnolog\u00edas juegan un papel fundamental en este proyecto, ya que nos ofrecen diversas herramientas que nos permiten atender a las personas en su propio domicilio sin la necesidad de una atenci\u00f3n presencial.\nEsta nueva etapa de Cuida-T se desarrollar\u00e1 en 2022, en los municipios de Marmolejo, Lopera, Arjona y Esca\u00f1uela, y ser\u00e1n 76 personas en total las que vamos a atender.<\/p>\n","protected":false},"excerpt":{"rendered":"<p>Estamos muy orgullosos de anunciar que la Fundaci\u00f3n Cuidar y Curar y nuestro proyecto Cuida-T de innovaci\u00f3n sociosanitaria mediante atenci\u00f3n remota para [&hellip;]<\/p>\n","protected":false},"author":1,"featured_media":0,"comment_status":"closed","ping_status":"closed","sticky":false,"template":"post-templates\/post_nosidebar.php","format":"standard","meta":{"footnotes":""},"categories":[],"tags":[],"class_list":["post-2624","post","type-post","status-publish","format-standard","hentry"],"_links":{"self":[{"href":"https:\/\/www.fundacioncuidarycurar.org\/webfcyc\/wp-json\/wp\/v2\/posts\/2624","targetHints":{"allow":["GET"]}}],"collection":[{"href":"https:\/\/www.fundacioncuidarycurar.org\/webfcyc\/wp-json\/wp\/v2\/posts"}],"about":[{"href":"https:\/\/www.fundacioncuidarycurar.org\/webfcyc\/wp-json\/wp\/v2\/types\/post"}],"author":[{"embeddable":true,"href":"https:\/\/www.fundacioncuidarycurar.org\/webfcyc\/wp-json\/wp\/v2\/users\/1"}],"replies":[{"embeddable":true,"href":"https:\/\/www.fundacioncuidarycurar.org\/webfcyc\/wp-json\/wp\/v2\/comments?post=2624"}],"version-history":[{"count":10,"href":"https:\/\/www.fundacioncuidarycurar.org\/webfcyc\/wp-json\/wp\/v2\/posts\/2624\/revisions"}],"predecessor-version":[{"id":2689,"href":"https:\/\/www.fundacioncuidarycurar.org\/webfcyc\/wp-json\/wp\/v2\/posts\/2624\/revisions\/2689"}],"wp:attachment":[{"href":"https:\/\/www.fundacioncuidarycurar.org\/webfcyc\/wp-json\/wp\/v2\/media?parent=2624"}],"wp:term":[{"taxonomy":"category","embeddable":true,"href":"https:\/\/www.fundacioncuidarycurar.org\/webfcyc\/wp-json\/wp\/v2\/categories?post=2624"},{"taxonomy":"post_tag","embeddable":true,"href":"https:\/\/www.fundacioncuidarycurar.org\/webfcyc\/wp-json\/wp\/v2\/tags?post=2624"}],"curies":[{"name":"wp","href":"https:\/\/api.w.org\/{rel}","templated":true}]}}