{"id":2588,"date":"2020-07-01T16:52:00","date_gmt":"2020-07-01T16:52:00","guid":{"rendered":"http:\/\/www.fundacioncuidarycurar.org\/webfcyc\/?p=2588"},"modified":"2021-12-07T08:43:27","modified_gmt":"2021-12-07T08:43:27","slug":"un-edificio-con-la-historia-del-seminario-de-andujar","status":"publish","type":"post","link":"https:\/\/www.fundacioncuidarycurar.org\/webfcyc\/2020\/07\/01\/un-edificio-con-la-historia-del-seminario-de-andujar\/","title":{"rendered":"El edificio del antiguo seminario de And\u00fajar albergar\u00e1 un centro asistencial para mayores"},"content":{"rendered":"\n<p class=\"has-medium-font-size\"><strong><font color=\"black\">Propiciar\u00e1 la creaci\u00f3n de 100 puestos de trabajo y constar\u00e1 de 120 plazas<\/strong><\/p>\n\n\n\n<p class=\"has-normal-font-size\"><a rel=\"noreferrer noopener\" href=\"https:\/\/andujar.ideal.es\/andujar\/edificio-antiguo-seminario-20190130092923-nt.html?ref=https%3A%2F%2Fwww.google.com%2F\" target=\"_blank\">https:\/\/andujar.ideal.es\/andujar\/edificio-antiguo-seminario-20190130092923-nt.html<\/a><a href=\"https:\/\/andujar.ideal.es\/andujar\/edificio-antiguo-seminario-20190130092923-nt.html?ref=https%3A%2F%2Fwww.google.com%2F\" target=\"_blank\" rel=\"noreferrer noopener\"> <\/a><a rel=\"noreferrer noopener\" href=\"https:\/\/andujar.ideal.es\/andujar\/edificio-antiguo-seminario-20190130092923-nt.html?ref=https%3A%2F%2Fwww.google.com%2F\" target=\"_blank\">ref=https%3A%2F%2Fwww.google.com%2F<\/a><\/p>\n\n\n\n<div class=\"wp-block-columns is-layout-flex wp-container-core-columns-is-layout-28f84493 wp-block-columns-is-layout-flex\">\n<div class=\"wp-block-column is-layout-flow wp-block-column-is-layout-flow\">\n<div class=\"wp-block-columns is-layout-flex wp-container-core-columns-is-layout-28f84493 wp-block-columns-is-layout-flex\">\n<div class=\"wp-block-column is-layout-flow wp-block-column-is-layout-flow\">\n<figure class=\"wp-block-gallery columns-1 is-cropped wp-block-gallery-1 is-layout-flex wp-block-gallery-is-layout-flex\"><ul class=\"blocks-gallery-grid\"><li class=\"blocks-gallery-item\"><figure><img loading=\"lazy\" decoding=\"async\" width=\"1024\" height=\"682\" src=\"https:\/\/www.fundacioncuidarycurar.org\/webfcyc\/wp-content\/uploads\/2021\/11\/patio-2-3-1024x682.png\" alt=\"\" data-id=\"2610\" data-full-url=\"https:\/\/www.fundacioncuidarycurar.org\/webfcyc\/wp-content\/uploads\/2021\/11\/patio-2-3.png\" data-link=\"https:\/\/www.fundacioncuidarycurar.org\/webfcyc\/2021\/11\/25\/un-edificio-con-la-historia-del-seminario-de-andujar\/patio-2-3\/\" class=\"wp-image-2610\" srcset=\"https:\/\/www.fundacioncuidarycurar.org\/webfcyc\/wp-content\/uploads\/2021\/11\/patio-2-3-1024x682.png 1024w, https:\/\/www.fundacioncuidarycurar.org\/webfcyc\/wp-content\/uploads\/2021\/11\/patio-2-3-300x200.png 300w, https:\/\/www.fundacioncuidarycurar.org\/webfcyc\/wp-content\/uploads\/2021\/11\/patio-2-3-768x512.png 768w, https:\/\/www.fundacioncuidarycurar.org\/webfcyc\/wp-content\/uploads\/2021\/11\/patio-2-3-830x553.png 830w, https:\/\/www.fundacioncuidarycurar.org\/webfcyc\/wp-content\/uploads\/2021\/11\/patio-2-3-230x153.png 230w, https:\/\/www.fundacioncuidarycurar.org\/webfcyc\/wp-content\/uploads\/2021\/11\/patio-2-3-350x233.png 350w, https:\/\/www.fundacioncuidarycurar.org\/webfcyc\/wp-content\/uploads\/2021\/11\/patio-2-3-480x320.png 480w, https:\/\/www.fundacioncuidarycurar.org\/webfcyc\/wp-content\/uploads\/2021\/11\/patio-2-3.png 1063w\" sizes=\"auto, (max-width: 1024px) 100vw, 1024px\" \/><\/figure><\/li><\/ul><\/figure>\n\n\n\n<figure class=\"wp-block-gallery columns-1 is-cropped wp-block-gallery-2 is-layout-flex wp-block-gallery-is-layout-flex\"><ul class=\"blocks-gallery-grid\"><li class=\"blocks-gallery-item\"><figure><img loading=\"lazy\" decoding=\"async\" width=\"1024\" height=\"681\" src=\"https:\/\/www.fundacioncuidarycurar.org\/webfcyc\/wp-content\/uploads\/2021\/11\/habitacion-1-1024x681.png\" alt=\"\" data-id=\"2611\" data-full-url=\"https:\/\/www.fundacioncuidarycurar.org\/webfcyc\/wp-content\/uploads\/2021\/11\/habitacion-1.png\" data-link=\"https:\/\/www.fundacioncuidarycurar.org\/webfcyc\/2021\/11\/25\/un-edificio-con-la-historia-del-seminario-de-andujar\/habitacion-1-4\/\" class=\"wp-image-2611\" srcset=\"https:\/\/www.fundacioncuidarycurar.org\/webfcyc\/wp-content\/uploads\/2021\/11\/habitacion-1-1024x681.png 1024w, https:\/\/www.fundacioncuidarycurar.org\/webfcyc\/wp-content\/uploads\/2021\/11\/habitacion-1-300x200.png 300w, https:\/\/www.fundacioncuidarycurar.org\/webfcyc\/wp-content\/uploads\/2021\/11\/habitacion-1-768x511.png 768w, https:\/\/www.fundacioncuidarycurar.org\/webfcyc\/wp-content\/uploads\/2021\/11\/habitacion-1-830x552.png 830w, https:\/\/www.fundacioncuidarycurar.org\/webfcyc\/wp-content\/uploads\/2021\/11\/habitacion-1-230x153.png 230w, https:\/\/www.fundacioncuidarycurar.org\/webfcyc\/wp-content\/uploads\/2021\/11\/habitacion-1-350x233.png 350w, https:\/\/www.fundacioncuidarycurar.org\/webfcyc\/wp-content\/uploads\/2021\/11\/habitacion-1-480x319.png 480w, https:\/\/www.fundacioncuidarycurar.org\/webfcyc\/wp-content\/uploads\/2021\/11\/habitacion-1.png 1060w\" sizes=\"auto, (max-width: 1024px) 100vw, 1024px\" \/><\/figure><\/li><\/ul><\/figure>\n<\/div>\n\n\n\n<div class=\"wp-block-column is-layout-flow wp-block-column-is-layout-flow\">\n<figure class=\"wp-block-gallery columns-1 is-cropped wp-block-gallery-3 is-layout-flex wp-block-gallery-is-layout-flex\"><ul class=\"blocks-gallery-grid\"><li class=\"blocks-gallery-item\"><figure><img loading=\"lazy\" decoding=\"async\" width=\"1024\" height=\"678\" src=\"https:\/\/www.fundacioncuidarycurar.org\/webfcyc\/wp-content\/uploads\/2021\/11\/patio-3-4-1024x678.png\" alt=\"\" data-id=\"2609\" data-full-url=\"https:\/\/www.fundacioncuidarycurar.org\/webfcyc\/wp-content\/uploads\/2021\/11\/patio-3-4.png\" data-link=\"https:\/\/www.fundacioncuidarycurar.org\/webfcyc\/2021\/11\/25\/un-edificio-con-la-historia-del-seminario-de-andujar\/patio-3-4\/\" class=\"wp-image-2609\" srcset=\"https:\/\/www.fundacioncuidarycurar.org\/webfcyc\/wp-content\/uploads\/2021\/11\/patio-3-4-1024x678.png 1024w, https:\/\/www.fundacioncuidarycurar.org\/webfcyc\/wp-content\/uploads\/2021\/11\/patio-3-4-300x199.png 300w, https:\/\/www.fundacioncuidarycurar.org\/webfcyc\/wp-content\/uploads\/2021\/11\/patio-3-4-768x509.png 768w, https:\/\/www.fundacioncuidarycurar.org\/webfcyc\/wp-content\/uploads\/2021\/11\/patio-3-4-830x550.png 830w, https:\/\/www.fundacioncuidarycurar.org\/webfcyc\/wp-content\/uploads\/2021\/11\/patio-3-4-230x152.png 230w, https:\/\/www.fundacioncuidarycurar.org\/webfcyc\/wp-content\/uploads\/2021\/11\/patio-3-4-350x232.png 350w, https:\/\/www.fundacioncuidarycurar.org\/webfcyc\/wp-content\/uploads\/2021\/11\/patio-3-4-480x318.png 480w, https:\/\/www.fundacioncuidarycurar.org\/webfcyc\/wp-content\/uploads\/2021\/11\/patio-3-4.png 1055w\" sizes=\"auto, (max-width: 1024px) 100vw, 1024px\" \/><\/figure><\/li><\/ul><\/figure>\n\n\n\n<figure class=\"wp-block-gallery columns-1 is-cropped wp-block-gallery-4 is-layout-flex wp-block-gallery-is-layout-flex\"><ul class=\"blocks-gallery-grid\"><li class=\"blocks-gallery-item\"><figure><img loading=\"lazy\" decoding=\"async\" width=\"1024\" height=\"695\" src=\"https:\/\/www.fundacioncuidarycurar.org\/webfcyc\/wp-content\/uploads\/2021\/11\/Pasillo-1-1024x695.png\" alt=\"\" data-id=\"2612\" data-full-url=\"https:\/\/www.fundacioncuidarycurar.org\/webfcyc\/wp-content\/uploads\/2021\/11\/Pasillo-1.png\" data-link=\"https:\/\/www.fundacioncuidarycurar.org\/webfcyc\/2021\/11\/25\/un-edificio-con-la-historia-del-seminario-de-andujar\/pasillo-1\/\" class=\"wp-image-2612\" srcset=\"https:\/\/www.fundacioncuidarycurar.org\/webfcyc\/wp-content\/uploads\/2021\/11\/Pasillo-1-1024x695.png 1024w, https:\/\/www.fundacioncuidarycurar.org\/webfcyc\/wp-content\/uploads\/2021\/11\/Pasillo-1-300x204.png 300w, https:\/\/www.fundacioncuidarycurar.org\/webfcyc\/wp-content\/uploads\/2021\/11\/Pasillo-1-768x521.png 768w, https:\/\/www.fundacioncuidarycurar.org\/webfcyc\/wp-content\/uploads\/2021\/11\/Pasillo-1-830x563.png 830w, https:\/\/www.fundacioncuidarycurar.org\/webfcyc\/wp-content\/uploads\/2021\/11\/Pasillo-1-230x156.png 230w, https:\/\/www.fundacioncuidarycurar.org\/webfcyc\/wp-content\/uploads\/2021\/11\/Pasillo-1-350x237.png 350w, https:\/\/www.fundacioncuidarycurar.org\/webfcyc\/wp-content\/uploads\/2021\/11\/Pasillo-1-480x326.png 480w, https:\/\/www.fundacioncuidarycurar.org\/webfcyc\/wp-content\/uploads\/2021\/11\/Pasillo-1.png 1045w\" sizes=\"auto, (max-width: 1024px) 100vw, 1024px\" \/><\/figure><\/li><\/ul><\/figure>\n<\/div>\n<\/div>\n<\/div>\n<\/div>\n\n\n\n<p><div style=\"text-align: justify;\"><font color=\"black\">El edificio del antiguo seminario de los Padres Pa\u00fales de And\u00fajar albergar\u00e1 un centro socioasistencial para personas mayores. Un proyecto que gestionar\u00e1 la &#8216;Fundaci\u00f3n Cuidar y Curar&#8217; y que posibilitar\u00e1 la creaci\u00f3n de unos 100 puestos de trabajo directos. As\u00ed lo anunci\u00f3 ayer el alcalde de la ciudad, Paco Huertas, quien compareci\u00f3 ayer por la tarde con el vicepresidente de dicha fundaci\u00f3n, Jos\u00e9 Olmedo, para explicar la propuesta.<\/p>\n\n\n\n<p><div style=\"text-align: justify;\"><font color=\"black\">Huertas se\u00f1al\u00f3 que \u00abponer en uso estas instalaciones era uno de los objetivos del Equipo de Gobierno. Un edificio que estaba en manos del Ayuntamiento desde hac\u00eda a\u00f1os y permanec\u00eda cerrado\u00bb.<\/p>\n\n\n\n<p><div style=\"text-align: justify;\"><font color=\"black\">Este proyecto, con una inversi\u00f3n de m\u00e1s de tres millones de euros, contempla la creaci\u00f3n de un complejo asistencial con unas 120 plazas. Adem\u00e1s contar\u00e1 con otros servicios como Centro de D\u00eda, Unidad de Trastorno de la Conducta, Unidad de Cuidados B\u00e1sicos, de Convalecencia Cl\u00ednica y otra de Convalecencia Rehabilitadora. Tendr\u00e1 tambi\u00e9n una Unidad de Cuidados Continuados, adem\u00e1s del servicio de Ayuda a Domicilio y de Telemedicina.<\/p>\n\n\n\n<p><div style=\"text-align: justify;\"><font color=\"black\">En este sentido, el alcalde record\u00f3 que el pleno de ma\u00f1ana jueves abordar\u00e1 la cesi\u00f3n de uso de parte de este edificio de propiedad municipal a la Fundaci\u00f3n. \u00abSe trata de una cesi\u00f3n que cuenta con todos los informes t\u00e9cnicos preceptivos\u00bb,se\u00f1al\u00f3 .<\/p>\n\n\n\n<p><div style=\"text-align: justify;\"><font color=\"black\">Al respecto, Paco Huertas, que mostr\u00f3 su satisfacci\u00f3n ante esta propuesta, afirm\u00f3 que estas instalaciones \u00abvan a ser un centro de referencia en Andaluc\u00eda por el conjunto tan importante de actividades diversas que se van a realizar\u00bb.<\/p>\n\n\n\n<p><div style=\"text-align: justify;\"><font color=\"black\">Por su parte, el vicepresidente de la Fundaci\u00f3n &#8216;Cuidar y Curar&#8217; destac\u00f3 la experiencia y trayectoria de esta entidad que gestiona centros en otros puntos de la provincia y de Andaluc\u00eda.<\/p>\n","protected":false},"excerpt":{"rendered":"<p>Propiciar\u00e1 la creaci\u00f3n de 100 puestos de trabajo y constar\u00e1 de 120 plazas https:\/\/andujar.ideal.es\/andujar\/edificio-antiguo-seminario-20190130092923-nt.html ref=https%3A%2F%2Fwww.google.com%2F El edificio del antiguo seminario de los [&hellip;]<\/p>\n","protected":false},"author":1,"featured_media":0,"comment_status":"closed","ping_status":"closed","sticky":false,"template":"post-templates\/post_nosidebar.php","format":"standard","meta":{"footnotes":""},"categories":[],"tags":[],"class_list":["post-2588","post","type-post","status-publish","format-standard","hentry"],"_links":{"self":[{"href":"https:\/\/www.fundacioncuidarycurar.org\/webfcyc\/wp-json\/wp\/v2\/posts\/2588","targetHints":{"allow":["GET"]}}],"collection":[{"href":"https:\/\/www.fundacioncuidarycurar.org\/webfcyc\/wp-json\/wp\/v2\/posts"}],"about":[{"href":"https:\/\/www.fundacioncuidarycurar.org\/webfcyc\/wp-json\/wp\/v2\/types\/post"}],"author":[{"embeddable":true,"href":"https:\/\/www.fundacioncuidarycurar.org\/webfcyc\/wp-json\/wp\/v2\/users\/1"}],"replies":[{"embeddable":true,"href":"https:\/\/www.fundacioncuidarycurar.org\/webfcyc\/wp-json\/wp\/v2\/comments?post=2588"}],"version-history":[{"count":9,"href":"https:\/\/www.fundacioncuidarycurar.org\/webfcyc\/wp-json\/wp\/v2\/posts\/2588\/revisions"}],"predecessor-version":[{"id":2698,"href":"https:\/\/www.fundacioncuidarycurar.org\/webfcyc\/wp-json\/wp\/v2\/posts\/2588\/revisions\/2698"}],"wp:attachment":[{"href":"https:\/\/www.fundacioncuidarycurar.org\/webfcyc\/wp-json\/wp\/v2\/media?parent=2588"}],"wp:term":[{"taxonomy":"category","embeddable":true,"href":"https:\/\/www.fundacioncuidarycurar.org\/webfcyc\/wp-json\/wp\/v2\/categories?post=2588"},{"taxonomy":"post_tag","embeddable":true,"href":"https:\/\/www.fundacioncuidarycurar.org\/webfcyc\/wp-json\/wp\/v2\/tags?post=2588"}],"curies":[{"name":"wp","href":"https:\/\/api.w.org\/{rel}","templated":true}]}}