{"id":2512,"date":"2021-10-21T09:38:00","date_gmt":"2021-10-21T09:38:00","guid":{"rendered":"http:\/\/www.fundacioncuidarycurar.org\/webfcyc\/?p=2512"},"modified":"2021-12-07T08:39:13","modified_gmt":"2021-12-07T08:39:13","slug":"los-mayores-de-andujar-conocen-las-herramientas-cuida-t-en-casa","status":"publish","type":"post","link":"https:\/\/www.fundacioncuidarycurar.org\/webfcyc\/2021\/10\/21\/los-mayores-de-andujar-conocen-las-herramientas-cuida-t-en-casa\/","title":{"rendered":"Los mayores de And\u00fajar conocen las herramientas \u201cCuida-T en casa\u201d."},"content":{"rendered":"\n<p><h4><strong>40 personas dependientes de la ciudad ya se benefician de los servicios de este proyecto<\/strong><\/h4><\/p>\n\n\n\n<p><a rel=\"noreferrer noopener\" href=\"https:\/\/www.diariojaen.es\/provincia\/los-mayores-de-andujar-conocen-las-herramientas-cuida-t-en-casa-HX8077768\" target=\"_blank\">https:\/\/www.diariojaen.es\/provincia\/los-mayores-de-andujar-conocen-las-herramientas-cuida-t-en-casa-HX8077768<\/a><\/p>\n\n\n\n<div class=\"wp-block-image\"><figure class=\"aligncenter size-large\"><img loading=\"lazy\" decoding=\"async\" width=\"640\" height=\"480\" src=\"https:\/\/www.fundacioncuidarycurar.org\/webfcyc\/wp-content\/uploads\/2021\/10\/e497120f-142a-49db-bdca-9a01d3b8d5f0.jpg\" alt=\"\" class=\"wp-image-2539\" srcset=\"https:\/\/www.fundacioncuidarycurar.org\/webfcyc\/wp-content\/uploads\/2021\/10\/e497120f-142a-49db-bdca-9a01d3b8d5f0.jpg 640w, https:\/\/www.fundacioncuidarycurar.org\/webfcyc\/wp-content\/uploads\/2021\/10\/e497120f-142a-49db-bdca-9a01d3b8d5f0-300x225.jpg 300w, https:\/\/www.fundacioncuidarycurar.org\/webfcyc\/wp-content\/uploads\/2021\/10\/e497120f-142a-49db-bdca-9a01d3b8d5f0-230x173.jpg 230w, https:\/\/www.fundacioncuidarycurar.org\/webfcyc\/wp-content\/uploads\/2021\/10\/e497120f-142a-49db-bdca-9a01d3b8d5f0-350x263.jpg 350w, https:\/\/www.fundacioncuidarycurar.org\/webfcyc\/wp-content\/uploads\/2021\/10\/e497120f-142a-49db-bdca-9a01d3b8d5f0-480x360.jpg 480w\" sizes=\"auto, (max-width: 640px) 100vw, 640px\" \/><\/figure><\/div>\n\n\n\n<p><div style=\"text-align: justify;\"><font color=\"black\">La Concejal\u00eda de Pol\u00edticas Transversales de Acci\u00f3n Social e Igualdad de Oportunidades del Ayuntamiento de And\u00fajar, ha promovido una jornada formativa sobre asistencia domiciliaria a personas dependientes, enmarcada en la programaci\u00f3n municipal dedicada a los mayores.<\/p>\n\n\n\n<p><div style=\"text-align: justify;\"><font color=\"black\">Esta actividad ha sido impartida por profesionales de la Fundaci\u00f3n Cuidar y Curar que desarrollan el programa \u201cCuida-T en casa\u201d del que ya se benefician un total de 40 mayores de la ciudad, gracias al convenio de colaboraci\u00f3n entre el consistorio y la fundaci\u00f3n.<\/p>\n\n\n\n<p><div style=\"text-align: justify;\"><font color=\"black\">Los asistentes han podido conocer los distintos dispositivos tecnol\u00f3gicos que son capaces de convertir un domicilio en un hogar inteligente, favoreciendo que los mayores puedan permanecer en sus domicilios de forma aut\u00f3noma e independiente.<\/p>\n\n\n\n<p><div style=\"text-align: justify;\"><font color=\"black\">El Director Asistencial de la Fundaci\u00f3n, Jos\u00e9 \u00c1ngel Aranda, ha explicado que este proyecto \u201cutiliza las nuevas tecnolog\u00edas puestas al servicio del bienestar de las personas para atender sus necesidades sociales y de salud\u201d.<\/p>\n\n\n\n<p><div style=\"text-align: justify;\"><font color=\"black\">Por su parte, la concejala de Bienestar Social, Pepa Jurado, ha querido valorar el esfuerzo de la Fundaci\u00f3n \u201cpara contribuir en la mejora de la calidad de vida de las personas de nuestro municipio, especialmente de los mayores y otros grupos vulnerables\u201d.<\/p>\n\n\n\n<p><div style=\"text-align: justify;\"><font color=\"black\">En este sentido, ha recordado que muy pronto el trabajo conjunto que ha desarrollado el Consistorio y la Fundaci\u00f3n, permitir\u00e1 poner en marcha el nuevo centro socio-sanitario en el antiguo seminario.<\/p>\n\n\n\n<div class=\"wp-block-image\"><figure class=\"aligncenter size-large\"><img loading=\"lazy\" decoding=\"async\" width=\"640\" height=\"480\" src=\"https:\/\/www.fundacioncuidarycurar.org\/webfcyc\/wp-content\/uploads\/2021\/10\/92bd5c91-fa5f-4448-9e79-4884240e51d9-3.jpg\" alt=\"\" class=\"wp-image-2553\" srcset=\"https:\/\/www.fundacioncuidarycurar.org\/webfcyc\/wp-content\/uploads\/2021\/10\/92bd5c91-fa5f-4448-9e79-4884240e51d9-3.jpg 640w, https:\/\/www.fundacioncuidarycurar.org\/webfcyc\/wp-content\/uploads\/2021\/10\/92bd5c91-fa5f-4448-9e79-4884240e51d9-3-300x225.jpg 300w, https:\/\/www.fundacioncuidarycurar.org\/webfcyc\/wp-content\/uploads\/2021\/10\/92bd5c91-fa5f-4448-9e79-4884240e51d9-3-230x173.jpg 230w, https:\/\/www.fundacioncuidarycurar.org\/webfcyc\/wp-content\/uploads\/2021\/10\/92bd5c91-fa5f-4448-9e79-4884240e51d9-3-350x263.jpg 350w, https:\/\/www.fundacioncuidarycurar.org\/webfcyc\/wp-content\/uploads\/2021\/10\/92bd5c91-fa5f-4448-9e79-4884240e51d9-3-480x360.jpg 480w\" sizes=\"auto, (max-width: 640px) 100vw, 640px\" \/><\/figure><\/div>\n\n\n\n<div class=\"wp-block-columns is-layout-flex wp-container-core-columns-is-layout-28f84493 wp-block-columns-is-layout-flex\">\n<div class=\"wp-block-column is-layout-flow wp-block-column-is-layout-flow\"><\/div>\n\n\n\n<div class=\"wp-block-column is-layout-flow wp-block-column-is-layout-flow\">\n<p><\/p>\n<\/div>\n<\/div>\n\n\n\n<p><\/p>\n","protected":false},"excerpt":{"rendered":"<p>40 personas dependientes de la ciudad ya se benefician de los servicios de este proyecto https:\/\/www.diariojaen.es\/provincia\/los-mayores-de-andujar-conocen-las-herramientas-cuida-t-en-casa-HX8077768 La Concejal\u00eda de Pol\u00edticas Transversales de [&hellip;]<\/p>\n","protected":false},"author":1,"featured_media":0,"comment_status":"closed","ping_status":"closed","sticky":false,"template":"post-templates\/post_nosidebar.php","format":"standard","meta":{"footnotes":""},"categories":[],"tags":[],"class_list":["post-2512","post","type-post","status-publish","format-standard","hentry"],"_links":{"self":[{"href":"https:\/\/www.fundacioncuidarycurar.org\/webfcyc\/wp-json\/wp\/v2\/posts\/2512","targetHints":{"allow":["GET"]}}],"collection":[{"href":"https:\/\/www.fundacioncuidarycurar.org\/webfcyc\/wp-json\/wp\/v2\/posts"}],"about":[{"href":"https:\/\/www.fundacioncuidarycurar.org\/webfcyc\/wp-json\/wp\/v2\/types\/post"}],"author":[{"embeddable":true,"href":"https:\/\/www.fundacioncuidarycurar.org\/webfcyc\/wp-json\/wp\/v2\/users\/1"}],"replies":[{"embeddable":true,"href":"https:\/\/www.fundacioncuidarycurar.org\/webfcyc\/wp-json\/wp\/v2\/comments?post=2512"}],"version-history":[{"count":18,"href":"https:\/\/www.fundacioncuidarycurar.org\/webfcyc\/wp-json\/wp\/v2\/posts\/2512\/revisions"}],"predecessor-version":[{"id":2691,"href":"https:\/\/www.fundacioncuidarycurar.org\/webfcyc\/wp-json\/wp\/v2\/posts\/2512\/revisions\/2691"}],"wp:attachment":[{"href":"https:\/\/www.fundacioncuidarycurar.org\/webfcyc\/wp-json\/wp\/v2\/media?parent=2512"}],"wp:term":[{"taxonomy":"category","embeddable":true,"href":"https:\/\/www.fundacioncuidarycurar.org\/webfcyc\/wp-json\/wp\/v2\/categories?post=2512"},{"taxonomy":"post_tag","embeddable":true,"href":"https:\/\/www.fundacioncuidarycurar.org\/webfcyc\/wp-json\/wp\/v2\/tags?post=2512"}],"curies":[{"name":"wp","href":"https:\/\/api.w.org\/{rel}","templated":true}]}}