{"id":2367,"date":"2021-10-21T07:57:49","date_gmt":"2021-10-21T07:57:49","guid":{"rendered":"http:\/\/www.fundacioncuidarycurar.org\/webfcyc\/?p=2367"},"modified":"2021-12-07T08:40:05","modified_gmt":"2021-12-07T08:40:05","slug":"el-programa-cuida-t-en-casa-de-la-fundacion-cuidar-y-curar-alcanza-la-cifra-de-100-personas-atendidas","status":"publish","type":"post","link":"https:\/\/www.fundacioncuidarycurar.org\/webfcyc\/2021\/10\/21\/el-programa-cuida-t-en-casa-de-la-fundacion-cuidar-y-curar-alcanza-la-cifra-de-100-personas-atendidas\/","title":{"rendered":"El programa Cuida-T en casa de la Fundaci\u00f3n Cuidar y Curar alcanza la cifra de 100 personas atendidas"},"content":{"rendered":"\n<p><div style=\"text-align: justify;\"><font color=\"black\">El programa Cuida-T en casa, de apoyo en el hogar a personas mayores en su propio domicilio, continua en marcha y alcanza la cifra de 100 usuarios, cien personas y sus respectivas familias que son atendidas todos los d\u00edas por el equipo multidisciplinar de profesionales de la fundaci\u00f3n, expertos en la atenci\u00f3n a personas mayores.<\/p>\n\n\n\n<div class=\"wp-block-columns is-layout-flex wp-container-core-columns-is-layout-28f84493 wp-block-columns-is-layout-flex\">\n<div class=\"wp-block-column is-layout-flow wp-block-column-is-layout-flow\" style=\"flex-basis:33.33%\">\n<div class=\"wp-block-image\"><figure class=\"aligncenter size-large\"><img loading=\"lazy\" decoding=\"async\" width=\"539\" height=\"656\" src=\"https:\/\/www.fundacioncuidarycurar.org\/webfcyc\/wp-content\/uploads\/2021\/10\/Sin-titulo-3.png\" alt=\"\" class=\"wp-image-2470\" srcset=\"https:\/\/www.fundacioncuidarycurar.org\/webfcyc\/wp-content\/uploads\/2021\/10\/Sin-titulo-3.png 539w, https:\/\/www.fundacioncuidarycurar.org\/webfcyc\/wp-content\/uploads\/2021\/10\/Sin-titulo-3-246x300.png 246w, https:\/\/www.fundacioncuidarycurar.org\/webfcyc\/wp-content\/uploads\/2021\/10\/Sin-titulo-3-230x280.png 230w, https:\/\/www.fundacioncuidarycurar.org\/webfcyc\/wp-content\/uploads\/2021\/10\/Sin-titulo-3-350x426.png 350w, https:\/\/www.fundacioncuidarycurar.org\/webfcyc\/wp-content\/uploads\/2021\/10\/Sin-titulo-3-480x584.png 480w\" sizes=\"auto, (max-width: 539px) 100vw, 539px\" \/><\/figure><\/div>\n<\/div>\n\n\n\n<div class=\"wp-block-column is-layout-flow wp-block-column-is-layout-flow\" style=\"flex-basis:66.66%\">\n<p><div style=\"text-align: justify;\"><font color=\"black\">El programa Cuida-T implementa un innovador modelo de cuidados a domicilio \u201cno presencial\u201d, a trav\u00e9s de la atenci\u00f3n remota y telecuidados, apoy\u00e1ndose para ello en las nuevas tecnolog\u00edas de monitorizaci\u00f3n existentes.<\/div>\n\n<p><div style=\"text-align: justify;\">Tras casi 9 meses de proyecto, las primeras valoraciones de la autonom\u00eda y capacidades funcionales y cognitivas indican que la gran mayor\u00eda de personas han mejorado respecto a la valoraci\u00f3n realizada antes de comenzar el proyecto. Adem\u00e1s, tanto los usuarios como sus familias nos trasladan a diario que se encuentran mucho m\u00e1s tranquilos y seguros.<\/div>\n<\/div>\n<\/div>\n\n\n\n<p><div style=\"text-align: justify;\"><font color=\"black\">La atenci\u00f3n a la soledad es otro de los aspectos clave de este proyecto, realizando una gran tarea de apoyo emocional a estas personas. Roc\u00edo Rodr\u00edguez, trabajadora social, de la Fundaci\u00f3n Cuidar y Curar y responsable del programa en el municipio de Dos Hermanas explica \u201chemos podido notar que la gran mayor\u00eda ha mejorado bastante, nos verbalizan continuamente su satisfacci\u00f3n con el programa, se muestran muy agradecidos, charlamos adem\u00e1s muy frecuentemente con ellos v\u00eda telef\u00f3nica, comentamos e incluso recordamos como ha sido su vida,\u2026 <\/div>\n\n\n\n<div class=\"wp-block-columns is-layout-flex wp-container-core-columns-is-layout-28f84493 wp-block-columns-is-layout-flex\">\n<div class=\"wp-block-column is-layout-flow wp-block-column-is-layout-flow\" style=\"flex-basis:66.66%\">\n<p><div style=\"text-align: justify;\"><font color=\"black\">Los propios usuarios nos indican adem\u00e1s que se cuidan m\u00e1s, son m\u00e1s conscientes de su situaci\u00f3n personal, de su enfermedades cr\u00f3nicas los que las padecen, cumpli\u00e9ndose as\u00ed el principal objetivo del proyecto, empoderar a las personas mayores, fomentar su autonom\u00eda personal, evitar situaciones de riesgo para su salud y retrasar en el tiempo la necesidad de otros cuidados o la institucionalizaci\u00f3n en un centros sociosanitario. <\/div>\n<\/div>\n\n\n\n<div class=\"wp-block-column is-layout-flow wp-block-column-is-layout-flow\" style=\"flex-basis:33.33%\">\n<div class=\"wp-block-image\"><figure class=\"aligncenter size-large\"><img loading=\"lazy\" decoding=\"async\" width=\"333\" height=\"333\" src=\"https:\/\/www.fundacioncuidarycurar.org\/webfcyc\/wp-content\/uploads\/2021\/10\/Sin-titulo2-1-edited.png\" alt=\"\" class=\"wp-image-2487\" srcset=\"https:\/\/www.fundacioncuidarycurar.org\/webfcyc\/wp-content\/uploads\/2021\/10\/Sin-titulo2-1-edited.png 333w, https:\/\/www.fundacioncuidarycurar.org\/webfcyc\/wp-content\/uploads\/2021\/10\/Sin-titulo2-1-edited-300x300.png 300w, https:\/\/www.fundacioncuidarycurar.org\/webfcyc\/wp-content\/uploads\/2021\/10\/Sin-titulo2-1-edited-150x150.png 150w, https:\/\/www.fundacioncuidarycurar.org\/webfcyc\/wp-content\/uploads\/2021\/10\/Sin-titulo2-1-edited-230x230.png 230w\" sizes=\"auto, (max-width: 333px) 100vw, 333px\" \/><\/figure><\/div>\n<\/div>\n<\/div>\n\n\n\n<p><div style=\"text-align: justify;\"><font color=\"black\">EL programa Cuida-T 2021 cuenta con el apoyo de la Consejer\u00eda de Igualdad, Pol\u00edticas y Sociales y Conciliaci\u00f3n de la  Junta de Andaluc\u00eda y ha recibido la subvenci\u00f3n con cargo a la asignaci\u00f3n Tributaria del 0\u20197% del impuesto sobre la Renta de personas F\u00edsicas (IRPF) de 2020 con una cantidad de 139.805,29 \u20ac <\/div>\n\n\n\n<div class=\"wp-block-columns alignfull is-layout-flex wp-container-core-columns-is-layout-28f84493 wp-block-columns-is-layout-flex\">\n<div class=\"wp-block-column is-layout-flow wp-block-column-is-layout-flow\"><\/div>\n\n\n\n<div class=\"wp-block-column is-layout-flow wp-block-column-is-layout-flow\"><\/div>\n<\/div>\n\n\n\n<div class=\"wp-block-columns are-vertically-aligned-center is-layout-flex wp-container-core-columns-is-layout-28f84493 wp-block-columns-is-layout-flex\">\n<div class=\"wp-block-column is-vertically-aligned-center is-layout-flow wp-block-column-is-layout-flow\" style=\"flex-basis:100%\">\n<div class=\"wp-block-columns is-layout-flex wp-container-core-columns-is-layout-28f84493 wp-block-columns-is-layout-flex\"><\/div>\n<\/div>\n<\/div>\n","protected":false},"excerpt":{"rendered":"<p>El programa Cuida-T en casa, de apoyo en el hogar a personas mayores en su propio domicilio, continua en marcha y alcanza [&hellip;]<\/p>\n","protected":false},"author":1,"featured_media":0,"comment_status":"closed","ping_status":"closed","sticky":false,"template":"post-templates\/post_nosidebar.php","format":"standard","meta":{"footnotes":""},"categories":[],"tags":[],"class_list":["post-2367","post","type-post","status-publish","format-standard","hentry"],"_links":{"self":[{"href":"https:\/\/www.fundacioncuidarycurar.org\/webfcyc\/wp-json\/wp\/v2\/posts\/2367","targetHints":{"allow":["GET"]}}],"collection":[{"href":"https:\/\/www.fundacioncuidarycurar.org\/webfcyc\/wp-json\/wp\/v2\/posts"}],"about":[{"href":"https:\/\/www.fundacioncuidarycurar.org\/webfcyc\/wp-json\/wp\/v2\/types\/post"}],"author":[{"embeddable":true,"href":"https:\/\/www.fundacioncuidarycurar.org\/webfcyc\/wp-json\/wp\/v2\/users\/1"}],"replies":[{"embeddable":true,"href":"https:\/\/www.fundacioncuidarycurar.org\/webfcyc\/wp-json\/wp\/v2\/comments?post=2367"}],"version-history":[{"count":57,"href":"https:\/\/www.fundacioncuidarycurar.org\/webfcyc\/wp-json\/wp\/v2\/posts\/2367\/revisions"}],"predecessor-version":[{"id":2692,"href":"https:\/\/www.fundacioncuidarycurar.org\/webfcyc\/wp-json\/wp\/v2\/posts\/2367\/revisions\/2692"}],"wp:attachment":[{"href":"https:\/\/www.fundacioncuidarycurar.org\/webfcyc\/wp-json\/wp\/v2\/media?parent=2367"}],"wp:term":[{"taxonomy":"category","embeddable":true,"href":"https:\/\/www.fundacioncuidarycurar.org\/webfcyc\/wp-json\/wp\/v2\/categories?post=2367"},{"taxonomy":"post_tag","embeddable":true,"href":"https:\/\/www.fundacioncuidarycurar.org\/webfcyc\/wp-json\/wp\/v2\/tags?post=2367"}],"curies":[{"name":"wp","href":"https:\/\/api.w.org\/{rel}","templated":true}]}}