{"id":2244,"date":"2020-08-31T08:03:00","date_gmt":"2020-08-31T08:03:00","guid":{"rendered":"http:\/\/www.fundacioncuidarycurar.org\/webfcyc\/?p=2244"},"modified":"2021-07-27T08:24:39","modified_gmt":"2021-07-27T08:24:39","slug":"la-fundacion-cuidar-y-curar-promueve-el-desarrollo-de-un-innovador-exoesqueleto-blando-para-la-rehabilitacion-o-asistencia","status":"publish","type":"post","link":"https:\/\/www.fundacioncuidarycurar.org\/webfcyc\/2020\/08\/31\/la-fundacion-cuidar-y-curar-promueve-el-desarrollo-de-un-innovador-exoesqueleto-blando-para-la-rehabilitacion-o-asistencia\/","title":{"rendered":"La Fundaci\u00f3n Cuidar y Curar promueve el desarrollo de un innovador exoesqueleto blando para la rehabilitaci\u00f3n o asistencia"},"content":{"rendered":"\n<h5 class=\"wp-block-heading\"><p align=\"justify\">Un grupo de investigadores est\u00e1 en la \u00faltima fase de desarrollo de un pionero exoesqueleto blando, ligero y con control inteligente, basado en tecnolog\u00eda SMA (Shape-Memory Alloy), para periodos de rehabilitaci\u00f3n y\/o asistencia en miembros superiores (mano, mu\u00f1eca y codo), y en un futuro, en rodilla. El proyecto est\u00e1, principalmente, dirigido a personas mayores y est\u00e1 promovido por la Fundaci\u00f3n andaluza Cuidar y Curar, en cuyos centros y residencias tendr\u00e1 una aplicaci\u00f3n inicial.<\/p><\/h5>\n\n\n\n<p align=\"justify\">Este innovador desarrollo, que ha contado con la participaci\u00f3n de un equipo multidisciplinar compuesto por expertos ingenieros, m\u00e9dicos y fisioterapeutas, ser\u00e1 totalmente adaptable a las necesidades del paciente, proporcionando un apoyo global e integral en la movilidad de sus miembros, a trav\u00e9s de m\u00f3dulos flexibles<strong>.<\/strong><\/p>\n\n\n\n<p align=\"justify\">A diferencia de anteriores prototipos de exoesqueletos, en este caso los investigadores implantan actuadores que permiten usar&nbsp;<strong>control inteligente de fibras de materiales con memoria de forma<\/strong>, y as\u00ed dar un salto cualitativo sustancial en nuevos desarrollos espec\u00edficos para rehabilitaci\u00f3n y la asistencia, superando las tres grandes limitaciones de los dise\u00f1os actuales, que dificultaba su aplicaci\u00f3n y generaban rechazo en personas mayores: el peso, el tama\u00f1o y la rigidez.<\/p>\n\n\n\n<p align=\"justify\">El exoesqueleto, que se encuentra en \u00faltima fase de desarrollo, pesa en torno a un 70 % menos con respecto a la media de dispositivos existentes, gracias al reemplazo de motores por materiales innovadores basados en fibras de SMA, lo que, adem\u00e1s, logra que&nbsp;<strong>no sea invasivo y no genere rechazo de apariencia.<\/strong><\/p>\n\n\n\n<p align=\"justify\">Actualmente, un gran n\u00famero de enfermedades y trastornos musculoesquel\u00e9ticos y neurol\u00f3gicos derivan en la p\u00e9rdida total o parcial de la movilidad de algunos miembros. A ello hay que sumar el papel fundamental que las extremidades superiores e inferiores del cuerpo juegan en la relaci\u00f3n del ser humano con su entorno, siendo las tareas de manipulaci\u00f3n o la posibilidad de caminar de enorme importancia en la vida diaria. Dichas limitaciones, al afectar a un amplio sector de la poblaci\u00f3n perjudicado por lesiones, incapacitado o que precisa de asistencia tecnol\u00f3gica para compensar sus carencias funcionales, convierten en necesaria y urgente la investigaci\u00f3n y desarrollo de nuevos procedimientos y dispositivos rob\u00f3ticos eficientes que se apliquen durante los periodos de rehabilitaci\u00f3n, como este novedoso exoesqueleto: una soluci\u00f3n tecnol\u00f3gica que contribuye a un envejecimiento saludable activo de la poblaci\u00f3n, que aumenta la independencia de las personas mayores y les facilita la ejecuci\u00f3n de tareas cotidianas, contribuyendo a paliar la p\u00e9rdida de movilidad.<\/p>\n\n\n\n<h3 class=\"wp-block-heading\">Envejecimiento saludable<\/h3>\n\n\n\n<p align=\"justify\">Adem\u00e1s de prevenir la aparici\u00f3n de des\u00f3rdenes musculoesquel\u00e9ticos, tratar la p\u00e9rdida \u00f3sea y atacar la atrofia muscular, este sistema permite durante la rehabilitaci\u00f3n a los pacientes el autotratamiento gracias al empleo de<strong>&nbsp;rob\u00f3tica asistencial<\/strong>, contribuyendo al envejecimiento saludable y&nbsp;<strong>facilitando el trabajo de los cuidadores<\/strong>, as\u00ed como la comunicaci\u00f3n con plataformas abiertas que facilitan el trabajo de los cuidadores y les proporciona retroalimentaci\u00f3n sobre estado de salud del usuario, promoviendo su rehabilitaci\u00f3n.<\/p>\n\n\n\n<p align=\"justify\">Este proyecto busca no solo el desarrollo de nuevos dispositivos de rehabilitaci\u00f3n basados en m\u00fasculos artificiales, sino su integraci\u00f3n final. Aunque cada m\u00f3dulo es independiente en cuanto a su actuaci\u00f3n y aplicaci\u00f3n, s\u00ed se considera desarrollar un sistema de control y de alimentaci\u00f3n conjunto, de forma que pueda rehabilitar varias dolencias al mismo tiempo o combinar terapias espec\u00edficas. De esta manera, se conectar\u00e1n y controlar\u00e1n los diferentes elementos del exoesqueleto desde un \u00fanico punto, permitiendo esta integraci\u00f3n tratar varias lesiones en el mismo paciente de manera simult\u00e1nea, de mano y mu\u00f1eca, codo, rodilla y tobillo.<\/p>\n\n\n\n<p>Varios medios a nivel nacional se han hecho eco de este innovador proyecto<\/p>\n\n\n\n<p><a href=\"https:\/\/eur01.safelinks.protection.outlook.com\/?url=https%3A%2F%2Fwww.europapress.es%2Fandalucia%2Fnoticia-desarrollan-exoesqueleto-blando-control-inteligente-70-menos-peso-dispositivos-actuales-20200828182149.html&amp;data=01%7C01%7Cspla%40arquimeagroup.com%7C9908f48478ec4e7c89ea08d8549f61bf%7C49763faeca4c47f28d593cd8a0f16bc1%7C0&amp;sdata=INwytThwpSJXoWqEpIWpW4pJHCdFoFzzgK3EjmFif3w%3D&amp;reserved=0\" target=\"_blank\" rel=\"noreferrer noopener\">https:\/\/www.europapress.es\/andalucia\/noticia-desarrollan-exoesqueleto-blando-control-inteligente-70-menos-peso-dispositivos-actuales-20200828182149.html<\/a><br><br><a href=\"https:\/\/eur01.safelinks.protection.outlook.com\/?url=https%3A%2F%2Fwww.lavanguardia.com%2Fvida%2F20200902%2F483276152118%2Fdesarrollan-un-exoesqueleto-con-un-70-menos-de-peso-para-mano-muneca-y-codo.html&amp;data=01%7C01%7Cspla%40arquimeagroup.com%7C9908f48478ec4e7c89ea08d8549f61bf%7C49763faeca4c47f28d593cd8a0f16bc1%7C0&amp;sdata=wOTKIXRBz76vCBQrjHB2SdVwQIDv1GVjXUIwzwEMwVc%3D&amp;reserved=0\" target=\"_blank\" rel=\"noreferrer noopener\">https:\/\/www.lavanguardia.com\/vida\/20200902\/483276152118\/desarrollan-un-exoesqueleto-con-un-70-menos-de-peso-para-mano-muneca-y-codo.html<\/a><\/p>\n\n\n\n<p><a href=\"https:\/\/eur01.safelinks.protection.outlook.com\/?url=https%3A%2F%2Fwww.diariodesevilla.es%2Feconomia%2Ffundacion-andaluza-desarrolla-innovador-exoesqueleto_0_1492650998.html&amp;data=01%7C01%7Cspla%40arquimeagroup.com%7C9908f48478ec4e7c89ea08d8549f61bf%7C49763faeca4c47f28d593cd8a0f16bc1%7C0&amp;sdata=Dz7eSeDzEDJMuuoUHdo%2BXTfZWsAUt8zdC6ibZM3BCTU%3D&amp;reserved=0\" target=\"_blank\" rel=\"noreferrer noopener\">https:\/\/www.diariodesevilla.es\/economia\/fundacion-andaluza-desarrolla-innovador-exoesqueleto_0_1492650998.html<\/a><br><br><a href=\"https:\/\/eur01.safelinks.protection.outlook.com\/?url=https%3A%2F%2Fwww.diariodealmeria.es%2Feconomia%2Ffundacion-andaluza-desarrolla-innovador-exoesqueleto_0_1492650998.html&amp;data=01%7C01%7Cspla%40arquimeagroup.com%7C9908f48478ec4e7c89ea08d8549f61bf%7C49763faeca4c47f28d593cd8a0f16bc1%7C0&amp;sdata=%2FgBi2A60eLj%2FXIbAu7QC0NTPiBZ%2FiWGO%2B0dpsphFp2U%3D&amp;reserved=0\" target=\"_blank\" rel=\"noreferrer noopener\">https:\/\/www.diariodealmeria.es\/economia\/fundacion-andaluza-desarrolla-innovador-exoesqueleto_0_1492650998.html<\/a><br><br><a href=\"https:\/\/eur01.safelinks.protection.outlook.com\/?url=https%3A%2F%2Fwww.huelvainformacion.es%2Feconomia%2Ffundacion-andaluza-desarrolla-innovador-exoesqueleto_0_1492650998.html&amp;data=01%7C01%7Cspla%40arquimeagroup.com%7C9908f48478ec4e7c89ea08d8549f61bf%7C49763faeca4c47f28d593cd8a0f16bc1%7C0&amp;sdata=JckDvu7NhI0rIJpiYKGkyzCe%2FplypZYwoCF81QbYNVI%3D&amp;reserved=0\" target=\"_blank\" rel=\"noreferrer noopener\">https:\/\/www.huelvainformacion.es\/economia\/fundacion-andaluza-desarrolla-innovador-exoesqueleto_0_1492650998.html<\/a><br><br><a href=\"https:\/\/eur01.safelinks.protection.outlook.com\/?url=https%3A%2F%2Fwww.diariodecadiz.es%2Feconomia%2Ffundacion-andaluza-desarrolla-innovador-exoesqueleto_0_1492650998.html&amp;data=01%7C01%7Cspla%40arquimeagroup.com%7C9908f48478ec4e7c89ea08d8549f61bf%7C49763faeca4c47f28d593cd8a0f16bc1%7C0&amp;sdata=caTQUnA9FOj0JF9iK43uW7nWS6kQ9oiSZYsaMnfX4pU%3D&amp;reserved=0\" target=\"_blank\" rel=\"noreferrer noopener\">https:\/\/www.diariodecadiz.es\/economia\/fundacion-andaluza-desarrolla-innovador-exoesqueleto_0_1492650998.html<\/a><br><br><a href=\"https:\/\/eur01.safelinks.protection.outlook.com\/?url=https%3A%2F%2Fwww.diariodejerez.es%2Feconomia%2Ffundacion-andaluza-desarrolla-innovador-exoesqueleto_0_1492650998.html&amp;data=01%7C01%7Cspla%40arquimeagroup.com%7C9908f48478ec4e7c89ea08d8549f61bf%7C49763faeca4c47f28d593cd8a0f16bc1%7C0&amp;sdata=iRfD8ocGksIysUL6LDc%2BWMlQk0ZDO3IKORAH3Qo64s0%3D&amp;reserved=0\" target=\"_blank\" rel=\"noreferrer noopener\">https:\/\/www.diariodejerez.es\/economia\/fundacion-andaluza-desarrolla-innovador-exoesqueleto_0_1492650998.html<\/a><br><br><a href=\"https:\/\/eur01.safelinks.protection.outlook.com\/?url=https%3A%2F%2Fwww.europasur.es%2Feconomia%2Ffundacion-andaluza-desarrolla-innovador-exoesqueleto_0_1492650998.html&amp;data=01%7C01%7Cspla%40arquimeagroup.com%7C9908f48478ec4e7c89ea08d8549f61bf%7C49763faeca4c47f28d593cd8a0f16bc1%7C0&amp;sdata=PgpQmJDA%2BJW7XTp%2B90AqycYmhyriyfxKlQKjXvT2%2B9M%3D&amp;reserved=0\" target=\"_blank\" rel=\"noreferrer noopener\">https:\/\/www.europasur.es\/economia\/fundacion-andaluza-desarrolla-innovador-exoesqueleto_0_1492650998.html<\/a><br><br><a href=\"https:\/\/eur01.safelinks.protection.outlook.com\/?url=https%3A%2F%2Fwww.eldiadecordoba.es%2Feconomia%2Ffundacion-andaluza-desarrolla-innovador-exoesqueleto_0_1492650998.html&amp;data=01%7C01%7Cspla%40arquimeagroup.com%7C9908f48478ec4e7c89ea08d8549f61bf%7C49763faeca4c47f28d593cd8a0f16bc1%7C0&amp;sdata=ABexmqLO1tFPvAoapxw%2BEc%2B%2FWXVSqM58%2BbVo3LBKRXc%3D&amp;reserved=0\" target=\"_blank\" rel=\"noreferrer noopener\">https:\/\/www.eldiadecordoba.es\/economia\/fundacion-andaluza-desarrolla-innovador-exoesqueleto_0_1492650998.html<\/a><br><br><a href=\"https:\/\/eur01.safelinks.protection.outlook.com\/?url=https%3A%2F%2Fwww.malagahoy.es%2Feconomia%2Ffundacion-andaluza-desarrolla-innovador-exoesqueleto_0_1492650998.html&amp;data=01%7C01%7Cspla%40arquimeagroup.com%7C9908f48478ec4e7c89ea08d8549f61bf%7C49763faeca4c47f28d593cd8a0f16bc1%7C0&amp;sdata=7x5vxhmphM2wqfO5IPq%2FcNoh1pce8RjwdmySEq5cWSo%3D&amp;reserved=0\" target=\"_blank\" rel=\"noreferrer noopener\">https:\/\/www.malagahoy.es\/economia\/fundacion-andaluza-desarrolla-innovador-exoesqueleto_0_1492650998.html<\/a><br><br><a href=\"https:\/\/eur01.safelinks.protection.outlook.com\/?url=https%3A%2F%2Fwww.granadahoy.com%2Feconomia%2Ffundacion-andaluza-desarrolla-innovador-exoesqueleto_0_1492650998.html&amp;data=01%7C01%7Cspla%40arquimeagroup.com%7C9908f48478ec4e7c89ea08d8549f61bf%7C49763faeca4c47f28d593cd8a0f16bc1%7C0&amp;sdata=49HANEP5hBm5bZH%2Bh55udziX2hDC%2Foz2lzepo3OtmO8%3D&amp;reserved=0\" target=\"_blank\" rel=\"noreferrer noopener\">https:\/\/www.granadahoy.com\/economia\/fundacion-andaluza-desarrolla-innovador-exoesqueleto_0_1492650998.html<\/a><br><br><a href=\"https:\/\/eur01.safelinks.protection.outlook.com\/?url=https%3A%2F%2Fecodiario.eleconomista.es%2Fespana%2Fnoticias%2F10741711%2F08%2F20%2FDesarrollan-un-exoesqueleto-blando-con-control-inteligente-y-un-70-menos-de-peso-que-los-dispositivos-actuales.html&amp;data=01%7C01%7Cspla%40arquimeagroup.com%7C9908f48478ec4e7c89ea08d8549f61bf%7C49763faeca4c47f28d593cd8a0f16bc1%7C0&amp;sdata=9QNUH9PUpvvQq2q0RoLBxUBPZDBBCD5rbQVLBPXAs3U%3D&amp;reserved=0\" target=\"_blank\" rel=\"noreferrer noopener\">https:\/\/ecodiario.eleconomista.es\/espana\/noticias\/10741711\/08\/20\/Desarrollan-un-exoesqueleto-blando-con-control-inteligente-y-un-70-menos-de-peso-que-los-dispositivos-actuales.html<\/a><br><br><a href=\"https:\/\/eur01.safelinks.protection.outlook.com\/?url=https%3A%2F%2Finnovadores.larazon.es%2Fes%2Fdesarrollan-un-exoesqueleto-con-un-70-menos-de-peso-para-mano-muneca-y-codo%2F&amp;data=01%7C01%7Cspla%40arquimeagroup.com%7C9908f48478ec4e7c89ea08d8549f61bf%7C49763faeca4c47f28d593cd8a0f16bc1%7C0&amp;sdata=woerb1mP4%2FleJuQz07zVDOp4CAzwa%2BlMPG7vm05i4oI%3D&amp;reserved=0\" target=\"_blank\" rel=\"noreferrer noopener\">https:\/\/innovadores.larazon.es\/es\/desarrollan-un-exoesqueleto-con-un-70-menos-de-peso-para-mano-muneca-y-codo\/<\/a><br><br><a href=\"https:\/\/eur01.safelinks.protection.outlook.com\/?url=https%3A%2F%2Fwww.consalud.es%2Ftecnologia%2Favances%2Fdesarrollan-innovador-exoesqueleto-blando-control-inteligente-70-peso_84574_102.html&amp;data=01%7C01%7Cspla%40arquimeagroup.com%7C9908f48478ec4e7c89ea08d8549f61bf%7C49763faeca4c47f28d593cd8a0f16bc1%7C0&amp;sdata=NwnqvRsvhGWx7N9mMYevh9vc2vXxdTjWQing3Z7%2FvO0%3D&amp;reserved=0\" target=\"_blank\" rel=\"noreferrer noopener\">https:\/\/www.consalud.es\/tecnologia\/avances\/desarrollan-innovador-exoesqueleto-blando-control-inteligente-70-peso_84574_102.html<\/a><\/p>\n\n\n\n<p><a href=\"https:\/\/eur01.safelinks.protection.outlook.com\/?url=https%3A%2F%2Fwww.news3edad.com%2F2020%2F09%2F02%2Fdesarrollan-un-innovador-exoesqueleto-blando-dirigido-a-personas-necesitadas-de-rehabilitacion-o-asistencia-con-control-inteligente-y-un-70-menos-de-peso-que-los-dispositivos-actuales%2F&amp;data=01%7C01%7Cspla%40arquimeagroup.com%7C9908f48478ec4e7c89ea08d8549f61bf%7C49763faeca4c47f28d593cd8a0f16bc1%7C0&amp;sdata=GQWOoEqOGU%2F7wMWwMaaLZKKAouaFBSHr90uy6NttfSM%3D&amp;reserved=0\" target=\"_blank\" rel=\"noreferrer noopener\">https:\/\/www.news3edad.com\/2020\/09\/02\/desarrollan-un-innovador-exoesqueleto-blando-dirigido-a-personas-necesitadas-de-rehabilitacion-o-asistencia-con-control-inteligente-y-un-70-menos-de-peso-que-los-dispositivos-actuales\/<\/a><br><br><a href=\"https:\/\/eur01.safelinks.protection.outlook.com\/?url=https%3A%2F%2Ftodofundaciones.es%2F2020%2F08%2F17%2Fla-fundacion-andaluza-cuidar-y-curar-desarrolla-un-innovador-exoesqueleto-blando%2F&amp;data=01%7C01%7Cspla%40arquimeagroup.com%7C9908f48478ec4e7c89ea08d8549f61bf%7C49763faeca4c47f28d593cd8a0f16bc1%7C0&amp;sdata=SXO43iWTo6drLd4QHMKiVT8xZStzFo7Msh5TsQSIFdU%3D&amp;reserved=0\" target=\"_blank\" rel=\"noreferrer noopener\">https:\/\/todofundaciones.es\/2020\/08\/17\/la-fundacion-andaluza-cuidar-y-curar-desarrolla-un-innovador-exoesqueleto-blando\/<\/a><\/p>\n","protected":false},"excerpt":{"rendered":"<p>Un grupo de investigadores est\u00e1 en la \u00faltima fase de desarrollo de un pionero exoesqueleto blando, ligero y con control inteligente, basado [&hellip;]<\/p>\n","protected":false},"author":1,"featured_media":2247,"comment_status":"closed","ping_status":"closed","sticky":false,"template":"post-templates\/post_nosidebar.php","format":"standard","meta":{"footnotes":""},"categories":[],"tags":[],"class_list":["post-2244","post","type-post","status-publish","format-standard","has-post-thumbnail","hentry"],"_links":{"self":[{"href":"https:\/\/www.fundacioncuidarycurar.org\/webfcyc\/wp-json\/wp\/v2\/posts\/2244","targetHints":{"allow":["GET"]}}],"collection":[{"href":"https:\/\/www.fundacioncuidarycurar.org\/webfcyc\/wp-json\/wp\/v2\/posts"}],"about":[{"href":"https:\/\/www.fundacioncuidarycurar.org\/webfcyc\/wp-json\/wp\/v2\/types\/post"}],"author":[{"embeddable":true,"href":"https:\/\/www.fundacioncuidarycurar.org\/webfcyc\/wp-json\/wp\/v2\/users\/1"}],"replies":[{"embeddable":true,"href":"https:\/\/www.fundacioncuidarycurar.org\/webfcyc\/wp-json\/wp\/v2\/comments?post=2244"}],"version-history":[{"count":4,"href":"https:\/\/www.fundacioncuidarycurar.org\/webfcyc\/wp-json\/wp\/v2\/posts\/2244\/revisions"}],"predecessor-version":[{"id":2251,"href":"https:\/\/www.fundacioncuidarycurar.org\/webfcyc\/wp-json\/wp\/v2\/posts\/2244\/revisions\/2251"}],"wp:featuredmedia":[{"embeddable":true,"href":"https:\/\/www.fundacioncuidarycurar.org\/webfcyc\/wp-json\/wp\/v2\/media\/2247"}],"wp:attachment":[{"href":"https:\/\/www.fundacioncuidarycurar.org\/webfcyc\/wp-json\/wp\/v2\/media?parent=2244"}],"wp:term":[{"taxonomy":"category","embeddable":true,"href":"https:\/\/www.fundacioncuidarycurar.org\/webfcyc\/wp-json\/wp\/v2\/categories?post=2244"},{"taxonomy":"post_tag","embeddable":true,"href":"https:\/\/www.fundacioncuidarycurar.org\/webfcyc\/wp-json\/wp\/v2\/tags?post=2244"}],"curies":[{"name":"wp","href":"https:\/\/api.w.org\/{rel}","templated":true}]}}