{"id":2226,"date":"2021-03-01T07:12:00","date_gmt":"2021-03-01T07:12:00","guid":{"rendered":"http:\/\/www.fundacioncuidarycurar.org\/webfcyc\/?p=2226"},"modified":"2021-12-07T08:41:11","modified_gmt":"2021-12-07T08:41:11","slug":"la-fundacion-cuidar-y-curar-lanza-un-ano-mas-su-proyecto-cuida-t","status":"publish","type":"post","link":"https:\/\/www.fundacioncuidarycurar.org\/webfcyc\/2021\/03\/01\/la-fundacion-cuidar-y-curar-lanza-un-ano-mas-su-proyecto-cuida-t\/","title":{"rendered":"La Fundaci\u00f3n Cuidar y Curar lanza un a\u00f1o m\u00e1s su proyecto Cuida-T"},"content":{"rendered":"\n<div class=\"wp-block-columns is-layout-flex wp-container-core-columns-is-layout-28f84493 wp-block-columns-is-layout-flex\">\n<div class=\"wp-block-column is-layout-flow wp-block-column-is-layout-flow\">\n<div class=\"wp-block-image\"><figure class=\"aligncenter size-large is-resized\"><img loading=\"lazy\" decoding=\"async\" src=\"https:\/\/www.fundacioncuidarycurar.org\/webfcyc\/wp-content\/uploads\/2021\/07\/WhatsApp-Image-2021-07-20-at-14.00.38-768x1024.jpeg\" alt=\"\" class=\"wp-image-2237\" width=\"244\" height=\"324\" srcset=\"https:\/\/www.fundacioncuidarycurar.org\/webfcyc\/wp-content\/uploads\/2021\/07\/WhatsApp-Image-2021-07-20-at-14.00.38-768x1024.jpeg 768w, https:\/\/www.fundacioncuidarycurar.org\/webfcyc\/wp-content\/uploads\/2021\/07\/WhatsApp-Image-2021-07-20-at-14.00.38-225x300.jpeg 225w, https:\/\/www.fundacioncuidarycurar.org\/webfcyc\/wp-content\/uploads\/2021\/07\/WhatsApp-Image-2021-07-20-at-14.00.38-1152x1536.jpeg 1152w, https:\/\/www.fundacioncuidarycurar.org\/webfcyc\/wp-content\/uploads\/2021\/07\/WhatsApp-Image-2021-07-20-at-14.00.38-830x1107.jpeg 830w, https:\/\/www.fundacioncuidarycurar.org\/webfcyc\/wp-content\/uploads\/2021\/07\/WhatsApp-Image-2021-07-20-at-14.00.38-480x640.jpeg 480w, https:\/\/www.fundacioncuidarycurar.org\/webfcyc\/wp-content\/uploads\/2021\/07\/WhatsApp-Image-2021-07-20-at-14.00.38.jpeg 1200w\" sizes=\"auto, (max-width: 244px) 100vw, 244px\" \/><\/figure><\/div>\n<\/div>\n\n\n\n<div class=\"wp-block-column is-layout-flow wp-block-column-is-layout-flow\">\n<div class=\"wp-block-image\"><figure class=\"aligncenter size-large is-resized\"><img loading=\"lazy\" decoding=\"async\" src=\"https:\/\/www.fundacioncuidarycurar.org\/webfcyc\/wp-content\/uploads\/2021\/03\/WhatsApp-Image-2021-07-26-at-09.10.28.jpeg\" alt=\"\" class=\"wp-image-2238\" width=\"440\" height=\"330\" srcset=\"https:\/\/www.fundacioncuidarycurar.org\/webfcyc\/wp-content\/uploads\/2021\/03\/WhatsApp-Image-2021-07-26-at-09.10.28.jpeg 1024w, https:\/\/www.fundacioncuidarycurar.org\/webfcyc\/wp-content\/uploads\/2021\/03\/WhatsApp-Image-2021-07-26-at-09.10.28-300x225.jpeg 300w, https:\/\/www.fundacioncuidarycurar.org\/webfcyc\/wp-content\/uploads\/2021\/03\/WhatsApp-Image-2021-07-26-at-09.10.28-768x576.jpeg 768w, https:\/\/www.fundacioncuidarycurar.org\/webfcyc\/wp-content\/uploads\/2021\/03\/WhatsApp-Image-2021-07-26-at-09.10.28-830x623.jpeg 830w, https:\/\/www.fundacioncuidarycurar.org\/webfcyc\/wp-content\/uploads\/2021\/03\/WhatsApp-Image-2021-07-26-at-09.10.28-230x173.jpeg 230w, https:\/\/www.fundacioncuidarycurar.org\/webfcyc\/wp-content\/uploads\/2021\/03\/WhatsApp-Image-2021-07-26-at-09.10.28-350x263.jpeg 350w, https:\/\/www.fundacioncuidarycurar.org\/webfcyc\/wp-content\/uploads\/2021\/03\/WhatsApp-Image-2021-07-26-at-09.10.28-480x360.jpeg 480w\" sizes=\"auto, (max-width: 440px) 100vw, 440px\" \/><\/figure><\/div>\n<\/div>\n<\/div>\n\n\n\n<p><p align=\"justify\"><font color=\"black\">La Fundaci\u00f3n Cuidar y Curar lanza un a\u00f1o m\u00e1s su proyecto Cuida-T en casa, de apoyo en el hogar a personas mayores, fr\u00e1giles y dependientes a trav\u00e9s de un servicio de atenci\u00f3n remota apoyado en las nuevas tecnolog\u00edas.&nbsp;<br><br>Este a\u00f1o el proyecto Cuida-T se amplia para a tender a una poblaci\u00f3n de 120 personas en los municipios de Marmolejo y Andujar en la provincia de Ja\u00e9n, y tambi\u00e9n en el municipio de Dos Hermanas (Sevilla).&nbsp;<br><br>Despues de una primera experiencia exitosa en 2019, el proyecto Cuida-T se llevar\u00e1 de nuevo a cabo este a\u00f1o 2021 ofreciendo sin coste alguno para el ciudadano un esencial servicio de apoyo tanto para as personas mayores como&nbsp;&nbsp;para sus familiares. Este a\u00f1o el proyecto es m\u00e1s innovador que nunca, tanto desde el punto de vista del modelo de atenci\u00f3n, m\u00e1s centrado en la persona y con planes de atenci\u00f3n individualizados, como desde el punto de vista tecnol\u00f3gico ya que se han seleccionado una serie de dispositivo de monitorizaci\u00f3n de la salud y de la actividad en casa que permitir\u00e1n al equipo de profesionales de la Fundaci\u00f3n Cuidar y Curar&nbsp;&nbsp;tener m\u00e1s informaci\u00f3n de las personas lo que permitir\u00e1 la detecci\u00f3n temprana de situaciones de riesgo y por tanto la actuaci\u00f3n de nuestros profesionales, lo que repercutir\u00e1 en una mejor atenci\u00f3n y mejorar calidad de vida.&nbsp;<br><br>Para poder prestar este innovador servicio de apoyo, un a\u00f1o m\u00e1s la Fundaci\u00f3n Cuidar y Curar ha creado un centro de atenci\u00f3n remota sociosanitaria en los respectivos municipios, con sus propias instalaciones y con un equipo espec\u00edfico de profesionales, creando hasta 8 nuevos puestos de trabajo.&nbsp;<br><br>Para la selecci\u00f3n de personas beneficiarias del programa, la fundaci\u00f3n Cuidar y Curar tienes acuerdos de colaboraci\u00f3n firmados con todos los ayuntamientos involucrados para a trav\u00e9s de los servicios sociales municipales detectar aquellas personas en situaci\u00f3n de riesgo y que ser\u00e1n los que mayor beneficio obtengan del programa Cuida -T<br><br>Un a\u00f1o m\u00e1s, la Fundaci\u00f3n Cuidar y Curar cuenta con el apoyo de la Universidad de Ja\u00e9n que colabora tanto en el dise\u00f1o del modelo de atenci\u00f3n como en el an\u00e1lisis de los resultados&nbsp;<br><br>EL programa Cuida-T 2021 cuenta con el apoyo de la Consejer\u00eda de Igualdad, Pol\u00edticas y Sociales y Conciliaci\u00f3n de la&nbsp;&nbsp;Junta de Andaluc\u00eda y ha recibido la subvenci\u00f3n con cargo a la asignaci\u00f3n Tributaria del 0&#8217;7% del impuesto sobre la Renta de personas F\u00edsicas (IRPF) de 2020 con una cantidad de&nbsp;139.805,29 \u20ac<\/p><\/p>\n","protected":false},"excerpt":{"rendered":"<p>La Fundaci\u00f3n Cuidar y Curar lanza un a\u00f1o m\u00e1s su proyecto Cuida-T en casa, de apoyo en el hogar a personas mayores, [&hellip;]<\/p>\n","protected":false},"author":1,"featured_media":2227,"comment_status":"closed","ping_status":"closed","sticky":false,"template":"post-templates\/post_nosidebar.php","format":"standard","meta":{"footnotes":""},"categories":[],"tags":[],"class_list":["post-2226","post","type-post","status-publish","format-standard","has-post-thumbnail","hentry"],"_links":{"self":[{"href":"https:\/\/www.fundacioncuidarycurar.org\/webfcyc\/wp-json\/wp\/v2\/posts\/2226","targetHints":{"allow":["GET"]}}],"collection":[{"href":"https:\/\/www.fundacioncuidarycurar.org\/webfcyc\/wp-json\/wp\/v2\/posts"}],"about":[{"href":"https:\/\/www.fundacioncuidarycurar.org\/webfcyc\/wp-json\/wp\/v2\/types\/post"}],"author":[{"embeddable":true,"href":"https:\/\/www.fundacioncuidarycurar.org\/webfcyc\/wp-json\/wp\/v2\/users\/1"}],"replies":[{"embeddable":true,"href":"https:\/\/www.fundacioncuidarycurar.org\/webfcyc\/wp-json\/wp\/v2\/comments?post=2226"}],"version-history":[{"count":8,"href":"https:\/\/www.fundacioncuidarycurar.org\/webfcyc\/wp-json\/wp\/v2\/posts\/2226\/revisions"}],"predecessor-version":[{"id":2695,"href":"https:\/\/www.fundacioncuidarycurar.org\/webfcyc\/wp-json\/wp\/v2\/posts\/2226\/revisions\/2695"}],"wp:featuredmedia":[{"embeddable":true,"href":"https:\/\/www.fundacioncuidarycurar.org\/webfcyc\/wp-json\/wp\/v2\/media\/2227"}],"wp:attachment":[{"href":"https:\/\/www.fundacioncuidarycurar.org\/webfcyc\/wp-json\/wp\/v2\/media?parent=2226"}],"wp:term":[{"taxonomy":"category","embeddable":true,"href":"https:\/\/www.fundacioncuidarycurar.org\/webfcyc\/wp-json\/wp\/v2\/categories?post=2226"},{"taxonomy":"post_tag","embeddable":true,"href":"https:\/\/www.fundacioncuidarycurar.org\/webfcyc\/wp-json\/wp\/v2\/tags?post=2226"}],"curies":[{"name":"wp","href":"https:\/\/api.w.org\/{rel}","templated":true}]}}