{"id":2178,"date":"2019-01-02T07:48:00","date_gmt":"2019-01-02T07:48:00","guid":{"rendered":"http:\/\/www.fundacioncuidarycurar.org\/webfcyc\/?p=2178"},"modified":"2021-12-07T08:44:05","modified_gmt":"2021-12-07T08:44:05","slug":"la-fundacion-cuidar-y-curar-pone-en-marcha-el-proyecto-cuidat","status":"publish","type":"post","link":"https:\/\/www.fundacioncuidarycurar.org\/webfcyc\/2019\/01\/02\/la-fundacion-cuidar-y-curar-pone-en-marcha-el-proyecto-cuidat\/","title":{"rendered":"La Fundaci\u00f3n Cuidar y Curar pone en marcha el proyecto CuidaT"},"content":{"rendered":"\n<p align=\"justify\"><font color=\"black\">El proyecto CuidaT fue seleccionado por la Consejer\u00eda de Igualdad y Pol\u00edticas Sociales de la Junta de Andaluc\u00eda en la concesi\u00f3n de subvenciones para llevar a cabo actuaciones con fines de inter\u00e9s social con fines de inter\u00e9s social con un importe de 26.956,55 \u20ac.<\/p>\n\n\n\n<p><p align=\"justify\" \"=\"\"><font color=\"black\">El proyecto consiste en la Implantaci\u00f3n de un Sistema de Telemedicina domiciliario para la atenci\u00f3n al paciente con enfermedades cr\u00f3nicas en el municipio Marmolejo desde el Centro Sociosanitario Los Leones. En dicho proyecto colaboran tambi\u00e9n la Unidad de Gesti\u00f3n Cl\u00ednica del SSPA de Andujar con su Directora Josefa Garc\u00eda Blanco al frente del proyecto, la&nbsp; Universidad de Ja\u00e9n a trav\u00e9s del departamento de Ciencias de la Salud y el Ayuntamiento de Marmolejo. Los investigadores de estas organizaciones destacan que frente al reto de la cronicidad y el envejecimiento, las nuevas tecnolog\u00edas ofrecen muy diversas herramientas que pueden mejorar la calidad de vida de las personas de muchas maneras, entre ellas educando al paciente y empoder\u00e1ndolo para un mejor manejo de su enfermedad, teniendo un efecto directo en su estado de salud.<\/p><\/p>\n\n\n\n<p><p align=\"justify\"><font color=\"black\">En palabras del director asistencial de la Fundaci\u00f3n Cuidar y Curar,&nbsp; -entre las prioridades de la organizaci\u00f3n est\u00e1n dise\u00f1ar, promover, incentivar y colaborar en proyectos de investigaci\u00f3n,&nbsp;estudios, acciones asistenciales y de formaci\u00f3n que redunden en la mejora de la calidad de vida de las personas que se encuentren en situaci\u00f3n de dependencia, discapacidad, cronicidad u otras circunstancias sociales de fragilidad. Dentro de nuestra estrategia de I+D+i, la implementaci\u00f3n de nuevos servicios de telemedicina es uno de nuestros objetivos-.<\/p><\/p>\n\n\n\n<figure class=\"wp-block-image size-large\"><img loading=\"lazy\" decoding=\"async\" width=\"1024\" height=\"576\" src=\"https:\/\/www.fundacioncuidarycurar.org\/webfcyc\/wp-content\/uploads\/2021\/07\/Attachment-1024x576.jpeg\" alt=\"\" class=\"wp-image-2198\" srcset=\"https:\/\/www.fundacioncuidarycurar.org\/webfcyc\/wp-content\/uploads\/2021\/07\/Attachment-1024x576.jpeg 1024w, https:\/\/www.fundacioncuidarycurar.org\/webfcyc\/wp-content\/uploads\/2021\/07\/Attachment-300x169.jpeg 300w, https:\/\/www.fundacioncuidarycurar.org\/webfcyc\/wp-content\/uploads\/2021\/07\/Attachment-768x432.jpeg 768w, https:\/\/www.fundacioncuidarycurar.org\/webfcyc\/wp-content\/uploads\/2021\/07\/Attachment-1536x864.jpeg 1536w, https:\/\/www.fundacioncuidarycurar.org\/webfcyc\/wp-content\/uploads\/2021\/07\/Attachment-830x467.jpeg 830w, https:\/\/www.fundacioncuidarycurar.org\/webfcyc\/wp-content\/uploads\/2021\/07\/Attachment-230x129.jpeg 230w, https:\/\/www.fundacioncuidarycurar.org\/webfcyc\/wp-content\/uploads\/2021\/07\/Attachment-350x197.jpeg 350w, https:\/\/www.fundacioncuidarycurar.org\/webfcyc\/wp-content\/uploads\/2021\/07\/Attachment-480x270.jpeg 480w, https:\/\/www.fundacioncuidarycurar.org\/webfcyc\/wp-content\/uploads\/2021\/07\/Attachment.jpeg 1920w\" sizes=\"auto, (max-width: 1024px) 100vw, 1024px\" \/><\/figure>\n","protected":false},"excerpt":{"rendered":"<p>El proyecto CuidaT fue seleccionado por la Consejer\u00eda de Igualdad y Pol\u00edticas Sociales de la Junta de Andaluc\u00eda en la concesi\u00f3n de [&hellip;]<\/p>\n","protected":false},"author":1,"featured_media":2182,"comment_status":"closed","ping_status":"closed","sticky":false,"template":"post-templates\/post_nosidebar.php","format":"standard","meta":{"footnotes":""},"categories":[],"tags":[],"class_list":["post-2178","post","type-post","status-publish","format-standard","has-post-thumbnail","hentry"],"_links":{"self":[{"href":"https:\/\/www.fundacioncuidarycurar.org\/webfcyc\/wp-json\/wp\/v2\/posts\/2178","targetHints":{"allow":["GET"]}}],"collection":[{"href":"https:\/\/www.fundacioncuidarycurar.org\/webfcyc\/wp-json\/wp\/v2\/posts"}],"about":[{"href":"https:\/\/www.fundacioncuidarycurar.org\/webfcyc\/wp-json\/wp\/v2\/types\/post"}],"author":[{"embeddable":true,"href":"https:\/\/www.fundacioncuidarycurar.org\/webfcyc\/wp-json\/wp\/v2\/users\/1"}],"replies":[{"embeddable":true,"href":"https:\/\/www.fundacioncuidarycurar.org\/webfcyc\/wp-json\/wp\/v2\/comments?post=2178"}],"version-history":[{"count":17,"href":"https:\/\/www.fundacioncuidarycurar.org\/webfcyc\/wp-json\/wp\/v2\/posts\/2178\/revisions"}],"predecessor-version":[{"id":2700,"href":"https:\/\/www.fundacioncuidarycurar.org\/webfcyc\/wp-json\/wp\/v2\/posts\/2178\/revisions\/2700"}],"wp:featuredmedia":[{"embeddable":true,"href":"https:\/\/www.fundacioncuidarycurar.org\/webfcyc\/wp-json\/wp\/v2\/media\/2182"}],"wp:attachment":[{"href":"https:\/\/www.fundacioncuidarycurar.org\/webfcyc\/wp-json\/wp\/v2\/media?parent=2178"}],"wp:term":[{"taxonomy":"category","embeddable":true,"href":"https:\/\/www.fundacioncuidarycurar.org\/webfcyc\/wp-json\/wp\/v2\/categories?post=2178"},{"taxonomy":"post_tag","embeddable":true,"href":"https:\/\/www.fundacioncuidarycurar.org\/webfcyc\/wp-json\/wp\/v2\/tags?post=2178"}],"curies":[{"name":"wp","href":"https:\/\/api.w.org\/{rel}","templated":true}]}}