{"id":1966,"date":"2021-06-07T08:04:00","date_gmt":"2021-06-07T08:04:00","guid":{"rendered":"http:\/\/www.fundacioncuidarycurar.org\/webfcyc\/?p=1966"},"modified":"2021-12-07T08:40:43","modified_gmt":"2021-12-07T08:40:43","slug":"rocio-ruiz-consejera-de-igualdad-politicas-sociales-y-conciliacion-visita-la-residencia-para-personas-mayores-san-rafael-de-dos-hermanas","status":"publish","type":"post","link":"https:\/\/www.fundacioncuidarycurar.org\/webfcyc\/2021\/06\/07\/rocio-ruiz-consejera-de-igualdad-politicas-sociales-y-conciliacion-visita-la-residencia-para-personas-mayores-san-rafael-de-dos-hermanas\/","title":{"rendered":"Roc\u00edo Ruiz, Consejera de Igualdad, Pol\u00edticas Sociales y Conciliaci\u00f3n, visita la Residencia para Personas Mayores San Rafael de Dos Hermanas."},"content":{"rendered":"\n<figure class=\"wp-block-image size-large is-resized\"><div style=\"text-align: justify;\"><figcaption><font color=\"black\"><br>Roc\u00edo Ruiz, Consejera de Igualdad, Pol\u00edticas Sociales y Conciliaci\u00f3n, visita la Residencia para Personas Mayores San Rafael de Dos Hermanas. El proyecto de adecuaci\u00f3n funcional y ampliaci\u00f3n del Centro, que comenz\u00f3 en 2018 y se encuentra en un estado de ejecuci\u00f3n avanzado, permitir\u00e1 acoger m\u00e1s del centenar de residentes. La Junta de Andaluc\u00eda, a trav\u00e9s de subvenciones con cargo a la asignaci\u00f3n Tributaria del 0&#8217;7% del impuesto sobre la Renta de personas F\u00edsicas (IRPF), ha aportado 934.579 \u20acuros de una inversi\u00f3n total aproximada de 3 millones de \u20acuros.<\/figcaption><\/div><\/figure>\n","protected":false},"excerpt":{"rendered":"<p>Roc\u00edo Ruiz, Consejera de Igualdad, Pol\u00edticas Sociales y Conciliaci\u00f3n, visita la Residencia para Personas Mayores San Rafael de Dos Hermanas. El proyecto [&hellip;]<\/p>\n","protected":false},"author":1,"featured_media":1967,"comment_status":"closed","ping_status":"closed","sticky":false,"template":"post-templates\/post_nosidebar.php","format":"standard","meta":{"footnotes":""},"categories":[],"tags":[],"class_list":["post-1966","post","type-post","status-publish","format-standard","has-post-thumbnail","hentry"],"_links":{"self":[{"href":"https:\/\/www.fundacioncuidarycurar.org\/webfcyc\/wp-json\/wp\/v2\/posts\/1966","targetHints":{"allow":["GET"]}}],"collection":[{"href":"https:\/\/www.fundacioncuidarycurar.org\/webfcyc\/wp-json\/wp\/v2\/posts"}],"about":[{"href":"https:\/\/www.fundacioncuidarycurar.org\/webfcyc\/wp-json\/wp\/v2\/types\/post"}],"author":[{"embeddable":true,"href":"https:\/\/www.fundacioncuidarycurar.org\/webfcyc\/wp-json\/wp\/v2\/users\/1"}],"replies":[{"embeddable":true,"href":"https:\/\/www.fundacioncuidarycurar.org\/webfcyc\/wp-json\/wp\/v2\/comments?post=1966"}],"version-history":[{"count":11,"href":"https:\/\/www.fundacioncuidarycurar.org\/webfcyc\/wp-json\/wp\/v2\/posts\/1966\/revisions"}],"predecessor-version":[{"id":2693,"href":"https:\/\/www.fundacioncuidarycurar.org\/webfcyc\/wp-json\/wp\/v2\/posts\/1966\/revisions\/2693"}],"wp:featuredmedia":[{"embeddable":true,"href":"https:\/\/www.fundacioncuidarycurar.org\/webfcyc\/wp-json\/wp\/v2\/media\/1967"}],"wp:attachment":[{"href":"https:\/\/www.fundacioncuidarycurar.org\/webfcyc\/wp-json\/wp\/v2\/media?parent=1966"}],"wp:term":[{"taxonomy":"category","embeddable":true,"href":"https:\/\/www.fundacioncuidarycurar.org\/webfcyc\/wp-json\/wp\/v2\/categories?post=1966"},{"taxonomy":"post_tag","embeddable":true,"href":"https:\/\/www.fundacioncuidarycurar.org\/webfcyc\/wp-json\/wp\/v2\/tags?post=1966"}],"curies":[{"name":"wp","href":"https:\/\/api.w.org\/{rel}","templated":true}]}}