{"id":1882,"date":"2019-01-20T17:12:06","date_gmt":"2019-01-20T17:12:06","guid":{"rendered":"http:\/\/www.fundacioncuidarycurar.org\/webfcyc\/?p=1882"},"modified":"2019-01-20T17:15:28","modified_gmt":"2019-01-20T17:15:28","slug":"bienvenido","status":"publish","type":"post","link":"https:\/\/www.fundacioncuidarycurar.org\/webfcyc\/2019\/01\/20\/bienvenido\/","title":{"rendered":"\u00a1Bienvenido!"},"content":{"rendered":"<p>\u00a1Bienvenido al blog de la Fundaci\u00f3n Cuidar y Curar!<\/p>\n<p>A partir de ahora publicaremos aqu\u00ed todas las nuevas noticias de la Fundaci\u00f3n.<\/p>\n<p>Un saludo<\/p>\n","protected":false},"excerpt":{"rendered":"<p>\u00a1Bienvenido al blog de la Fundaci\u00f3n Cuidar y Curar! A partir de ahora publicaremos aqu\u00ed todas las nuevas noticias de la Fundaci\u00f3n. [&hellip;]<\/p>\n","protected":false},"author":1,"featured_media":0,"comment_status":"open","ping_status":"open","sticky":false,"template":"","format":"standard","meta":{"footnotes":""},"categories":[18],"tags":[],"class_list":["post-1882","post","type-post","status-publish","format-standard","hentry","category-fundacion-cuidar-y-curar"],"_links":{"self":[{"href":"https:\/\/www.fundacioncuidarycurar.org\/webfcyc\/wp-json\/wp\/v2\/posts\/1882","targetHints":{"allow":["GET"]}}],"collection":[{"href":"https:\/\/www.fundacioncuidarycurar.org\/webfcyc\/wp-json\/wp\/v2\/posts"}],"about":[{"href":"https:\/\/www.fundacioncuidarycurar.org\/webfcyc\/wp-json\/wp\/v2\/types\/post"}],"author":[{"embeddable":true,"href":"https:\/\/www.fundacioncuidarycurar.org\/webfcyc\/wp-json\/wp\/v2\/users\/1"}],"replies":[{"embeddable":true,"href":"https:\/\/www.fundacioncuidarycurar.org\/webfcyc\/wp-json\/wp\/v2\/comments?post=1882"}],"version-history":[{"count":1,"href":"https:\/\/www.fundacioncuidarycurar.org\/webfcyc\/wp-json\/wp\/v2\/posts\/1882\/revisions"}],"predecessor-version":[{"id":1883,"href":"https:\/\/www.fundacioncuidarycurar.org\/webfcyc\/wp-json\/wp\/v2\/posts\/1882\/revisions\/1883"}],"wp:attachment":[{"href":"https:\/\/www.fundacioncuidarycurar.org\/webfcyc\/wp-json\/wp\/v2\/media?parent=1882"}],"wp:term":[{"taxonomy":"category","embeddable":true,"href":"https:\/\/www.fundacioncuidarycurar.org\/webfcyc\/wp-json\/wp\/v2\/categories?post=1882"},{"taxonomy":"post_tag","embeddable":true,"href":"https:\/\/www.fundacioncuidarycurar.org\/webfcyc\/wp-json\/wp\/v2\/tags?post=1882"}],"curies":[{"name":"wp","href":"https:\/\/api.w.org\/{rel}","templated":true}]}}